{"id":11628,"date":"2013-01-09T12:30:55","date_gmt":"2013-01-09T15:30:55","guid":{"rendered":"http:\/\/www.24baires.com\/?p=11628"},"modified":"2013-01-09T18:45:30","modified_gmt":"2013-01-09T21:45:30","slug":"ya-esta-todo-listo-para-recibir-a-la-fragata-libertad","status":"publish","type":"post","link":"https:\/\/www.24baires.com\/?p=11628","title":{"rendered":"Ya est\u00e1 todo listo para recibir a la Fragata Libertad"},"content":{"rendered":"<p><a href=\"http:\/\/www.24baires.com\/sociedad\/9225-vuelve-a-argentina-la-fragata-libertad\/attachment\/fragata-libertad_4\/\" rel=\"attachment wp-att-9228\"><img data-recalc-dims=\"1\" loading=\"lazy\" decoding=\"async\" class=\"aligncenter size-full wp-image-9228\" alt=\"fragata-libertad_4\" src=\"https:\/\/i0.wp.com\/www.24baires.com\/wp-content\/uploads\/2012\/12\/fragata-libertad_4.jpg?resize=560%2C314\" width=\"560\" height=\"314\" srcset=\"https:\/\/i0.wp.com\/www.24baires.com\/wp-content\/uploads\/2012\/12\/fragata-libertad_4.jpg?w=560&amp;ssl=1 560w, https:\/\/i0.wp.com\/www.24baires.com\/wp-content\/uploads\/2012\/12\/fragata-libertad_4.jpg?resize=300%2C168&amp;ssl=1 300w\" sizes=\"auto, (max-width: 560px) 100vw, 560px\" \/><\/a>Con sol a pleno y un mar que se presenta como un espejo de agua, la ciudad ya est\u00e1 lista para la gran recepci\u00f3n de la Fragata Libertad, que est\u00e1 aguardando anclada a 9 kil\u00f3metros de la costa.<!--more--><br \/>\nDesde Prefectura y el Consorcio Portuario Regional manifestaron que el puerto de Mar del Plata ya est\u00e1 acondicionado para recibir con todos sus honores al buque insignia de la Armada que estuvo retenido en Ghana por una presentaci\u00f3n de fondos buitre.<\/p>\n<p>Al mismo tiempo, los clubes n\u00e1uticos dise\u00f1aron el operativo para la recepci\u00f3n del buque, indic\u00f3 la presidenta del Club N\u00e1utico Mar del Plata, Susana Salerno.<\/p>\n<p>\u00abYa est\u00e1n alistado m\u00e1s de un centenar de embarcaciones de distintos tama\u00f1os que formar\u00e1n parte de la `caravana\u00b4 que acompa\u00f1ar\u00e1 a la fragata en su ingreso al puerto de Mar del Plata\u00bb, destac\u00f3 Salerno.<\/p>\n<p>Por su parte, la municipalidad de Mar del Plata inform\u00f3 que con motivo del arribo de la Fragata Libertad, se estableci\u00f3 para hoy un cronograma de corte vehicular en el Boulevard Mar\u00edtimo, en el trayecto que comprende el frente de la Base Naval.<\/p>\n<p>El tramo que va de norte a sur est\u00e1 habilitado hasta las 14 y, a partir de ese momento, se dispondr\u00e1 un corte vehicular a la altura de la rotonda del Golf, por lo que los autos ser\u00e1n desviados por calle Formosa.<\/p>\n<p>\u00abSugerimos a los automovilistas que giren a la derecha cuando circulen por el Boulevard Mar\u00edtimo Patricio Peralta Ramos rumbo al sur en calles anteriores, como Quintana o Roca. La \u00faltima posibilidad de giro ser\u00e1 la calle Formosa\u201d, explic\u00f3 el subsecretario de Control, Adri\u00e1n Alveolite.<\/p>\n<p>Por otra parte, la circulaci\u00f3n en ese mismo trayecto de la Base Naval, pero de sur a norte, est\u00e1 interrumpida desde las 8 a la altura de avenida Juan B. Justo, mientras que el circuito que comprende la circulaci\u00f3n por la calle de acceso a los clubes n\u00e1uticos tambi\u00e9n se encuentra cerrado al tr\u00e1nsito vehicular.<\/p>\n<p>&nbsp;<\/p>\n<p>&nbsp;<\/p>\n<p>&nbsp;<\/p>\n<p>&nbsp;<\/p>\n<p>&nbsp;<\/p>\n<p>&nbsp;<\/p>\n<p>&nbsp;<\/p>\n<p>&nbsp;<\/p>\n<p>&nbsp;<\/p>\n<p>&nbsp;<\/p>\n<p>&nbsp;<\/p>\n<p>&nbsp;<\/p>\n<p>&nbsp;<\/p>\n<p>&nbsp;<\/p>\n<p>&nbsp;<\/p>\n<p>&nbsp;<\/p>\n<p>&nbsp;<\/p>\n<p>&nbsp;<\/p>\n<p>&nbsp;<\/p>\n<p>&nbsp;<\/p>\n<p>&nbsp;<\/p>\n<p>&nbsp;<\/p>\n<p>&nbsp;<\/p>\n<p>&nbsp;<\/p>\n<p>&nbsp;<\/p>\n<p>&nbsp;<\/p>\n","protected":false},"excerpt":{"rendered":"<p>Con sol a pleno y un mar que se presenta como un espejo de agua, la ciudad ya est\u00e1 lista para la gran recepci\u00f3n de la Fragata Libertad, que est\u00e1 aguardando anclada a 9 kil\u00f3metros de la costa.<\/p>\n","protected":false},"author":4,"featured_media":0,"comment_status":"open","ping_status":"open","sticky":false,"template":"","format":"standard","meta":{"_jetpack_newsletter_access":"","_jetpack_dont_email_post_to_subs":false,"_jetpack_newsletter_tier_id":0,"_jetpack_memberships_contains_paywalled_content":false,"_jetpack_memberships_contains_paid_content":false,"footnotes":""},"categories":[1],"tags":[],"class_list":["post-11628","post","type-post","status-publish","format-standard","hentry","category-sociedad"],"jetpack_featured_media_url":"","jetpack_shortlink":"https:\/\/wp.me\/p2JWE0-31y","jetpack-related-posts":[{"id":11362,"url":"https:\/\/www.24baires.com\/?p=11362","url_meta":{"origin":11628,"position":0},"title":"Llegada de la Fragata: la Presidenta encabezar\u00e1 el acto de recibimiento","author":"AF","date":"06\/01\/2013","format":false,"excerpt":"MAR DEL PLATA - Cristina Fern\u00e1ndez de Kirchner encabezar\u00e1 el mi\u00e9rcoles 9 el acto de recibimiento a la Fragata ARA Libertad que arribar\u00e1 al puerto de Mar del Plata procedente de Ghana. Los detalles de c\u00f3mo ser\u00e1 la recepci\u00f3n de la embarcaci\u00f3n insignia de la armada argentina se terminar\u00e1n de\u2026","rel":"","context":"En \u00abSociedad\u00bb","block_context":{"text":"Sociedad","link":"https:\/\/www.24baires.com\/?cat=1"},"img":{"alt_text":"c fern\u00e1ndez","src":"https:\/\/i0.wp.com\/www.24baires.com\/wp-content\/uploads\/2012\/12\/c-fern%C3%A1ndez.jpg?resize=350%2C200","width":350,"height":200},"classes":[]},{"id":11284,"url":"https:\/\/www.24baires.com\/?p=11284","url_meta":{"origin":11628,"position":1},"title":"Gran expectativa entre turistas por la llegada de la Fragata Libertad a costas argentinas","author":"AF","date":"05\/01\/2013","format":false,"excerpt":"MAR DEL PLATA - El buque insignia de la Armada, que amarrar\u00e1 el 9 de enero en la Base Naval de Mar del Plata, ha captado el inter\u00e9s de miles de turistas que desean ver de cerca la embarcaci\u00f3n luego de que permaneciera retenida en Ghana. Turistas que pasan sus\u2026","rel":"","context":"En \u00abSociedad\u00bb","block_context":{"text":"Sociedad","link":"https:\/\/www.24baires.com\/?cat=1"},"img":{"alt_text":"fragata libertad","src":"https:\/\/i0.wp.com\/www.24baires.com\/wp-content\/uploads\/2012\/12\/fragata-libertad.jpg?resize=350%2C200","width":350,"height":200},"classes":[]},{"id":10949,"url":"https:\/\/www.24baires.com\/?p=10949","url_meta":{"origin":11628,"position":2},"title":"La Fragata Libertad se acerca a Mar del Plata y comienzan los preparativos para recibirla","author":"AF","date":"02\/01\/2013","format":false,"excerpt":"El buque, que regresa a la Argentina luego de estar retenida en Ghana por un presentaci\u00f3n judicial del fondos buitre, navega a una velocidad de ocho nudos y pasar\u00e1 este mi\u00e9rcoles por la ciudad brasile\u00f1a de R\u00edo de Janeiro. Seg\u00fan inform\u00f3 el Ministerio de Defensa, la Fragata ARA Libertad navega\u2026","rel":"","context":"En \u00abSociedad\u00bb","block_context":{"text":"Sociedad","link":"https:\/\/www.24baires.com\/?cat=1"},"img":{"alt_text":"fragata libertad","src":"https:\/\/i0.wp.com\/www.24baires.com\/wp-content\/uploads\/2012\/12\/fragata-libertad.jpg?resize=350%2C200","width":350,"height":200},"classes":[]},{"id":11524,"url":"https:\/\/www.24baires.com\/?p=11524","url_meta":{"origin":11628,"position":3},"title":"La Fragata Libertad ya est\u00e1 a nueve kil\u00f3metros de Mar del Plata","author":"AF","date":"08\/01\/2013","format":false,"excerpt":"El corresponsal naval de la Armada, Oscar Filippi, adelant\u00f3 que la Fragata Libertad ya \u201cse encuentra frente a la ciudad de Mar del Plata, a unos 9 kil\u00f3metros de la costa\u201d. Filippi, quien cumple destino en el Area Naval Atl\u00e1ntica, Base Naval Mar del Plata, asegur\u00f3 que \"ya se est\u00e1\u2026","rel":"","context":"En \u00abSociedad\u00bb","block_context":{"text":"Sociedad","link":"https:\/\/www.24baires.com\/?cat=1"},"img":{"alt_text":"fragata libertad","src":"https:\/\/i0.wp.com\/www.24baires.com\/wp-content\/uploads\/2012\/12\/fragata-libertad.jpg?resize=350%2C200","width":350,"height":200,"srcset":"https:\/\/i0.wp.com\/www.24baires.com\/wp-content\/uploads\/2012\/12\/fragata-libertad.jpg?resize=350%2C200 1x, https:\/\/i0.wp.com\/www.24baires.com\/wp-content\/uploads\/2012\/12\/fragata-libertad.jpg?resize=525%2C300 1.5x"},"classes":[]},{"id":10813,"url":"https:\/\/www.24baires.com\/?p=10813","url_meta":{"origin":11628,"position":4},"title":"La Fragata Libertad, cada vez m\u00e1s cerca de Mar del Plata","author":"AF","date":"29\/12\/2012","format":false,"excerpt":"La Fragata Libertad, buque escuela de la Armada Argentina, se encuentra este s\u00e1bado navegando a la altura de la ciudad brasile\u00f1a de Salvador de Bah\u00eda, a unos 1.350 kil\u00f3metros de la costa, continuando el derrotero que la llevar\u00e1 a arribar el pr\u00f3ximo nueve de enero al puerto de Mar del\u2026","rel":"","context":"En \u00abSociedad\u00bb","block_context":{"text":"Sociedad","link":"https:\/\/www.24baires.com\/?cat=1"},"img":{"alt_text":"fragata libertad","src":"https:\/\/i0.wp.com\/www.24baires.com\/wp-content\/uploads\/2012\/12\/fragata-libertad.jpg?resize=350%2C200","width":350,"height":200},"classes":[]},{"id":11455,"url":"https:\/\/www.24baires.com\/?p=11455","url_meta":{"origin":11628,"position":5},"title":"Ya navega en aguas argentinas la Fragata Libertad","author":"Grupo Sierra","date":"07\/01\/2013","format":false,"excerpt":"La cartera de Defensa, que encabeza Arturo Puricelli, precis\u00f3 que la Fragata Libertad a las 03.32 de la madrugada de hoy cruz\u00f3 el l\u00edmite lateral mar\u00edtimo e ingres\u00f3 en aguas de jurisdicci\u00f3n argentina. Reiter\u00f3 que se espera su arribo a la Base Naval Mar del Plata el mi\u00e9rcoles a la\u2026","rel":"","context":"En \u00abSociedad\u00bb","block_context":{"text":"Sociedad","link":"https:\/\/www.24baires.com\/?cat=1"},"img":{"alt_text":"fragata libertad","src":"https:\/\/i0.wp.com\/www.24baires.com\/wp-content\/uploads\/2012\/12\/fragata-libertad.jpg?resize=350%2C200","width":350,"height":200,"srcset":"https:\/\/i0.wp.com\/www.24baires.com\/wp-content\/uploads\/2012\/12\/fragata-libertad.jpg?resize=350%2C200 1x, https:\/\/i0.wp.com\/www.24baires.com\/wp-content\/uploads\/2012\/12\/fragata-libertad.jpg?resize=525%2C300 1.5x"},"classes":[]}],"jetpack_sharing_enabled":true,"jetpack_likes_enabled":true,"_links":{"self":[{"href":"https:\/\/www.24baires.com\/index.php?rest_route=\/wp\/v2\/posts\/11628","targetHints":{"allow":["GET"]}}],"collection":[{"href":"https:\/\/www.24baires.com\/index.php?rest_route=\/wp\/v2\/posts"}],"about":[{"href":"https:\/\/www.24baires.com\/index.php?rest_route=\/wp\/v2\/types\/post"}],"author":[{"embeddable":true,"href":"https:\/\/www.24baires.com\/index.php?rest_route=\/wp\/v2\/users\/4"}],"replies":[{"embeddable":true,"href":"https:\/\/www.24baires.com\/index.php?rest_route=%2Fwp%2Fv2%2Fcomments&post=11628"}],"version-history":[{"count":3,"href":"https:\/\/www.24baires.com\/index.php?rest_route=\/wp\/v2\/posts\/11628\/revisions"}],"predecessor-version":[{"id":11658,"href":"https:\/\/www.24baires.com\/index.php?rest_route=\/wp\/v2\/posts\/11628\/revisions\/11658"}],"wp:attachment":[{"href":"https:\/\/www.24baires.com\/index.php?rest_route=%2Fwp%2Fv2%2Fmedia&parent=11628"}],"wp:term":[{"taxonomy":"category","embeddable":true,"href":"https:\/\/www.24baires.com\/index.php?rest_route=%2Fwp%2Fv2%2Fcategories&post=11628"},{"taxonomy":"post_tag","embeddable":true,"href":"https:\/\/www.24baires.com\/index.php?rest_route=%2Fwp%2Fv2%2Ftags&post=11628"}],"curies":[{"name":"wp","href":"https:\/\/api.w.org\/{rel}","templated":true}]}}