{"id":116258,"date":"2020-09-17T11:30:45","date_gmt":"2020-09-17T14:30:45","guid":{"rendered":"http:\/\/www.24baires.com\/?p=116258"},"modified":"2020-09-17T10:28:16","modified_gmt":"2020-09-17T13:28:16","slug":"el-indice-de-precios-al-consumidor-aumento-27-en-agosto","status":"publish","type":"post","link":"https:\/\/www.24baires.com\/?p=116258","title":{"rendered":"El \u00cdndice de Precios al Consumidor aument\u00f3 2,7% en agosto"},"content":{"rendered":"<p><img data-recalc-dims=\"1\" loading=\"lazy\" decoding=\"async\" src=\"https:\/\/i0.wp.com\/www.24baires.com\/wp-content\/uploads\/2018\/08\/supermercado.jpg?resize=560%2C313\" alt=\"\" width=\"560\" height=\"313\" class=\"aligncenter size-full wp-image-103910\" srcset=\"https:\/\/i0.wp.com\/www.24baires.com\/wp-content\/uploads\/2018\/08\/supermercado.jpg?w=560&amp;ssl=1 560w, https:\/\/i0.wp.com\/www.24baires.com\/wp-content\/uploads\/2018\/08\/supermercado.jpg?resize=300%2C168&amp;ssl=1 300w\" sizes=\"auto, (max-width: 560px) 100vw, 560px\" \/>El Indec afirm\u00f3 que el \u00cdndice de Precios al Consumidor contiene una inflaci\u00f3n minorista que es de 40,7% en los \u00faltimos doce meses.<\/p>\n<p>El Instituto Nacional de Estad\u00edstica y Censos (Indec) difundi\u00f3 que el \u00edndice de Precios al Consumidor (IPC-Costo de Vida) aument\u00f3 durante agosto 2,7%. De esta manera, la inflaci\u00f3n minorista alcanz\u00f3 al 18,9% en lo que va del a\u00f1o y al 40,7% en los \u00faltimos doce meses.<\/p>\n<p>El Indec asegur\u00f3 que el \u00edndice de Precios Mayoristas aument\u00f3 durante agosto el 4,1%, para sumar el 14,7% en lo que va del a\u00f1o y el 35,3% en relaci\u00f3n a igual mes del a\u00f1o pasado. En tanto, el Costo de la Construcci\u00f3n subi\u00f3 el 2,5% en el mes, 15,2% en lo que va del a\u00f1o, y 33,45 en los \u00faltimos doce meses, inform\u00f3 el organismo.<\/p>\n<p>En lo que hace al mes pasado la suba del 2,7%, result\u00f3 superior al 1,9% de julio y la mayor desde el 3,3% registrado en marzo.<\/p>\n<p>En cuanto a la variaci\u00f3n de precios, el rubro Alimentos y bebidas no alcoh\u00f3licas fue uno de los que mostr\u00f3 la mayor suba e incidencia en agosto, con un incremento del 3,5%.<\/p>\n<p>Los aumentos observados en verduras, tub\u00e9rculos y legumbres; Frutas; Caf\u00e9, t\u00e9, yerba y cacao; Aguas minerales, bebidas gaseosas y jugos; y Carnes y derivados explican la mayor parte del incremento.<\/p>\n","protected":false},"excerpt":{"rendered":"<p>El Indec afirm\u00f3 que el \u00cdndice de Precios al Consumidor contiene una inflaci\u00f3n minorista que es de 40,7% en los \u00faltimos doce meses. El Instituto Nacional de Estad\u00edstica y Censos (Indec) difundi\u00f3 que el \u00edndice de Precios al Consumidor (IPC-Costo de Vida) aument\u00f3 durante agosto 2,7%. De esta manera, la inflaci\u00f3n minorista alcanz\u00f3 al 18,9% en lo que va del [&#8230;]<\/p>\n","protected":false},"author":8,"featured_media":0,"comment_status":"open","ping_status":"open","sticky":false,"template":"","format":"standard","meta":{"_jetpack_newsletter_access":"","_jetpack_dont_email_post_to_subs":false,"_jetpack_newsletter_tier_id":0,"_jetpack_memberships_contains_paywalled_content":false,"_jetpack_memberships_contains_paid_content":false,"footnotes":""},"categories":[45],"tags":[],"class_list":["post-116258","post","type-post","status-publish","format-standard","hentry","category-economia"],"jetpack_featured_media_url":"","jetpack_shortlink":"https:\/\/wp.me\/p2JWE0-uf8","jetpack-related-posts":[{"id":102158,"url":"https:\/\/www.24baires.com\/?p=102158","url_meta":{"origin":116258,"position":0},"title":"Seg\u00fan el Indec, la inflaci\u00f3n de abril fue del 2,7%","author":"AF","date":"15\/05\/2018","format":false,"excerpt":"El aumento registrado en abril se debi\u00f3 al tarifazo de servicios p\u00fablicos, el transporte y los alimentos, seg\u00fan inform\u00f3 el Instituto Nacional de Estad\u00edstica y Censos. En el primer cuatrimestre del a\u00f1o la inflaci\u00f3n minorista fue de 9,6%. Seg\u00fan el INDEC -elogiado por Mauricio Macri, Marcos Pe\u00f1a y dem\u00e1s integrantes\u2026","rel":"","context":"En \u00abEconom\u00eda\u00bb","block_context":{"text":"Econom\u00eda","link":"https:\/\/www.24baires.com\/?cat=45"},"img":{"alt_text":"","src":"https:\/\/i0.wp.com\/www.24baires.com\/wp-content\/uploads\/2013\/03\/supermercado2.jpg?resize=350%2C200","width":350,"height":200,"srcset":"https:\/\/i0.wp.com\/www.24baires.com\/wp-content\/uploads\/2013\/03\/supermercado2.jpg?resize=350%2C200 1x, https:\/\/i0.wp.com\/www.24baires.com\/wp-content\/uploads\/2013\/03\/supermercado2.jpg?resize=525%2C300 1.5x"},"classes":[]},{"id":117315,"url":"https:\/\/www.24baires.com\/?p=117315","url_meta":{"origin":116258,"position":1},"title":"Durante febrero, la Canasta B\u00e1sica subi\u00f3 menos que la inflaci\u00f3n","author":"AF","date":"16\/03\/2021","format":false,"excerpt":"De acuerdo con el INDEC, una familia tipo necesit\u00f3 $57.997 en febrero para no ser considerada pobre. El costo de la Canasta B\u00e1sica Total (CBT), que determina la l\u00ednea de pobreza, subi\u00f3 un 2,7% respecto a enero, lo que significa que subi\u00f3 menos que la inflaci\u00f3n general por primera vez\u2026","rel":"","context":"En \u00abEconom\u00eda\u00bb","block_context":{"text":"Econom\u00eda","link":"https:\/\/www.24baires.com\/?cat=45"},"img":{"alt_text":"","src":"https:\/\/i0.wp.com\/www.24baires.com\/wp-content\/uploads\/2020\/05\/supermercado.jpg?resize=350%2C200","width":350,"height":200,"srcset":"https:\/\/i0.wp.com\/www.24baires.com\/wp-content\/uploads\/2020\/05\/supermercado.jpg?resize=350%2C200 1x, https:\/\/i0.wp.com\/www.24baires.com\/wp-content\/uploads\/2020\/05\/supermercado.jpg?resize=525%2C300 1.5x"},"classes":[]},{"id":111201,"url":"https:\/\/www.24baires.com\/?p=111201","url_meta":{"origin":116258,"position":2},"title":"La inflaci\u00f3n oficial de junio fue de 2,7% y acumula 22,4% en seis meses","author":"AF","date":"16\/07\/2019","format":false,"excerpt":"La inflaci\u00f3n de junio fue de 2,7% y acumula 22,4% en seis meses, seg\u00fan el Indec. En s\u00f3lo 6 meses, la inflaci\u00f3n ya alcanz\u00f3 la meta prevista por el Gobierno para todo 2019 que hab\u00eda estimado en 23%. Los precios minoristas aumentaron 2,7% en junio y acumularon en primer semestre\u2026","rel":"","context":"En \u00abSociedad\u00bb","block_context":{"text":"Sociedad","link":"https:\/\/www.24baires.com\/?cat=1"},"img":{"alt_text":"","src":"https:\/\/i0.wp.com\/www.24baires.com\/wp-content\/uploads\/2018\/08\/supermercado.jpg?resize=350%2C200","width":350,"height":200,"srcset":"https:\/\/i0.wp.com\/www.24baires.com\/wp-content\/uploads\/2018\/08\/supermercado.jpg?resize=350%2C200 1x, https:\/\/i0.wp.com\/www.24baires.com\/wp-content\/uploads\/2018\/08\/supermercado.jpg?resize=525%2C300 1.5x"},"classes":[]},{"id":111649,"url":"https:\/\/www.24baires.com\/?p=111649","url_meta":{"origin":116258,"position":3},"title":"La inflaci\u00f3n de julio fue del 2,2% y acumul\u00f3 un 54,4% en el \u00faltimo a\u00f1o","author":"AF","date":"15\/08\/2019","format":false,"excerpt":"El nivel general del \u00cdndice de Precios al Consumidor (IPC) representativo del total de hogares del pa\u00eds registr\u00f3 esa variaci\u00f3n con relaci\u00f3n al mes anterior. El \u00edndice de precios al consumidor aument\u00f3 2,2% durante julio, inform\u00f3 hoy el Instituto Nacional de Estad\u00edstica y Censos (Indec). De esta manera la inflaci\u00f3n\u2026","rel":"","context":"En \u00abEconom\u00eda\u00bb","block_context":{"text":"Econom\u00eda","link":"https:\/\/www.24baires.com\/?cat=45"},"img":{"alt_text":"","src":"https:\/\/i0.wp.com\/www.24baires.com\/wp-content\/uploads\/2016\/12\/supermercado.jpg?resize=350%2C200","width":350,"height":200,"srcset":"https:\/\/i0.wp.com\/www.24baires.com\/wp-content\/uploads\/2016\/12\/supermercado.jpg?resize=350%2C200 1x, https:\/\/i0.wp.com\/www.24baires.com\/wp-content\/uploads\/2016\/12\/supermercado.jpg?resize=525%2C300 1.5x"},"classes":[]},{"id":35219,"url":"https:\/\/www.24baires.com\/?p=35219","url_meta":{"origin":116258,"position":4},"title":"La inflaci\u00f3n de octubre fue de 0.9% seg\u00fan datos del INDEC","author":"GB","date":"15\/11\/2013","format":false,"excerpt":"De acuerdo con lo informado por el Instituto Nacional de Estad\u00edstica y Censos, el \u00cdndice de Precios al Consumidor registr\u00f3 en octubre \u00faltimo un avance de 0,9 por ciento. En lo que va del a\u00f1o, el \u00edndice de precios minoristas acumul\u00f3 un alza de 8,4 por ciento. En tanto, el\u2026","rel":"","context":"En \u00abEconom\u00eda\u00bb","block_context":{"text":"Econom\u00eda","link":"https:\/\/www.24baires.com\/?cat=45"},"img":{"alt_text":"inde","src":"https:\/\/i0.wp.com\/www.24baires.com\/wp-content\/uploads\/2013\/11\/inde-300x190.jpg?resize=350%2C200","width":350,"height":200},"classes":[]},{"id":102478,"url":"https:\/\/www.24baires.com\/?p=102478","url_meta":{"origin":116258,"position":5},"title":"Seg\u00fan el Indec, los salarios van por detr\u00e1s de la inflaci\u00f3n","author":"GB","date":"01\/06\/2018","format":false,"excerpt":"El Instituto Nacional de Estad\u00edstica y Censos dio a conocer que los sueldos pierden terreno con respecto a la evoluci\u00f3n de los precios minoristas en el primer trimestre del a\u00f1o. El \u00cdndice de Salarios elaborado por el Indec registr\u00f3 en marzo \u00faltimo una suba del 1,9% en comparaci\u00f3n con el\u2026","rel":"","context":"En \u00abEconom\u00eda\u00bb","block_context":{"text":"Econom\u00eda","link":"https:\/\/www.24baires.com\/?cat=45"},"img":{"alt_text":"","src":"https:\/\/i0.wp.com\/www.24baires.com\/wp-content\/uploads\/2013\/02\/indec-300x225.jpg?resize=350%2C200","width":350,"height":200},"classes":[]}],"jetpack_sharing_enabled":true,"jetpack_likes_enabled":true,"_links":{"self":[{"href":"https:\/\/www.24baires.com\/index.php?rest_route=\/wp\/v2\/posts\/116258","targetHints":{"allow":["GET"]}}],"collection":[{"href":"https:\/\/www.24baires.com\/index.php?rest_route=\/wp\/v2\/posts"}],"about":[{"href":"https:\/\/www.24baires.com\/index.php?rest_route=\/wp\/v2\/types\/post"}],"author":[{"embeddable":true,"href":"https:\/\/www.24baires.com\/index.php?rest_route=\/wp\/v2\/users\/8"}],"replies":[{"embeddable":true,"href":"https:\/\/www.24baires.com\/index.php?rest_route=%2Fwp%2Fv2%2Fcomments&post=116258"}],"version-history":[{"count":1,"href":"https:\/\/www.24baires.com\/index.php?rest_route=\/wp\/v2\/posts\/116258\/revisions"}],"predecessor-version":[{"id":116259,"href":"https:\/\/www.24baires.com\/index.php?rest_route=\/wp\/v2\/posts\/116258\/revisions\/116259"}],"wp:attachment":[{"href":"https:\/\/www.24baires.com\/index.php?rest_route=%2Fwp%2Fv2%2Fmedia&parent=116258"}],"wp:term":[{"taxonomy":"category","embeddable":true,"href":"https:\/\/www.24baires.com\/index.php?rest_route=%2Fwp%2Fv2%2Fcategories&post=116258"},{"taxonomy":"post_tag","embeddable":true,"href":"https:\/\/www.24baires.com\/index.php?rest_route=%2Fwp%2Fv2%2Ftags&post=116258"}],"curies":[{"name":"wp","href":"https:\/\/api.w.org\/{rel}","templated":true}]}}