{"id":116256,"date":"2020-09-17T10:24:59","date_gmt":"2020-09-17T13:24:59","guid":{"rendered":"http:\/\/www.24baires.com\/?p=116256"},"modified":"2020-09-17T10:24:59","modified_gmt":"2020-09-17T13:24:59","slug":"docentes-privados-se-suman-al-pedido-de-aumento-salarial","status":"publish","type":"post","link":"https:\/\/www.24baires.com\/?p=116256","title":{"rendered":"Docentes privados se suman al pedido de aumento salarial"},"content":{"rendered":"<p><img data-recalc-dims=\"1\" loading=\"lazy\" decoding=\"async\" src=\"https:\/\/i0.wp.com\/www.24baires.com\/wp-content\/uploads\/2017\/09\/sadop.jpg?resize=560%2C319\" alt=\"\" width=\"560\" height=\"319\" class=\"aligncenter size-full wp-image-97329\" srcset=\"https:\/\/i0.wp.com\/www.24baires.com\/wp-content\/uploads\/2017\/09\/sadop.jpg?w=560&amp;ssl=1 560w, https:\/\/i0.wp.com\/www.24baires.com\/wp-content\/uploads\/2017\/09\/sadop.jpg?resize=300%2C171&amp;ssl=1 300w\" sizes=\"auto, (max-width: 560px) 100vw, 560px\" \/>Sadop, el gremio que agrupa a docentes privados, reiter\u00f3 el pedido de incremento salarial y el apoyo a las protestas que se llevan a cabo.<!--more--><\/p>\n<p>El Sindicato Argentino de Docentes Privados (Sadop) se sum\u00f3 al reclamo de aumento salarial y de mejoras en las condiciones laborales en medio de la pandemia de coronavirus. Los gremios del sector p\u00fablico y privado ya salen con m\u00e1s fuerza para exigir incrementos de sueldos.<\/p>\n<p>A trav\u00e9s de un comunicado, los docentes privados manifestaron que desde la conducci\u00f3n del gremio asumen \u201cun fuerte compromiso con todas y cada una de las luchas por salarios justos y dignas condiciones de trabajo de las y los docentes de gesti\u00f3n privada, que d\u00eda a d\u00eda se est\u00e1n llevando adelante en todo el pa\u00eds\u201d.<\/p>\n<p>A su vez, remarcaron que \u201cen especial los planes de acci\u00f3n directa decididos y sostenidos por nuestras seccionales Rosario, Santa Fe, y Chaco y las 1000 horas de ayuno de las que participa la seccional Mendoza\u201d.<\/p>\n<p>M\u00e1s adelante, expresaron que \u201cse reafirma la necesidad de que cada docente privado del pa\u00eds tenga un salario acorde a la responsabilidad social que ejerce a diario y exige una mejora sustancial de las condiciones y medio ambiente de trabajo\u201d<\/p>\n<p>\u201cEspecialmente en este tiempo de pandemia, a fin de intervenir preventivamente y proteger la salud de las y los trabajadores y de la comunidad educativa en su conjunto\u201d, concluyeron los docentes privados.<\/p>\n","protected":false},"excerpt":{"rendered":"<p>Sadop, el gremio que agrupa a docentes privados, reiter\u00f3 el pedido de incremento salarial y el apoyo a las protestas que se llevan a cabo.<\/p>\n","protected":false},"author":8,"featured_media":0,"comment_status":"open","ping_status":"open","sticky":false,"template":"","format":"standard","meta":{"_jetpack_newsletter_access":"","_jetpack_dont_email_post_to_subs":false,"_jetpack_newsletter_tier_id":0,"_jetpack_memberships_contains_paywalled_content":false,"_jetpack_memberships_contains_paid_content":false,"footnotes":""},"categories":[40],"tags":[],"class_list":["post-116256","post","type-post","status-publish","format-standard","hentry","category-provincia"],"jetpack_shortlink":"https:\/\/wp.me\/p2JWE0-uf6","jetpack-related-posts":[{"id":123173,"url":"https:\/\/www.24baires.com\/?p=123173","url_meta":{"origin":116256,"position":0},"title":"Docentes bonaerenses hacen un nuevo paro en medio de una paritaria empantanada","author":"GB","date":"30\/06\/2026","format":false,"excerpt":"Un nuevo paro de docentes deja a millones de chicos de todos los niveles sin clases este martes. Los principales sindicatos de docentes en la provincia de Buenos Aires hacen hoy un paro de actividades. La protesta afecta a las escuelas p\u00fablicas de todos los niveles y va a dejar\u2026","rel":"","context":"En \u00abProvincia\u00bb","block_context":{"text":"Provincia","link":"https:\/\/www.24baires.com\/?cat=40"},"img":{"alt_text":"","src":"https:\/\/i0.wp.com\/www.24baires.com\/wp-content\/uploads\/2026\/06\/escuela-vacia.webp?resize=350%2C200","width":350,"height":200,"srcset":"https:\/\/i0.wp.com\/www.24baires.com\/wp-content\/uploads\/2026\/06\/escuela-vacia.webp?resize=350%2C200 1x, https:\/\/i0.wp.com\/www.24baires.com\/wp-content\/uploads\/2026\/06\/escuela-vacia.webp?resize=525%2C300 1.5x, https:\/\/i0.wp.com\/www.24baires.com\/wp-content\/uploads\/2026\/06\/escuela-vacia.webp?resize=700%2C400 2x"},"classes":[]},{"id":107890,"url":"https:\/\/www.24baires.com\/?p=107890","url_meta":{"origin":116256,"position":1},"title":"Paro nacional: los principales gremios docentes de la provincia se suman a la medida de fuerza ma\u00f1ana. Adem\u00e1s parar\u00e1n ATE, CICOP y AJB.","author":"AF","date":"29\/04\/2019","format":false,"excerpt":"En el marco del paro nacional que realizar\u00e1n algunos sindicatos, los principales gremios docentes de la provincia de Buenos Aires no dictar\u00e1n clases durante el martes, medida a la que se suman adem\u00e1s los estatales de ATE, profesionales de la salud de Cicop y judiciales de la AJB. M\u00e1s all\u00e1\u2026","rel":"","context":"En \u00abSociedad\u00bb","block_context":{"text":"Sociedad","link":"https:\/\/www.24baires.com\/?cat=1"},"img":{"alt_text":"","src":"https:\/\/i0.wp.com\/www.24baires.com\/wp-content\/uploads\/2012\/11\/paro-docente.jpg?resize=350%2C200","width":350,"height":200,"srcset":"https:\/\/i0.wp.com\/www.24baires.com\/wp-content\/uploads\/2012\/11\/paro-docente.jpg?resize=350%2C200 1x, https:\/\/i0.wp.com\/www.24baires.com\/wp-content\/uploads\/2012\/11\/paro-docente.jpg?resize=525%2C300 1.5x"},"classes":[]},{"id":112842,"url":"https:\/\/www.24baires.com\/?p=112842","url_meta":{"origin":116256,"position":2},"title":"Sadop rechaz\u00f3 el nuevo aumento en las cuotas de los colegios privados y reclam\u00f3 por salarios","author":"GB","date":"04\/11\/2019","format":false,"excerpt":"Desde el gremio que aglutina a docentes particulares remarcaron que el nuevo aumento de la cuota se hace con la \u201cexcusa\u201d de mejoras salariales, pero los docentes contin\u00faan ganando menos que lo normal. El gobierno de la provincia de Buenos Aires aprob\u00f3 un aumento del 24 por ciento del arancel\u2026","rel":"","context":"En \u00abProvincia\u00bb","block_context":{"text":"Provincia","link":"https:\/\/www.24baires.com\/?cat=40"},"img":{"alt_text":"","src":"https:\/\/i0.wp.com\/www.24baires.com\/wp-content\/uploads\/2015\/03\/colegio-privado.jpg?resize=350%2C200","width":350,"height":200},"classes":[]},{"id":114229,"url":"https:\/\/www.24baires.com\/?p=114229","url_meta":{"origin":116256,"position":3},"title":"El Frente Gremial Docente rechaz\u00f3 la primera propuesta salarial de Kicillof","author":"GB","date":"27\/02\/2020","format":false,"excerpt":"Contin\u00faan las negociaciones a cuatro d\u00edas del inicio de clases. Hoy habr\u00e1 una nueva reuni\u00f3n El Frente Gremial Docenterechaz\u00f3 la primera propuesta salarial del gobernador Axel Kicillofpor \"insuficiente\".\"Contin\u00faan las negociaciones\", inform\u00f3 el Frente a cuatro d\u00edas del inicio de clases programado el 2 de marzo en este territorio. El Sindicato\u2026","rel":"","context":"En \u00abProvincia\u00bb","block_context":{"text":"Provincia","link":"https:\/\/www.24baires.com\/?cat=40"},"img":{"alt_text":"","src":"https:\/\/i0.wp.com\/www.24baires.com\/wp-content\/uploads\/2020\/02\/paritaria-docente.jpg?resize=350%2C200","width":350,"height":200,"srcset":"https:\/\/i0.wp.com\/www.24baires.com\/wp-content\/uploads\/2020\/02\/paritaria-docente.jpg?resize=350%2C200 1x, https:\/\/i0.wp.com\/www.24baires.com\/wp-content\/uploads\/2020\/02\/paritaria-docente.jpg?resize=525%2C300 1.5x"},"classes":[]},{"id":87038,"url":"https:\/\/www.24baires.com\/?p=87038","url_meta":{"origin":116256,"position":4},"title":"Docentes vuelven a parar este viernes","author":"AF","date":"01\/09\/2016","format":false,"excerpt":"En medio de un paro nacional que incluye una marcha a Plaza de Mayo, los docentes bonaerenses paralizar\u00e1n el viernes las clases en las escuelas p\u00fablicas y privadas, al tiempo que ya impulsan nuevas huelgas por 24 y 48 horas para realizar en septiembre. El Frente Gremial Docente (que lideran\u2026","rel":"","context":"En \u00abSociedad\u00bb","block_context":{"text":"Sociedad","link":"https:\/\/www.24baires.com\/?cat=1"},"img":{"alt_text":"aula vac\u00eda","src":"https:\/\/i0.wp.com\/www.24baires.com\/wp-content\/uploads\/2014\/03\/aula-vac%C3%ADa.jpg?resize=350%2C200","width":350,"height":200,"srcset":"https:\/\/i0.wp.com\/www.24baires.com\/wp-content\/uploads\/2014\/03\/aula-vac%C3%ADa.jpg?resize=350%2C200 1x, https:\/\/i0.wp.com\/www.24baires.com\/wp-content\/uploads\/2014\/03\/aula-vac%C3%ADa.jpg?resize=525%2C300 1.5x"},"classes":[]},{"id":97328,"url":"https:\/\/www.24baires.com\/?p=97328","url_meta":{"origin":116256,"position":5},"title":"Denuncian precarizaci\u00f3n laboral contra docentes extraprogram\u00e1ticos en Mar del Plata","author":"GB","date":"11\/09\/2017","format":false,"excerpt":"Desde el sindicato de Sadop informaron que, docentes exraprogram\u00e1ticos no cobraron retroactivos y sufrieron descuentos en algunos establecimientos de la ciudad de Mar del Plata. Se realizaron las presentaciones correspondientes en el Ministerio de Trabajo. La delegaci\u00f3n local del Sindicato Argentino de Docentes Privados (Sadop) denunci\u00f3 que en algunos establecimientos\u2026","rel":"","context":"En \u00abSindicales\u00bb","block_context":{"text":"Sindicales","link":"https:\/\/www.24baires.com\/?cat=326"},"img":{"alt_text":"","src":"https:\/\/i0.wp.com\/www.24baires.com\/wp-content\/uploads\/2017\/09\/sadop.jpg?resize=350%2C200","width":350,"height":200,"srcset":"https:\/\/i0.wp.com\/www.24baires.com\/wp-content\/uploads\/2017\/09\/sadop.jpg?resize=350%2C200 1x, https:\/\/i0.wp.com\/www.24baires.com\/wp-content\/uploads\/2017\/09\/sadop.jpg?resize=525%2C300 1.5x"},"classes":[]}],"jetpack_sharing_enabled":true,"jetpack_likes_enabled":true,"jetpack_featured_media_url":"","_links":{"self":[{"href":"https:\/\/www.24baires.com\/index.php?rest_route=\/wp\/v2\/posts\/116256","targetHints":{"allow":["GET"]}}],"collection":[{"href":"https:\/\/www.24baires.com\/index.php?rest_route=\/wp\/v2\/posts"}],"about":[{"href":"https:\/\/www.24baires.com\/index.php?rest_route=\/wp\/v2\/types\/post"}],"author":[{"embeddable":true,"href":"https:\/\/www.24baires.com\/index.php?rest_route=\/wp\/v2\/users\/8"}],"replies":[{"embeddable":true,"href":"https:\/\/www.24baires.com\/index.php?rest_route=%2Fwp%2Fv2%2Fcomments&post=116256"}],"version-history":[{"count":1,"href":"https:\/\/www.24baires.com\/index.php?rest_route=\/wp\/v2\/posts\/116256\/revisions"}],"predecessor-version":[{"id":116257,"href":"https:\/\/www.24baires.com\/index.php?rest_route=\/wp\/v2\/posts\/116256\/revisions\/116257"}],"wp:attachment":[{"href":"https:\/\/www.24baires.com\/index.php?rest_route=%2Fwp%2Fv2%2Fmedia&parent=116256"}],"wp:term":[{"taxonomy":"category","embeddable":true,"href":"https:\/\/www.24baires.com\/index.php?rest_route=%2Fwp%2Fv2%2Fcategories&post=116256"},{"taxonomy":"post_tag","embeddable":true,"href":"https:\/\/www.24baires.com\/index.php?rest_route=%2Fwp%2Fv2%2Ftags&post=116256"}],"curies":[{"name":"wp","href":"https:\/\/api.w.org\/{rel}","templated":true}]}}