{"id":116244,"date":"2020-09-16T10:30:08","date_gmt":"2020-09-16T13:30:08","guid":{"rendered":"http:\/\/www.24baires.com\/?p=116244"},"modified":"2020-09-16T10:30:08","modified_gmt":"2020-09-16T13:30:08","slug":"guzman-presento-el-presupuesto-2021","status":"publish","type":"post","link":"https:\/\/www.24baires.com\/?p=116244","title":{"rendered":"Guzman present\u00f3 el presupuesto 2021"},"content":{"rendered":"<p><img data-recalc-dims=\"1\" loading=\"lazy\" decoding=\"async\" src=\"https:\/\/i0.wp.com\/www.24baires.com\/wp-content\/uploads\/2020\/05\/guzman-1.jpg?resize=560%2C313\" alt=\"\" width=\"560\" height=\"313\" class=\"aligncenter size-full wp-image-115099\" srcset=\"https:\/\/i0.wp.com\/www.24baires.com\/wp-content\/uploads\/2020\/05\/guzman-1.jpg?w=560&amp;ssl=1 560w, https:\/\/i0.wp.com\/www.24baires.com\/wp-content\/uploads\/2020\/05\/guzman-1.jpg?resize=300%2C168&amp;ssl=1 300w\" sizes=\"auto, (max-width: 560px) 100vw, 560px\" \/>El proyecto prev\u00e9 para esta a\u00f1o una ca\u00edda del PBI del 13,6% que se recuperar\u00eda a partir del a\u00f1o que viene con un crecimiento de mas de 5 puntos. Adem\u00e1s incluye por primera vez una perspectiva de g\u00e9nero<!--more--><\/p>\n<p>El ministro de Econom\u00eda, Mart\u00edn Guzmanm present\u00f3 el proyecto de Presupuesto 2021, que contempla un d\u00e9ficit primario del 4,5% del Producto Bruto Interno (PBI), una recuperaci\u00f3n robusta de los ingresos p\u00fablicos, y un crecimiento estimado de 5,5 %. Adem\u00e1s, prev\u00e9 que la tasa de inflaci\u00f3n se ubique en el orden del 29%, con un d\u00f3lar en torno a los $ 102,4 al 31 de diciembre de 2021.<\/p>\n<p>Desde hacienda explicaron que el primero de los presupuesto elaborados por la gesti\u00f3n de Alberto Fern\u00e1ndez se apoya en dos principios fundamentales: estabilizaci\u00f3n macroecon\u00f3mica y sostenibilidad fiscal.  \u201cEl Presupuesto es la direcci\u00f3n hacia la que vamos a transitar para tranquilizar a la econom\u00eda. Por eso, el proyecto que presentamos es realista y define un camino de recuperaci\u00f3n econ\u00f3mica en un marco de prudencia\u201d, asegur\u00f3 el ministro Guzm\u00e1n.<\/p>\n<p>El proyecto de Ley define prioridades estrat\u00e9gicas como la reactivaci\u00f3n productiva, la generaci\u00f3n de empleo, el apuntalamiento de las capacidades de innovaci\u00f3n de las y los argentinos y el fortalecimiento de la educaci\u00f3n y la salud. Otro de los puntos destacados es que se incorpora por primera vez en la historia la perspectiva de g\u00e9nero y diversidad. <\/p>\n<p>Tambi\u00e9n define que el Estado tendr\u00e1 un rol central en el proceso de recuperaci\u00f3n econ\u00f3mica: \u201cSe pondr\u00e1 el foco en potenciar nuestras capacidades productivas, ubicar nuestros lugares en el \u00e1mbito econ\u00f3mico internacional, con sus posibilidades y limitaciones, y abrir puertas para que los grupos menos favorecidos puedan escalar en sus capacidades y niveles de ingresos\u201d, resalt\u00f3 el titular de Econom\u00eda.<\/p>\n<p>Tambi\u00e9n asegur\u00f3 que \u201cla sostenibilidad fiscal requerir\u00e1 de esfuerzos consistentes, en pos del equilibrio fiscal, que sean compatibles con un sendero de crecimiento inclusivo\u201d.<\/p>\n<p>\u201cSon desaf\u00edos que requieren tiempo, unidad, prudencia y responsabilidad porque muchas veces nos enfrentamos y enfrentaremos a decisiones dif\u00edciles. Estamos encarando el comienzo de lo que esperamos sea un avance sostenido\u201d, asever\u00f3 el ministro. <\/p>\n<p>Asimismo, detall\u00f3 que el gasto primario real crecer\u00e1 respecto a 2020 sin las erogaciones extraordinarias por COVID-19 (+7,6% i.a. en t\u00e9rminos reales) y respecto a 2019 (+10,1% i.a. en t\u00e9rminos reales). <\/p>\n<p>Estas prioridades estrat\u00e9gicas se reflejar\u00e1n en seis pilares de la pol\u00edtica de inversi\u00f3n p\u00fablica en 2021:<\/p>\n<p> Infraestructura productiva y social: La infraestructura volver\u00e1 a ser un motor de la econom\u00eda, la generaci\u00f3n de empleo y la competitividad de las empresas argentinas con un criterio inclusivo y federal. En 2021, se duplicar\u00e1 la inversi\u00f3n real en infraestructura productiva y social respecto a 2019, a partir de una inversi\u00f3n proyectada en $835.000 millones o 2,2% del PBI.<br \/>\n Innovaci\u00f3n y Desarrollo: Aumentar\u00e1 en un 160% la inversi\u00f3n real en innovaci\u00f3n y desarrollo respecto a 2019, a partir de una inversi\u00f3n proyectada en $187.000 millones o 0,5% del PBI que permitir\u00e1 sostener el nivel de gasto real extraordinario de 2020.<br \/>\nSalud P\u00fablica:  Habr\u00e1 un aumento de un 49% de la inversi\u00f3n real en Salud P\u00fablica respecto a 2019, a partir de una inversi\u00f3n proyectada en $199.000 millones o 0,5% del PBI.<br \/>\nEducaci\u00f3n y Conectividad: se incrementar\u00e1 en un 11% la inversi\u00f3n real en Educaci\u00f3n y Conectividad respecto a 2019, a partir de una inversi\u00f3n proyectada en $483.000 millones o 1,3% del PBI.<br \/>\nInclusi\u00f3n social activa: Aumentar\u00e1 en un 49,5% la inversi\u00f3n real en Inclusi\u00f3n Social Activa respecto a 2019, a partir de una inversi\u00f3n proyectada en $270.000 millones o 0,7% del PBI.<br \/>\nG\u00e9nero y diversidad: En 2021, se elevar\u00e1 casi en 1.350% la inversi\u00f3n real en G\u00e9nero y Diversidad respecto a 2019, a partir de una inversi\u00f3n proyectada en $6.205 millones.<\/p>\n","protected":false},"excerpt":{"rendered":"<p>El proyecto prev\u00e9 para esta a\u00f1o una ca\u00edda del PBI del 13,6% que se recuperar\u00eda a partir del a\u00f1o que viene con un crecimiento de mas de 5 puntos. Adem\u00e1s incluye por primera vez una perspectiva de g\u00e9nero<\/p>\n","protected":false},"author":8,"featured_media":0,"comment_status":"open","ping_status":"open","sticky":false,"template":"","format":"standard","meta":{"_jetpack_newsletter_access":"","_jetpack_dont_email_post_to_subs":false,"_jetpack_newsletter_tier_id":0,"_jetpack_memberships_contains_paywalled_content":false,"_jetpack_memberships_contains_paid_content":false,"footnotes":""},"categories":[45],"tags":[],"class_list":["post-116244","post","type-post","status-publish","format-standard","hentry","category-economia"],"jetpack_featured_media_url":"","jetpack_shortlink":"https:\/\/wp.me\/p2JWE0-ueU","jetpack-related-posts":[{"id":112089,"url":"https:\/\/www.24baires.com\/?p=112089","url_meta":{"origin":116244,"position":0},"title":"Lacunza va al Congreso a presentar el proyecto del Presupuesto 2020","author":"GB","date":"16\/09\/2019","format":false,"excerpt":"La iniciativa, que ser\u00e1 presentada por el Ministro de Hacienda en Diputados, adem\u00e1s prev\u00e9 un crecimiento del 1% del PBI. El ministro de Hacienda de la Naci\u00f3n, Hern\u00e1n Lacunza, se presentar\u00e1 a las 15 en la Comisi\u00f3n de Presupuesto de la C\u00e1mara Dipuados y expondr\u00e1 los lineamientos econ\u00f3micos principales del\u2026","rel":"","context":"En \u00abEconom\u00eda\u00bb","block_context":{"text":"Econom\u00eda","link":"https:\/\/www.24baires.com\/?cat=45"},"img":{"alt_text":"","src":"https:\/\/i0.wp.com\/www.24baires.com\/wp-content\/uploads\/2019\/08\/Lacunza.jpg?resize=350%2C200","width":350,"height":200,"srcset":"https:\/\/i0.wp.com\/www.24baires.com\/wp-content\/uploads\/2019\/08\/Lacunza.jpg?resize=350%2C200 1x, https:\/\/i0.wp.com\/www.24baires.com\/wp-content\/uploads\/2019\/08\/Lacunza.jpg?resize=525%2C300 1.5x"},"classes":[]},{"id":112045,"url":"https:\/\/www.24baires.com\/?p=112045","url_meta":{"origin":116244,"position":1},"title":"Lacunza presentar\u00e1 el presupuesto para 2020 con una inflaci\u00f3n estimada de 34%","author":"AF","date":"11\/09\/2019","format":false,"excerpt":"El ministro de Hacienda presentar\u00e1 su plan en el Congreso para obtener la aprobaci\u00f3n de ambas c\u00e1maras. Se prev\u00e9 una ca\u00edda del 2,6% del PBI para este a\u00f1o. El ministro de Hacienda, Hern\u00e1n Lacunza, presentar\u00e1 el pr\u00f3ximo lunes el proyecto de Ley de Presupuesto para 2020 en el se contemplar\u00e1\u2026","rel":"","context":"En \u00abEconom\u00eda\u00bb","block_context":{"text":"Econom\u00eda","link":"https:\/\/www.24baires.com\/?cat=45"},"img":{"alt_text":"","src":"https:\/\/i0.wp.com\/www.24baires.com\/wp-content\/uploads\/2019\/08\/Lacunza.jpg?resize=350%2C200","width":350,"height":200,"srcset":"https:\/\/i0.wp.com\/www.24baires.com\/wp-content\/uploads\/2019\/08\/Lacunza.jpg?resize=350%2C200 1x, https:\/\/i0.wp.com\/www.24baires.com\/wp-content\/uploads\/2019\/08\/Lacunza.jpg?resize=525%2C300 1.5x"},"classes":[]},{"id":118334,"url":"https:\/\/www.24baires.com\/?p=118334","url_meta":{"origin":116244,"position":2},"title":"Guzm\u00e1n dijo que el Presupuesto 2022 propicia \u00abla doble recuperaci\u00f3n econ\u00f3mica y sanitaria\u00bb","author":"AF","date":"13\/12\/2021","format":false,"excerpt":"El ministro de Econom\u00eda, junto con su equipo, expuso este lunes ante la comisi\u00f3n de Presupuesto los alcances de la propuesta que prev\u00e9 un crecimiento del 4% del PBI, una inflaci\u00f3n del 33% y un d\u00f3lar a $131,1. El ministro de Econom\u00eda, Mart\u00edn Guzm\u00e1n, asegur\u00f3 esta tarde que el Presupuesto\u2026","rel":"","context":"En \u00abEconom\u00eda\u00bb","block_context":{"text":"Econom\u00eda","link":"https:\/\/www.24baires.com\/?cat=45"},"img":{"alt_text":"","src":"https:\/\/i0.wp.com\/www.24baires.com\/wp-content\/uploads\/2021\/11\/guzman.jpg?resize=350%2C200","width":350,"height":200,"srcset":"https:\/\/i0.wp.com\/www.24baires.com\/wp-content\/uploads\/2021\/11\/guzman.jpg?resize=350%2C200 1x, https:\/\/i0.wp.com\/www.24baires.com\/wp-content\/uploads\/2021\/11\/guzman.jpg?resize=525%2C300 1.5x"},"classes":[]},{"id":116296,"url":"https:\/\/www.24baires.com\/?p=116296","url_meta":{"origin":116244,"position":3},"title":"Guzm\u00e1n: el Presupuesto 2021 \u00abes un paso fundamental en el proceso de estabilizar la econom\u00eda\u00bb","author":"AF","date":"22\/09\/2020","format":false,"excerpt":"El ministro brinda detalles en comisi\u00f3n sobre los principales ejes que contempla un crecimiento del 5,5% del PBI y un gasto total de m\u00e1s de 8 billones de pesos. El ministro de Econom\u00eda, Mart\u00edn Guzm\u00e1n, afirm\u00f3 que \"estamos en una situaci\u00f3n muy dif\u00edcil en Argentina y en el mundo\" a\u2026","rel":"","context":"En \u00abEconom\u00eda\u00bb","block_context":{"text":"Econom\u00eda","link":"https:\/\/www.24baires.com\/?cat=45"},"img":{"alt_text":"","src":"https:\/\/i0.wp.com\/www.24baires.com\/wp-content\/uploads\/2020\/05\/guzman-1.jpg?resize=350%2C200","width":350,"height":200,"srcset":"https:\/\/i0.wp.com\/www.24baires.com\/wp-content\/uploads\/2020\/05\/guzman-1.jpg?resize=350%2C200 1x, https:\/\/i0.wp.com\/www.24baires.com\/wp-content\/uploads\/2020\/05\/guzman-1.jpg?resize=525%2C300 1.5x"},"classes":[]},{"id":73304,"url":"https:\/\/www.24baires.com\/?p=73304","url_meta":{"origin":116244,"position":4},"title":"Diputados ya aprob\u00f3 el proyecto de presupuesto 2016","author":"AF","date":"08\/10\/2015","format":false,"excerpt":"La C\u00e1mara de Diputados aprob\u00f3 anoche y gir\u00f3 al Senado el proyecto de Presupuesto para 2016, con el apoyo de la bancada oficialista y pese al reclamo de la oposici\u00f3n para que el debate se postergara hasta la elecci\u00f3n del nuevo presidente. La iniciativa fue aprobada por 137 votos afirmativos\u2026","rel":"","context":"En \u00abEconom\u00eda\u00bb","block_context":{"text":"Econom\u00eda","link":"https:\/\/www.24baires.com\/?cat=45"},"img":{"alt_text":"","src":"","width":0,"height":0},"classes":[]},{"id":116566,"url":"https:\/\/www.24baires.com\/?p=116566","url_meta":{"origin":116244,"position":5},"title":"Diputados aprob\u00f3 el primer Presupuesto de Alberto Fern\u00e1ndez","author":"GB","date":"29\/10\/2020","format":false,"excerpt":"En una marat\u00f3nica sesi\u00f3n de mas de 19 horas, el oficialismo alcanz\u00f3 los votos para hacer avanzar el proyecto, que cont\u00f3 con el apoyo de 139 legisladores. JxC finalmente se abstuvo a la hora de votar. La C\u00e1mara de Diputados aprob\u00f3 por 139 votos a favor, 15 en contra y\u2026","rel":"","context":"En \u00abPol\u00edtica\u00bb","block_context":{"text":"Pol\u00edtica","link":"https:\/\/www.24baires.com\/?cat=51"},"img":{"alt_text":"","src":"https:\/\/i0.wp.com\/www.24baires.com\/wp-content\/uploads\/2020\/05\/diputados-virtual.jpg?resize=350%2C200","width":350,"height":200,"srcset":"https:\/\/i0.wp.com\/www.24baires.com\/wp-content\/uploads\/2020\/05\/diputados-virtual.jpg?resize=350%2C200 1x, https:\/\/i0.wp.com\/www.24baires.com\/wp-content\/uploads\/2020\/05\/diputados-virtual.jpg?resize=525%2C300 1.5x"},"classes":[]}],"jetpack_sharing_enabled":true,"jetpack_likes_enabled":true,"_links":{"self":[{"href":"https:\/\/www.24baires.com\/index.php?rest_route=\/wp\/v2\/posts\/116244","targetHints":{"allow":["GET"]}}],"collection":[{"href":"https:\/\/www.24baires.com\/index.php?rest_route=\/wp\/v2\/posts"}],"about":[{"href":"https:\/\/www.24baires.com\/index.php?rest_route=\/wp\/v2\/types\/post"}],"author":[{"embeddable":true,"href":"https:\/\/www.24baires.com\/index.php?rest_route=\/wp\/v2\/users\/8"}],"replies":[{"embeddable":true,"href":"https:\/\/www.24baires.com\/index.php?rest_route=%2Fwp%2Fv2%2Fcomments&post=116244"}],"version-history":[{"count":1,"href":"https:\/\/www.24baires.com\/index.php?rest_route=\/wp\/v2\/posts\/116244\/revisions"}],"predecessor-version":[{"id":116245,"href":"https:\/\/www.24baires.com\/index.php?rest_route=\/wp\/v2\/posts\/116244\/revisions\/116245"}],"wp:attachment":[{"href":"https:\/\/www.24baires.com\/index.php?rest_route=%2Fwp%2Fv2%2Fmedia&parent=116244"}],"wp:term":[{"taxonomy":"category","embeddable":true,"href":"https:\/\/www.24baires.com\/index.php?rest_route=%2Fwp%2Fv2%2Fcategories&post=116244"},{"taxonomy":"post_tag","embeddable":true,"href":"https:\/\/www.24baires.com\/index.php?rest_route=%2Fwp%2Fv2%2Ftags&post=116244"}],"curies":[{"name":"wp","href":"https:\/\/api.w.org\/{rel}","templated":true}]}}