{"id":116238,"date":"2020-09-15T17:31:45","date_gmt":"2020-09-15T20:31:45","guid":{"rendered":"http:\/\/www.24baires.com\/?p=116238"},"modified":"2020-09-15T21:01:24","modified_gmt":"2020-09-16T00:01:24","slug":"anuncian-nuevas-medidas-para-el-dolar-y-las-pautas-del-presupuesto","status":"publish","type":"post","link":"https:\/\/www.24baires.com\/?p=116238","title":{"rendered":"Anuncian nuevas medidas para el d\u00f3lar y las pautas del Presupuesto"},"content":{"rendered":"<p><img data-recalc-dims=\"1\" loading=\"lazy\" decoding=\"async\" src=\"https:\/\/i0.wp.com\/www.24baires.com\/wp-content\/uploads\/2013\/12\/banco-central.jpg?resize=560%2C373\" alt=\"\" width=\"560\" height=\"373\" class=\"aligncenter size-full wp-image-37742\" srcset=\"https:\/\/i0.wp.com\/www.24baires.com\/wp-content\/uploads\/2013\/12\/banco-central.jpg?w=560&amp;ssl=1 560w, https:\/\/i0.wp.com\/www.24baires.com\/wp-content\/uploads\/2013\/12\/banco-central.jpg?resize=300%2C199&amp;ssl=1 300w\" sizes=\"auto, (max-width: 560px) 100vw, 560px\" \/>Despu\u00e9s de una reuni\u00f3n de directorio para fijar los \u00faltimos detalles, las autoridades del Banco Central dar\u00e1n a conocer nuevas medidas de regulaci\u00f3n para la compra de d\u00f3lares ahorro y el manejo del mercado de cambios. En paralelo, Econom\u00eda presenta todas las pautas y objetivos del Presupuesto 2021 para dejar claros los par\u00e1metros de la pol\u00edtica econ\u00f3mica.<!--more--><\/p>\n<p>Tras una larga reuni\u00f3n de directorio para poner a punto los \u00faltimos detalles, el Banco Central se apresta a anunciar nuevas medidas en relaci\u00f3n al d\u00f3lar ahorro, que viene generando un verdadero dolo de cabeza a las autoridades monetarias. Las nuevas medidas ser\u00e1n presentadas en paralelo con los elementos centrales del Presupuesto 2021, destinados a brindar un panorama completo de lo que el equipo econ\u00f3mico se propone para los pr\u00f3ximos a\u00f1os.<\/p>\n<p>El Banco Central impondr\u00e1 mayores regulaciones formales para la compra de divisas y se considerar\u00e1n a partir del 1 de setiembre las compras en d\u00f3lares con tarjetas de cr\u00e9dito y d\u00e9bito como parte del cupo mensual ya fijado para las personas f\u00edsicas de 200 d\u00f3lares por mes.<\/p>\n<p>Por su parte, la AFIP estableci\u00f3 un nuevo mecanismo de percepci\u00f3n a cuenta de los impuestos a las Ganancias y sobre los Bienes Personales para las operaciones de compra de moneda extranjera. La medida entra en vigencia a partir del mi\u00e9rcoles 16 de septiembre. <\/p>\n<p>Seg\u00fan las nuevas disposiciones, la percepci\u00f3n tendr\u00e1 una al\u00edcuota del 35% y alcanzar\u00e1 a las compras de moneda extranjera para atesoramiento as\u00ed como a las compras con tarjeta de cr\u00e9dito y d\u00e9bito que sean canceladas en moneda extranjera. La medida recae sobre todas aquellas operaciones alcanzadas por el Impuesto PAIS. <\/p>\n<p>Tambi\u00e9n habr\u00e1 mayores regulaciones para el acceso a la compra de d\u00f3lares de la reserva para cancelaci\u00f3n de deudas, capital e intereses, del sector privado.<\/p>\n<p>Las empresas tendr\u00e1n que presentar un plan de refinanciaci\u00f3n de sus deudas en base a los siguientes criterios:<\/p>\n<p>1. El monto por el que se acceder\u00e1 al mercado de cambios no puede superar el 40% de lo que se va a cancelar. <\/p>\n<p>2. El resto debe ser refinanciado con un nuevo endeudameintyo con una vida promedio de dos a\u00f1os.<\/p>\n<p>Desde Econom\u00eda, se piensa en reforzar el impacto de esas medidas con la presentaci\u00f3n y defensa del proyecto de Ley de Presupuesto, que servir\u00e1 para explicitar el horizonte de pol\u00edtica econ\u00f3mica que prev\u00e9n los funcionarios. Tanto en relaci\u00f3n con la evoluci\u00f3n esperada de las principales variables como en los objetivos y herramientas elegidos para conseguirlas. En palabras del ministro Guzm\u00e1n, \u00abel presupuesto define un camino de reconstrucci\u00f3n para levantarnos y volver a andar\u201d <\/p>\n<p>Desde el Ministerio de Econom\u00eda se fijaron los principios fundamentales<\/p>\n<p>1) Estabilizaci\u00f3n macroecon\u00f3mica: Impulsar la recuperaci\u00f3n econ\u00f3mica con un esquema de pol\u00edtica fiscal expansiva y un Estado que cumple un rol fundamental para proteger a los sectores m\u00e1s vulnerables, incentivar el mercado interno y potenciar un crecimiento de la producci\u00f3n y de las exportaciones. Ejes esenciales para que nuestro pa\u00eds pueda sostener el crecimiento.<\/p>\n<p>2) Sostenibilidad fiscal: requerir\u00e1 de esfuerzo consistente para lograr un equilibrio fiscal compatible con un crecimiento inclusivo.<\/p>\n<p>Y se distribuy\u00f3 un resumen con sus principales pautas.<\/p>\n<p>Puntos fundamentales del Presupuesto 2021<br \/>\n&#x2705; Los objetivos estructurales del Gobierno Nacional:<\/p>\n<p>Construir un modelo de desarrollo sustentable en t\u00e9rminos econ\u00f3micos, sociales y pol\u00edticos que re\u00fana en simult\u00e1neo 5 condiciones estructurales: inclusi\u00f3n, dinamismo, estabilidad, federalismo y soberan\u00eda.<\/p>\n<p>&#x2705; Principales supuestos macroecon\u00f3micos del Presupuesto 2021<\/p>\n<p>El Presupuesto 2021 es realista y est\u00e1 basado en supuestos prudentes acerca de la evoluci\u00f3n futura de la econom\u00eda local.<\/p>\n<p>&#x1f4cc; El d\u00e9ficit primario objetivo es de 4,5% del PBI.<\/p>\n<p>\u2022 Es un nivel que apunta a garantizar una recuperaci\u00f3n sostenible de la actividad y el empleo y un fortalecimiento de la inversi\u00f3n p\u00fablica en \u00e1reas estrat\u00e9gicas.<\/p>\n<p>\u2022 Es un nivel adecuado y asequible en t\u00e9rminos de financiamiento, compatible con la estabilidad y consistencia macroecon\u00f3mica.<\/p>\n<p>\u2022 La din\u00e1mica de los ingresos y el gasto p\u00fablicos tender\u00e1 a normalizarse respecto a la excepcionalidad de 2020 en el marco de la pandemia COVID-19.<\/p>\n<p>&#x1f4cc; Los ingresos p\u00fablicos mostrar\u00e1n una recuperaci\u00f3n robusta<\/p>\n<p>\u2022 La recuperaci\u00f3n econ\u00f3mica ofrece un piso elevado para la recaudaci\u00f3n tributaria a nivel nacional. \u2022 La Ley de Solidaridad Social y Reactivaci\u00f3n Productiva fue central para que en este 2021 podamos contar con los recursos necesarios para impulsar la actividad y el empleo.<\/p>\n<p>\u2022 Seguimos trabajando en una reforma tributaria que permitir\u00e1 mejorar la distribuci\u00f3n del ingreso. Esta reforma no est\u00e1 contemplada en el proyecto de Ley de Presupuesto 2021.<\/p>\n<p>&#x1f4cc; El Estado tendr\u00e1 un rol activo en el proceso de reconstrucci\u00f3n. \u2022El Presupuesto 2021 es un presupuesto para la recuperaci\u00f3n econ\u00f3mica. \u2022El gasto primario real crecer\u00e1 respecto a 2020 sin las erogaciones extraordinarias por COVID-19 (+7,6% i.a. en t\u00e9rminos reales) y respecto a 2019 (+10,1% i.a. en t\u00e9rminos reales).<\/p>\n","protected":false},"excerpt":{"rendered":"<p>Despu\u00e9s de una reuni\u00f3n de directorio para fijar los \u00faltimos detalles, las autoridades del Banco Central dar\u00e1n a conocer nuevas medidas de regulaci\u00f3n para la compra de d\u00f3lares ahorro y el manejo del mercado de cambios. En paralelo, Econom\u00eda presenta todas las pautas y objetivos del Presupuesto 2021 para dejar claros los par\u00e1metros de la pol\u00edtica econ\u00f3mica.<\/p>\n","protected":false},"author":4,"featured_media":0,"comment_status":"open","ping_status":"open","sticky":false,"template":"","format":"standard","meta":{"_jetpack_newsletter_access":"","_jetpack_dont_email_post_to_subs":false,"_jetpack_newsletter_tier_id":0,"_jetpack_memberships_contains_paywalled_content":false,"_jetpack_memberships_contains_paid_content":false,"footnotes":""},"categories":[45],"tags":[],"class_list":["post-116238","post","type-post","status-publish","format-standard","hentry","category-economia"],"jetpack_featured_media_url":"","jetpack_shortlink":"https:\/\/wp.me\/p2JWE0-ueO","jetpack-related-posts":[{"id":119082,"url":"https:\/\/www.24baires.com\/?p=119082","url_meta":{"origin":116238,"position":0},"title":"Batakis anunci\u00f3 cu\u00e1les ser\u00e1n sus medidas econ\u00f3micas","author":"AF","date":"11\/07\/2022","format":false,"excerpt":"La ministra de Econom\u00eda dio a conocer las primeras medidas que pondr\u00e1 en marcha. Tambi\u00e9n hizo un repaso de los temas centrales en materia econ\u00f3mica. El video de la conferencia de prensa de Silvina Batakis. La ministra de Econom\u00eda, Silvina Batakis, anunci\u00f3 este lunes las primeras medidas que implementar\u00e1 desde\u2026","rel":"","context":"En \u00abEconom\u00eda\u00bb","block_context":{"text":"Econom\u00eda","link":"https:\/\/www.24baires.com\/?cat=45"},"img":{"alt_text":"","src":"https:\/\/i0.wp.com\/www.24baires.com\/wp-content\/uploads\/2022\/07\/Batakis-1.jpg?resize=350%2C200","width":350,"height":200,"srcset":"https:\/\/i0.wp.com\/www.24baires.com\/wp-content\/uploads\/2022\/07\/Batakis-1.jpg?resize=350%2C200 1x, https:\/\/i0.wp.com\/www.24baires.com\/wp-content\/uploads\/2022\/07\/Batakis-1.jpg?resize=525%2C300 1.5x, https:\/\/i0.wp.com\/www.24baires.com\/wp-content\/uploads\/2022\/07\/Batakis-1.jpg?resize=700%2C400 2x"},"classes":[]},{"id":111701,"url":"https:\/\/www.24baires.com\/?p=111701","url_meta":{"origin":116238,"position":1},"title":"Tras la asunci\u00f3n de Lacunza, el Central anunci\u00f3 que no usar\u00e1 reservas para contener al d\u00f3lar","author":"GB","date":"20\/08\/2019","format":false,"excerpt":"El presidente del Banco Central consider\u00f3 que el tipo de cambio es \"competitivo\" y asegur\u00f3 que la entidad seguir\u00e1 \"absorviendo pesos\". El presidente del Banco Central, Guido Sandleris, neg\u00f3 esta martes que la entidad oficial vaya usar sus reservas para contener al d\u00f3lar, cuyo valor consider\u00f3 \"competitivo\". \"Las reservas son\u2026","rel":"","context":"En \u00abEconom\u00eda\u00bb","block_context":{"text":"Econom\u00eda","link":"https:\/\/www.24baires.com\/?cat=45"},"img":{"alt_text":"","src":"https:\/\/i0.wp.com\/www.24baires.com\/wp-content\/uploads\/2019\/08\/sandleris-255x300.jpg?resize=350%2C200","width":350,"height":200},"classes":[]},{"id":119152,"url":"https:\/\/www.24baires.com\/?p=119152","url_meta":{"origin":116238,"position":2},"title":"El Banco Central espera sumar US$ 2.500 millones por la exportaci\u00f3n de soja","author":"AF","date":"27\/07\/2022","format":false,"excerpt":"\"Seguramente podamos obtener 2.500 millones de d\u00f3lares, muy posiblemente m\u00e1s. Creemos que esa es una cifra posible. Vamos a ver si el incentivo lleva a una venta mayor\u201d, afirm\u00f3 Miguel Pesce, quien enfatiz\u00f3 que la medida estar\u00e1 vigente hasta el 31 de agosto. El presidente del Banco Central (BCRA), Miguel\u2026","rel":"","context":"En \u00abEconom\u00eda\u00bb","block_context":{"text":"Econom\u00eda","link":"https:\/\/www.24baires.com\/?cat=45"},"img":{"alt_text":"","src":"https:\/\/i0.wp.com\/www.24baires.com\/wp-content\/uploads\/2022\/07\/soja.jpg?resize=350%2C200","width":350,"height":200,"srcset":"https:\/\/i0.wp.com\/www.24baires.com\/wp-content\/uploads\/2022\/07\/soja.jpg?resize=350%2C200 1x, https:\/\/i0.wp.com\/www.24baires.com\/wp-content\/uploads\/2022\/07\/soja.jpg?resize=525%2C300 1.5x, https:\/\/i0.wp.com\/www.24baires.com\/wp-content\/uploads\/2022\/07\/soja.jpg?resize=700%2C400 2x"},"classes":[]},{"id":116373,"url":"https:\/\/www.24baires.com\/?p=116373","url_meta":{"origin":116238,"position":3},"title":"Funcionarios de alto rango no podr\u00e1n comprar d\u00f3lar ahorro","author":"AF","date":"01\/10\/2020","format":false,"excerpt":"As\u00ed lo anticip\u00f3 el ministro de Econom\u00eda Mart\u00edn Guzm\u00e1n. \"Hay que generar confianza para generar ahorro en nuestra moneda\", plante\u00f3. El ministro de Econom\u00eda, Mart\u00edn Guzm\u00e1n, dijo hoy que \"no habr\u00e1\" nuevas medidas cambiarias y aclar\u00f3 que los funcionarios de alto rango no van a poder comprar d\u00f3lar ahorro. En\u2026","rel":"","context":"En \u00abSociedad\u00bb","block_context":{"text":"Sociedad","link":"https:\/\/www.24baires.com\/?cat=1"},"img":{"alt_text":"","src":"https:\/\/i0.wp.com\/www.24baires.com\/wp-content\/uploads\/2018\/04\/d%C3%B3lar.jpg?resize=350%2C200","width":350,"height":200,"srcset":"https:\/\/i0.wp.com\/www.24baires.com\/wp-content\/uploads\/2018\/04\/d%C3%B3lar.jpg?resize=350%2C200 1x, https:\/\/i0.wp.com\/www.24baires.com\/wp-content\/uploads\/2018\/04\/d%C3%B3lar.jpg?resize=525%2C300 1.5x"},"classes":[]},{"id":111666,"url":"https:\/\/www.24baires.com\/?p=111666","url_meta":{"origin":116238,"position":4},"title":"Redrado acus\u00f3 a Macri por no frenar la suba del d\u00f3lar","author":"GB","date":"16\/08\/2019","format":false,"excerpt":"El economista y ex titular del Banco Central responsabiliz\u00f3 a Macri y Guido Sandleris por la devaluaci\u00f3n. El economista Mart\u00edn Redrado critic\u00f3 al gobierno por la serie de medidas econ\u00f3micas anunciadas esta semana con el objetivo de \u201caliviar\u201d el impacto de la crisis que provocar\u00e1 la devaluaci\u00f3n cercana al 30\u2026","rel":"","context":"En \u00abPol\u00edtica\u00bb","block_context":{"text":"Pol\u00edtica","link":"https:\/\/www.24baires.com\/?cat=51"},"img":{"alt_text":"","src":"https:\/\/i0.wp.com\/www.24baires.com\/wp-content\/uploads\/2015\/10\/redrado.jpg?resize=350%2C200","width":350,"height":200,"srcset":"https:\/\/i0.wp.com\/www.24baires.com\/wp-content\/uploads\/2015\/10\/redrado.jpg?resize=350%2C200 1x, https:\/\/i0.wp.com\/www.24baires.com\/wp-content\/uploads\/2015\/10\/redrado.jpg?resize=525%2C300 1.5x"},"classes":[]},{"id":119959,"url":"https:\/\/www.24baires.com\/?p=119959","url_meta":{"origin":116238,"position":5},"title":"El FMI calcula que el impacto de la sequ\u00eda es de 9000 millones de d\u00f3lares","author":"AF","date":"29\/03\/2023","format":false,"excerpt":"En Econom\u00eda dejaron trascender que, para el Fondo Monetario Internacional, las consecuencias de la hist\u00f3rica seca es menor a lo que calcul\u00f3 la Bolsa de Rosario. Los planes para nuevo d\u00f3lar a las econom\u00edas regionales, las reservas en el Banco Central y la renegociaci\u00f3n del programa con el Fondo. El\u2026","rel":"","context":"En \u00abEconom\u00eda\u00bb","block_context":{"text":"Econom\u00eda","link":"https:\/\/www.24baires.com\/?cat=45"},"img":{"alt_text":"","src":"https:\/\/i0.wp.com\/www.24baires.com\/wp-content\/uploads\/2023\/03\/massa-fmi.jpeg?resize=350%2C200","width":350,"height":200,"srcset":"https:\/\/i0.wp.com\/www.24baires.com\/wp-content\/uploads\/2023\/03\/massa-fmi.jpeg?resize=350%2C200 1x, https:\/\/i0.wp.com\/www.24baires.com\/wp-content\/uploads\/2023\/03\/massa-fmi.jpeg?resize=525%2C300 1.5x, https:\/\/i0.wp.com\/www.24baires.com\/wp-content\/uploads\/2023\/03\/massa-fmi.jpeg?resize=700%2C400 2x"},"classes":[]}],"jetpack_sharing_enabled":true,"jetpack_likes_enabled":true,"_links":{"self":[{"href":"https:\/\/www.24baires.com\/index.php?rest_route=\/wp\/v2\/posts\/116238","targetHints":{"allow":["GET"]}}],"collection":[{"href":"https:\/\/www.24baires.com\/index.php?rest_route=\/wp\/v2\/posts"}],"about":[{"href":"https:\/\/www.24baires.com\/index.php?rest_route=\/wp\/v2\/types\/post"}],"author":[{"embeddable":true,"href":"https:\/\/www.24baires.com\/index.php?rest_route=\/wp\/v2\/users\/4"}],"replies":[{"embeddable":true,"href":"https:\/\/www.24baires.com\/index.php?rest_route=%2Fwp%2Fv2%2Fcomments&post=116238"}],"version-history":[{"count":1,"href":"https:\/\/www.24baires.com\/index.php?rest_route=\/wp\/v2\/posts\/116238\/revisions"}],"predecessor-version":[{"id":116242,"href":"https:\/\/www.24baires.com\/index.php?rest_route=\/wp\/v2\/posts\/116238\/revisions\/116242"}],"wp:attachment":[{"href":"https:\/\/www.24baires.com\/index.php?rest_route=%2Fwp%2Fv2%2Fmedia&parent=116238"}],"wp:term":[{"taxonomy":"category","embeddable":true,"href":"https:\/\/www.24baires.com\/index.php?rest_route=%2Fwp%2Fv2%2Fcategories&post=116238"},{"taxonomy":"post_tag","embeddable":true,"href":"https:\/\/www.24baires.com\/index.php?rest_route=%2Fwp%2Fv2%2Ftags&post=116238"}],"curies":[{"name":"wp","href":"https:\/\/api.w.org\/{rel}","templated":true}]}}