{"id":116224,"date":"2020-09-14T15:32:51","date_gmt":"2020-09-14T18:32:51","guid":{"rendered":"http:\/\/www.24baires.com\/?p=116224"},"modified":"2020-09-14T19:34:12","modified_gmt":"2020-09-14T22:34:12","slug":"kicillof-postergo-el-plazo-para-reestructurar-la-deuda","status":"publish","type":"post","link":"https:\/\/www.24baires.com\/?p=116224","title":{"rendered":"Kicillof posterg\u00f3 el plazo para reestructurar la deuda"},"content":{"rendered":"<p><img data-recalc-dims=\"1\" loading=\"lazy\" decoding=\"async\" src=\"https:\/\/i0.wp.com\/www.24baires.com\/wp-content\/uploads\/2020\/07\/kicillof-arroyo.jpeg?resize=560%2C349\" alt=\"\" width=\"560\" height=\"349\" class=\"aligncenter size-full wp-image-115540\" srcset=\"https:\/\/i0.wp.com\/www.24baires.com\/wp-content\/uploads\/2020\/07\/kicillof-arroyo.jpeg?w=560&amp;ssl=1 560w, https:\/\/i0.wp.com\/www.24baires.com\/wp-content\/uploads\/2020\/07\/kicillof-arroyo.jpeg?resize=300%2C187&amp;ssl=1 300w\" sizes=\"auto, (max-width: 560px) 100vw, 560px\" \/>Se trata de una negociaci\u00f3n que ser\u00e1 clave para definir el futuro de los bonos de otras once provincias del pa\u00eds.<!--more--><\/p>\n<p>El gobernador de la provincia de Buenos Aires, Axel Kicillof, extendi\u00f3 este lunes, por s\u00e9ptima vez, el plazo de aceptaci\u00f3n de la oferta de reestructuraci\u00f3n de duda por US$ 7.148 millones.<\/p>\n<p>Se trata de una negociaci\u00f3n que ser\u00e1 clave para definir el futuro de los bonos que otras once provincias del pa\u00eds buscan renegociar. El nuevo plazo es hasta el 9 de octubre pr\u00f3ximo.<\/p>\n<p>\u00abLa provincia de Buenos Aires informa que extiende el per\u00edodo de presentaci\u00f3n de \u00f3rdenes para canjear los bonos elegibles por nuevos bonos hasta el pr\u00f3ximo 9 de octubre\u00bb, explic\u00f3 el Ministerio de Hacienda y Finanzas provincial que conduce Pablo L\u00f3pez a trav\u00e9s de un comunicado.<\/p>\n<p>De esta manera, la cartera indic\u00f3 que hasta el 9 de octubre \u00abcontinuar\u00e1 manteniendo conversaciones con los acreedores privados externos para poder alcanzar un acuerdo acorde con la capacidad de pago de la provincia de Buenos Aires y que permita recuperar la sostenibilidad de la deuda p\u00fablica\u00bb.<\/p>\n<p>La decisi\u00f3n se tom\u00f3 luego que el viernes pasado venciera la sexta pr\u00f3rroga del plazo de negociaci\u00f3n que la Provincia inici\u00f3 el 23 de abril, cuando propuso cambiar 23 bonos -casi el 70% de la deuda bruta provincial- por t\u00edtulos con un per\u00edodo de gracia de tres a\u00f1os, recorte del 55% en las tasas de inter\u00e9s y del 7% en el capital, adem\u00e1s de la extensi\u00f3n de la vida promedio de los bonos a 13 a\u00f1os.<\/p>\n<p>El resultado de la reestructuraci\u00f3n de la deuda de Buenos Aires ser\u00e1 fundamental para los procesos que encaran una docena de provincias buscan canjear, en total, m\u00e1s de US$ 13.000 millones con acreedores privados, atentas a las limitaciones que dej\u00f3 el coronavirus en la recaudaci\u00f3n de las arcas provinciales.<\/p>\n","protected":false},"excerpt":{"rendered":"<p>Se trata de una negociaci\u00f3n que ser\u00e1 clave para definir el futuro de los bonos de otras once provincias del pa\u00eds.<\/p>\n","protected":false},"author":4,"featured_media":0,"comment_status":"open","ping_status":"open","sticky":false,"template":"","format":"standard","meta":{"_jetpack_newsletter_access":"","_jetpack_dont_email_post_to_subs":false,"_jetpack_newsletter_tier_id":0,"_jetpack_memberships_contains_paywalled_content":false,"_jetpack_memberships_contains_paid_content":false,"footnotes":""},"categories":[40],"tags":[],"class_list":["post-116224","post","type-post","status-publish","format-standard","hentry","category-provincia"],"jetpack_shortlink":"https:\/\/wp.me\/p2JWE0-ueA","jetpack-related-posts":[{"id":114975,"url":"https:\/\/www.24baires.com\/?p=114975","url_meta":{"origin":116224,"position":0},"title":"Kicillof consigui\u00f3 el respaldo de los intendentes bonaerenses para el canje de deuda","author":"GB","date":"11\/05\/2020","format":false,"excerpt":"Los jefes comunales calificaron el resultado de la negociaci\u00f3n como \"crucial para el futuro de las y los bonaerenses\" y se volcaron masivamente en respaldo a la posici\u00f3n del gobierno. Este lunes a las 17 horas se vence el plazo para que los bonistas den una respuesta a la propuesta\u2026","rel":"","context":"En \u00abProvincia\u00bb","block_context":{"text":"Provincia","link":"https:\/\/www.24baires.com\/?cat=40"},"img":{"alt_text":"","src":"https:\/\/i0.wp.com\/www.24baires.com\/wp-content\/uploads\/2020\/05\/kicilof.jpg?resize=350%2C200","width":350,"height":200,"srcset":"https:\/\/i0.wp.com\/www.24baires.com\/wp-content\/uploads\/2020\/05\/kicilof.jpg?resize=350%2C200 1x, https:\/\/i0.wp.com\/www.24baires.com\/wp-content\/uploads\/2020\/05\/kicilof.jpg?resize=525%2C300 1.5x"},"classes":[]},{"id":113899,"url":"https:\/\/www.24baires.com\/?p=113899","url_meta":{"origin":116224,"position":1},"title":"La Provincia extiende el plazo para seguir con la negociaci\u00f3n de la deuda","author":"AF","date":"22\/01\/2020","format":false,"excerpt":"El Gobierno bonaerense no consigui\u00f3 un acuerdo con los acreedores y se tomar\u00e1 nueve d\u00edas m\u00e1s para seguir con las negociaciones. Sin acuerdo con los acreedores, el gobierno de Axel Kicillof logr\u00f3 entendi\u00f3 hasta el 31 de enero las negociaciones, en busca de ganar tiempo para que los tenedores de\u2026","rel":"","context":"En \u00abProvincia\u00bb","block_context":{"text":"Provincia","link":"https:\/\/www.24baires.com\/?cat=40"},"img":{"alt_text":"","src":"https:\/\/i0.wp.com\/www.24baires.com\/wp-content\/uploads\/2019\/08\/kicillof-1.jpg?resize=350%2C200","width":350,"height":200,"srcset":"https:\/\/i0.wp.com\/www.24baires.com\/wp-content\/uploads\/2019\/08\/kicillof-1.jpg?resize=350%2C200 1x, https:\/\/i0.wp.com\/www.24baires.com\/wp-content\/uploads\/2019\/08\/kicillof-1.jpg?resize=525%2C300 1.5x"},"classes":[]},{"id":114020,"url":"https:\/\/www.24baires.com\/?p=114020","url_meta":{"origin":116224,"position":2},"title":"Provincia paga con fondos propios y reestructura deuda en moneda extranjera","author":"AF","date":"04\/02\/2020","format":false,"excerpt":"El gobierno bonaerense anunci\u00f3 que no alcanz\u00f3 cerrar la negociaci\u00f3n con el 75% necesario de los acreedores. Por lo tanto, pagar\u00e1 el BP21 con fondos propios. El resto de la deuda en moneda extrajera entrar\u00e1 en un proceso de reestructuraci\u00f3n. Apunt\u00f3 con dureza a Macri y Vidal por dejar \"una\u2026","rel":"","context":"En \u00abProvincia\u00bb","block_context":{"text":"Provincia","link":"https:\/\/www.24baires.com\/?cat=40"},"img":{"alt_text":"","src":"https:\/\/i0.wp.com\/www.24baires.com\/wp-content\/uploads\/2019\/11\/kicillof.jpg?resize=350%2C200","width":350,"height":200,"srcset":"https:\/\/i0.wp.com\/www.24baires.com\/wp-content\/uploads\/2019\/11\/kicillof.jpg?resize=350%2C200 1x, https:\/\/i0.wp.com\/www.24baires.com\/wp-content\/uploads\/2019\/11\/kicillof.jpg?resize=525%2C300 1.5x"},"classes":[]},{"id":114015,"url":"https:\/\/www.24baires.com\/?p=114015","url_meta":{"origin":116224,"position":3},"title":"La Provincia extendi\u00f3 hasta el mediod\u00eda el plazo para llegar a un acuerdo con los acreedores","author":"GB","date":"04\/02\/2020","format":false,"excerpt":"El Gobierno bonaerense estir\u00f3 hasta las 12 de este martes el tiempo para que los tenedores brinden se\u00f1ales sobre la propuesta elaborada. En el marco de un total hermetismo por parte del gobierno de Axel Kicillof, el Ministerio de Hacienda y Finanzas extendi\u00f3 hasta las 12 del mediod\u00eda de hoy\u2026","rel":"","context":"En \u00abEconom\u00eda\u00bb","block_context":{"text":"Econom\u00eda","link":"https:\/\/www.24baires.com\/?cat=45"},"img":{"alt_text":"","src":"https:\/\/i0.wp.com\/www.24baires.com\/wp-content\/uploads\/2019\/11\/kicillof.jpg?resize=350%2C200","width":350,"height":200,"srcset":"https:\/\/i0.wp.com\/www.24baires.com\/wp-content\/uploads\/2019\/11\/kicillof.jpg?resize=350%2C200 1x, https:\/\/i0.wp.com\/www.24baires.com\/wp-content\/uploads\/2019\/11\/kicillof.jpg?resize=525%2C300 1.5x"},"classes":[]},{"id":120455,"url":"https:\/\/www.24baires.com\/?p=120455","url_meta":{"origin":116224,"position":4},"title":"Oficializaron el fondo provincial para que los municipios paguen el bono","author":"GB","date":"11\/09\/2023","format":false,"excerpt":"El gobierno bonaerense puso en marcha el fondo especial para ayudar a los municipios a pagar la suma fija a sus trabajadores. A trav\u00e9s del Decreto 1610\/23, la provincia de Buenos Aires cre\u00f3 el Fondo Especial de Asignaciones Extraordinarias Salariales para Municipios. Se trata de la asistencia financiera que dispuso\u2026","rel":"","context":"En \u00abProvincia\u00bb","block_context":{"text":"Provincia","link":"https:\/\/www.24baires.com\/?cat=40"},"img":{"alt_text":"","src":"https:\/\/i0.wp.com\/www.24baires.com\/wp-content\/uploads\/2023\/09\/walter-correa-axel-kicillof-y-pablo-lopezjpg.webp?resize=350%2C200","width":350,"height":200,"srcset":"https:\/\/i0.wp.com\/www.24baires.com\/wp-content\/uploads\/2023\/09\/walter-correa-axel-kicillof-y-pablo-lopezjpg.webp?resize=350%2C200 1x, https:\/\/i0.wp.com\/www.24baires.com\/wp-content\/uploads\/2023\/09\/walter-correa-axel-kicillof-y-pablo-lopezjpg.webp?resize=525%2C300 1.5x, https:\/\/i0.wp.com\/www.24baires.com\/wp-content\/uploads\/2023\/09\/walter-correa-axel-kicillof-y-pablo-lopezjpg.webp?resize=700%2C400 2x"},"classes":[]},{"id":113795,"url":"https:\/\/www.24baires.com\/?p=113795","url_meta":{"origin":116224,"position":5},"title":"\u00abLo que Vidal dej\u00f3 es insuficiente para afrontar los vencimientos de deuda\u00bb","author":"AF","date":"14\/01\/2020","format":false,"excerpt":"El gobernador bonaerense ratific\u00f3 la voluntad de pago de la Provincia y adhiri\u00f3 a la estrategia de Naci\u00f3n de reperfilar los vencimientos de capital sin quita de intereses. El gobernador de la provincia de Buenos Aires, Axel Kicillof, explic\u00f3 el alcance de la propuesta que presentaron a los tenedores del\u2026","rel":"","context":"En \u00abProvincia\u00bb","block_context":{"text":"Provincia","link":"https:\/\/www.24baires.com\/?cat=40"},"img":{"alt_text":"","src":"https:\/\/i0.wp.com\/www.24baires.com\/wp-content\/uploads\/2019\/11\/kicillof.jpg?resize=350%2C200","width":350,"height":200,"srcset":"https:\/\/i0.wp.com\/www.24baires.com\/wp-content\/uploads\/2019\/11\/kicillof.jpg?resize=350%2C200 1x, https:\/\/i0.wp.com\/www.24baires.com\/wp-content\/uploads\/2019\/11\/kicillof.jpg?resize=525%2C300 1.5x"},"classes":[]}],"jetpack_sharing_enabled":true,"jetpack_likes_enabled":true,"jetpack_featured_media_url":"","_links":{"self":[{"href":"https:\/\/www.24baires.com\/index.php?rest_route=\/wp\/v2\/posts\/116224","targetHints":{"allow":["GET"]}}],"collection":[{"href":"https:\/\/www.24baires.com\/index.php?rest_route=\/wp\/v2\/posts"}],"about":[{"href":"https:\/\/www.24baires.com\/index.php?rest_route=\/wp\/v2\/types\/post"}],"author":[{"embeddable":true,"href":"https:\/\/www.24baires.com\/index.php?rest_route=\/wp\/v2\/users\/4"}],"replies":[{"embeddable":true,"href":"https:\/\/www.24baires.com\/index.php?rest_route=%2Fwp%2Fv2%2Fcomments&post=116224"}],"version-history":[{"count":1,"href":"https:\/\/www.24baires.com\/index.php?rest_route=\/wp\/v2\/posts\/116224\/revisions"}],"predecessor-version":[{"id":116225,"href":"https:\/\/www.24baires.com\/index.php?rest_route=\/wp\/v2\/posts\/116224\/revisions\/116225"}],"wp:attachment":[{"href":"https:\/\/www.24baires.com\/index.php?rest_route=%2Fwp%2Fv2%2Fmedia&parent=116224"}],"wp:term":[{"taxonomy":"category","embeddable":true,"href":"https:\/\/www.24baires.com\/index.php?rest_route=%2Fwp%2Fv2%2Fcategories&post=116224"},{"taxonomy":"post_tag","embeddable":true,"href":"https:\/\/www.24baires.com\/index.php?rest_route=%2Fwp%2Fv2%2Ftags&post=116224"}],"curies":[{"name":"wp","href":"https:\/\/api.w.org\/{rel}","templated":true}]}}