{"id":116221,"date":"2020-09-14T14:31:48","date_gmt":"2020-09-14T17:31:48","guid":{"rendered":"http:\/\/www.24baires.com\/?p=116221"},"modified":"2020-09-14T14:31:48","modified_gmt":"2020-09-14T17:31:48","slug":"precios-cuidados-construccion-habra-90-productos-que-serviran-de-referencia-y-tendran-rebajas","status":"publish","type":"post","link":"https:\/\/www.24baires.com\/?p=116221","title":{"rendered":"Precios Cuidados construcci\u00f3n: habr\u00e1 90 productos que servir\u00e1n de referencia y tendr\u00e1n rebajas"},"content":{"rendered":"<p><img data-recalc-dims=\"1\" loading=\"lazy\" decoding=\"async\" src=\"https:\/\/i0.wp.com\/www.24baires.com\/wp-content\/uploads\/2019\/01\/construcci%C3%B3n.png?resize=560%2C315\" alt=\"\" width=\"560\" height=\"315\" class=\"aligncenter size-full wp-image-106197\" srcset=\"https:\/\/i0.wp.com\/www.24baires.com\/wp-content\/uploads\/2019\/01\/construcci%C3%B3n.png?w=560&amp;ssl=1 560w, https:\/\/i0.wp.com\/www.24baires.com\/wp-content\/uploads\/2019\/01\/construcci%C3%B3n.png?resize=300%2C169&amp;ssl=1 300w\" sizes=\"auto, (max-width: 560px) 100vw, 560px\" \/>Incluye grifer\u00edas, sanitarios, cementos, entre otros. El acuerdo contempla 500 comercios de todo el pa\u00eds. El Gobierno lanz\u00f3 el plan con el objetivo mover uno de los sectores que m\u00e1s trabajo genera en las poblaciones m\u00e1s vulnerables.<!--more--><\/p>\n<p>El presidente Alberto Fern\u00e1ndez present\u00f3 este lunes la extensi\u00f3n del programa Precios Cuidados a insumos de la construcci\u00f3n. La lista incluye casi un centenar de insumos b\u00e1sicos para la construcci\u00f3n que tendr\u00e1n precios acordados con el gobierno nacional y que servir\u00e1n de referencia para el resto de las marcas de modo de que el consumidor pueda elegir m\u00e1s f\u00e1cilmente y saber si le est\u00e1n pidiendo m\u00e1s de lo que corresponde por un mismo producto.<\/p>\n<p>El encargado de presentar los detalles de la extensi\u00f3n del programa fue el ministro de Desarrollo Productivo, Mat\u00edas Kulfas, quien explic\u00f3 que esta primera lista est\u00e1 compuesta por 90 productos que presentan una reducci\u00f3n del 5% con respecto a sus precios preexistentes y que se podr\u00e1n adquirir en 500 comercios de todo el pa\u00eds.<\/p>\n<p>Los productos pertenecen a 17 distintos rubros, tanto de obra gruesa como de terminaci\u00f3n. As\u00ed se podr\u00e1n conseguir en Precios Cuidados aberturas, pinturas, arena, placas de cemento, cal, placas de yeso, cemento, productos de aislaci\u00f3n e impermeabilizaci\u00f3n, cer\u00e1micos y porcelanatos, productos de electricidad, chapa, productos de iluminaci\u00f3n, grifer\u00eda, sanitarios, hierro, yeso y ladrillos.<\/p>\n<p>Kulfas destac\u00f3 que la construcci\u00f3n es un sector clave para la reactivaci\u00f3n econ\u00f3mica por el dinamismo que aporta a la industria y a la creaci\u00f3n de puestos de trabajo. En ese sentido destac\u00f3 que \u00abya hay se\u00f1ales concretas de reactivaci\u00f3n, en agosto el \u00edndice Construya que mide la venta de insumos para la construcci\u00f3n creci\u00f3 2,3% con respecto a agosto del a\u00f1o pasado y llevamos tres meses consecutivos de variaciones interanuales positivas. Algo parecido vemos con el \u00edndice de la Construcci\u00f3n que mide el INDEC\u00bb.<\/p>\n<p>Del acto tambi\u00e9n particip\u00f3 el gobernador de la provincia de Buenos Aires, Axel Kicillof, quien advirti\u00f3 que los cuatro a\u00f1os de gesti\u00f3n de Mauricio Macri constituyeron \u00abuna tormenta perfecta\u00bb para la industria nacional. \u00abAltas tasas de inter\u00e9s, ca\u00edda del consumo e importaciones abiertas, parec\u00eda como si hubiesen querido destruir la industria nacional\u00bb dijo y abund\u00f3: \u00abA veces pareciera no solo que el Estado no ayuda, sino que directamente patea en contra. El neoliberal no es un Estado ausente, es un Estado presente pero que patea en contra\u00bb.<\/p>\n<p>Por su parte, el presidente Fern\u00e1ndez advirti\u00f3 que \u00abel verdadero dilema est\u00e1 entre los que creemos que el Estado asociados a los que producen y trabajan podemos hacer un pa\u00eds para todos y los que creen que la Argentina es un pa\u00eds para pocos. Ese es el verdadero dilema. Est\u00e1n convencidos que es mejor negocio tener el dinero afuera en para\u00edsos fiscales y as\u00ed potencian las fortunas que heredaron o construyeron evadiendo impuestos\u00bb.<\/p>\n<p>\u00abPero hay otra Argentina, la Argentina de empresarios que sacan plata de sus bolsillos y se arriesgan\u00bb sigui\u00f3 y concluy\u00f3: \u00abcuando unos ganan mucho y otros pierden mucho eso no se parece a una sociedad, se parece m\u00e1s a una estafa\u00bb.<\/p>\n","protected":false},"excerpt":{"rendered":"<p>Incluye grifer\u00edas, sanitarios, cementos, entre otros. El acuerdo contempla 500 comercios de todo el pa\u00eds. El Gobierno lanz\u00f3 el plan con el objetivo mover uno de los sectores que m\u00e1s trabajo genera en las poblaciones m\u00e1s vulnerables.<\/p>\n","protected":false},"author":4,"featured_media":0,"comment_status":"open","ping_status":"open","sticky":false,"template":"","format":"standard","meta":{"_jetpack_newsletter_access":"","_jetpack_dont_email_post_to_subs":false,"_jetpack_newsletter_tier_id":0,"_jetpack_memberships_contains_paywalled_content":false,"_jetpack_memberships_contains_paid_content":false,"footnotes":""},"categories":[45],"tags":[],"class_list":["post-116221","post","type-post","status-publish","format-standard","hentry","category-economia"],"jetpack_featured_media_url":"","jetpack_shortlink":"https:\/\/wp.me\/p2JWE0-uex","jetpack-related-posts":[{"id":116216,"url":"https:\/\/www.24baires.com\/?p=116216","url_meta":{"origin":116221,"position":0},"title":"El Presidente lanza Precios Cuidados para la Construcci\u00f3n","author":"GB","date":"14\/09\/2020","format":false,"excerpt":"El Presidente Alberto Fern\u00e1ndez anuncia medidas destinadas para impulsar la actividad de la construcci\u00f3n. El presidente Alberto Fern\u00e1ndez presentar\u00e1 este lunes el nuevo programa Precios Cuidados para la Construcci\u00f3n en el partido bonaerense de San Fernando. De esta manera, el Gobierno nacional brinda una nueva medida con el objetivo de\u2026","rel":"","context":"En \u00abPol\u00edtica\u00bb","block_context":{"text":"Pol\u00edtica","link":"https:\/\/www.24baires.com\/?cat=51"},"img":{"alt_text":"","src":"https:\/\/i0.wp.com\/www.24baires.com\/wp-content\/uploads\/2020\/08\/alberto-fern%C3%A1ndez.jpg?resize=350%2C200","width":350,"height":200,"srcset":"https:\/\/i0.wp.com\/www.24baires.com\/wp-content\/uploads\/2020\/08\/alberto-fern%C3%A1ndez.jpg?resize=350%2C200 1x, https:\/\/i0.wp.com\/www.24baires.com\/wp-content\/uploads\/2020\/08\/alberto-fern%C3%A1ndez.jpg?resize=525%2C300 1.5x"},"classes":[]},{"id":39824,"url":"https:\/\/www.24baires.com\/?p=39824","url_meta":{"origin":116221,"position":1},"title":"\u00abEl precio de la carne debe retrotraerse por estar desvinculado del tipo de cambio\u00bb","author":"GB","date":"04\/02\/2014","format":false,"excerpt":"\"El precio de la carne deber\u00e1 retrotraerse a valores que registraba al menos diez d\u00edas atr\u00e1s al no haber vinculaci\u00f3n con la pol\u00edtica cambiaria que lleva adelante el Gobierno\", asegur\u00f3 hoy el Jefe de Gabinete, Jorge Capitanich, al referirse a los recientes aumentos detectados en carnicer\u00edas. En su habitual conferencia\u2026","rel":"","context":"En \u00abEconom\u00eda\u00bb","block_context":{"text":"Econom\u00eda","link":"https:\/\/www.24baires.com\/?cat=45"},"img":{"alt_text":"","src":"","width":0,"height":0},"classes":[]},{"id":113645,"url":"https:\/\/www.24baires.com\/?p=113645","url_meta":{"origin":116221,"position":2},"title":"Acuerdan bajar los precios de alimentos del programa de reducci\u00f3n del IVA","author":"AF","date":"31\/12\/2019","format":false,"excerpt":"La medida se complementa con el congelamiento de tarifas, peajes, naftas y la extensi\u00f3n de los beneficios a los cr\u00e9ditos UVA y el Plan Ahora 12. El gobierno nacional, los supermercadistas y productores llegaron a un acuerdo para bajar los precios de los productos alimenticios incluidos en el programa temporal\u2026","rel":"","context":"En \u00abSociedad\u00bb","block_context":{"text":"Sociedad","link":"https:\/\/www.24baires.com\/?cat=1"},"img":{"alt_text":"","src":"https:\/\/i0.wp.com\/www.24baires.com\/wp-content\/uploads\/2017\/07\/fila-supermercado.jpg?resize=350%2C200","width":350,"height":200,"srcset":"https:\/\/i0.wp.com\/www.24baires.com\/wp-content\/uploads\/2017\/07\/fila-supermercado.jpg?resize=350%2C200 1x, https:\/\/i0.wp.com\/www.24baires.com\/wp-content\/uploads\/2017\/07\/fila-supermercado.jpg?resize=525%2C300 1.5x"},"classes":[]},{"id":39776,"url":"https:\/\/www.24baires.com\/?p=39776","url_meta":{"origin":116221,"position":3},"title":"\u00abQueremos proteger a las familias que acceden a un cr\u00e9dito hipotecario\u00bb","author":"GB","date":"03\/02\/2014","format":false,"excerpt":"El Jefe de Gabinete, Jorge Capitanich, afirm\u00f3 que el Gobierno quiere \"proteger a las familias que accedan a un cr\u00e9dito hipotecario y que tienen que comprar los materiales a un precio accesible\". En un acto en el Banco Hipotecario en el que se firm\u00f3 la adhesi\u00f3n al acuerdo de precios\u2026","rel":"","context":"En \u00abEconom\u00eda\u00bb","block_context":{"text":"Econom\u00eda","link":"https:\/\/www.24baires.com\/?cat=45"},"img":{"alt_text":"capitanich dolares","src":"https:\/\/i0.wp.com\/www.24baires.com\/wp-content\/uploads\/2014\/01\/capitanich-dolares.jpg?resize=350%2C200","width":350,"height":200,"srcset":"https:\/\/i0.wp.com\/www.24baires.com\/wp-content\/uploads\/2014\/01\/capitanich-dolares.jpg?resize=350%2C200 1x, https:\/\/i0.wp.com\/www.24baires.com\/wp-content\/uploads\/2014\/01\/capitanich-dolares.jpg?resize=525%2C300 1.5x"},"classes":[]},{"id":117819,"url":"https:\/\/www.24baires.com\/?p=117819","url_meta":{"origin":116221,"position":4},"title":"Se renueva el programa Precios Cuidados","author":"GB","date":"07\/07\/2021","format":false,"excerpt":"Tendr\u00e1 actualizaciones en los precios de los productos de entre un 4 y un 8%, seg\u00fan datos extraoficiales. Este mi\u00e9rcoles se renueva el programa Precios Cuidados, con actualizaciones en los precios de los productos incluidos que ser\u00e1n del orden de un d\u00edgito y se mantendr\u00e1n por un per\u00edodo de tres\u2026","rel":"","context":"En \u00abEconom\u00eda\u00bb","block_context":{"text":"Econom\u00eda","link":"https:\/\/www.24baires.com\/?cat=45"},"img":{"alt_text":"","src":"https:\/\/i0.wp.com\/www.24baires.com\/wp-content\/uploads\/2020\/04\/supermercado.jpg?resize=350%2C200","width":350,"height":200,"srcset":"https:\/\/i0.wp.com\/www.24baires.com\/wp-content\/uploads\/2020\/04\/supermercado.jpg?resize=350%2C200 1x, https:\/\/i0.wp.com\/www.24baires.com\/wp-content\/uploads\/2020\/04\/supermercado.jpg?resize=525%2C300 1.5x"},"classes":[]},{"id":39389,"url":"https:\/\/www.24baires.com\/?p=39389","url_meta":{"origin":116221,"position":5},"title":"\u00abNo permitiremos que se trunque el sue\u00f1o de la vivienda propia\u00bb, remarc\u00f3 Bossio","author":"GB","date":"28\/01\/2014","format":false,"excerpt":"El director ejecutivo de la Anses, Diego Bossio denunci\u00f3 la existencia de ataques especulativos en los precios de la construcci\u00f3n contra las familias que, a trav\u00e9s del Programa de Cr\u00e9dito Argentino (Procrear), est\u00e1n construyendo su primera casa. Indic\u00f3 que \u201ces necesario que el empresariado argentino y, sobre todo, los corralones\u2026","rel":"","context":"En \u00abPol\u00edtica\u00bb","block_context":{"text":"Pol\u00edtica","link":"https:\/\/www.24baires.com\/?cat=51"},"img":{"alt_text":"","src":"","width":0,"height":0},"classes":[]}],"jetpack_sharing_enabled":true,"jetpack_likes_enabled":true,"_links":{"self":[{"href":"https:\/\/www.24baires.com\/index.php?rest_route=\/wp\/v2\/posts\/116221","targetHints":{"allow":["GET"]}}],"collection":[{"href":"https:\/\/www.24baires.com\/index.php?rest_route=\/wp\/v2\/posts"}],"about":[{"href":"https:\/\/www.24baires.com\/index.php?rest_route=\/wp\/v2\/types\/post"}],"author":[{"embeddable":true,"href":"https:\/\/www.24baires.com\/index.php?rest_route=\/wp\/v2\/users\/4"}],"replies":[{"embeddable":true,"href":"https:\/\/www.24baires.com\/index.php?rest_route=%2Fwp%2Fv2%2Fcomments&post=116221"}],"version-history":[{"count":1,"href":"https:\/\/www.24baires.com\/index.php?rest_route=\/wp\/v2\/posts\/116221\/revisions"}],"predecessor-version":[{"id":116222,"href":"https:\/\/www.24baires.com\/index.php?rest_route=\/wp\/v2\/posts\/116221\/revisions\/116222"}],"wp:attachment":[{"href":"https:\/\/www.24baires.com\/index.php?rest_route=%2Fwp%2Fv2%2Fmedia&parent=116221"}],"wp:term":[{"taxonomy":"category","embeddable":true,"href":"https:\/\/www.24baires.com\/index.php?rest_route=%2Fwp%2Fv2%2Fcategories&post=116221"},{"taxonomy":"post_tag","embeddable":true,"href":"https:\/\/www.24baires.com\/index.php?rest_route=%2Fwp%2Fv2%2Ftags&post=116221"}],"curies":[{"name":"wp","href":"https:\/\/api.w.org\/{rel}","templated":true}]}}