{"id":116210,"date":"2020-09-14T10:33:01","date_gmt":"2020-09-14T13:33:01","guid":{"rendered":"http:\/\/www.24baires.com\/?p=116210"},"modified":"2020-09-14T10:34:03","modified_gmt":"2020-09-14T13:34:03","slug":"profesionales-de-la-salud-exigen-paritarias","status":"publish","type":"post","link":"https:\/\/www.24baires.com\/?p=116210","title":{"rendered":"Profesionales de la Salud exigen paritarias"},"content":{"rendered":"<p><img data-recalc-dims=\"1\" loading=\"lazy\" decoding=\"async\" src=\"https:\/\/i0.wp.com\/www.24baires.com\/wp-content\/uploads\/2020\/06\/cicop.jpg?resize=560%2C349\" alt=\"\" width=\"560\" height=\"349\" class=\"aligncenter size-full wp-image-115349\" srcset=\"https:\/\/i0.wp.com\/www.24baires.com\/wp-content\/uploads\/2020\/06\/cicop.jpg?w=560&amp;ssl=1 560w, https:\/\/i0.wp.com\/www.24baires.com\/wp-content\/uploads\/2020\/06\/cicop.jpg?resize=300%2C187&amp;ssl=1 300w\" sizes=\"auto, (max-width: 560px) 100vw, 560px\" \/>Desde la CICOP calificaron como \u00abextorsiva\u00bb la protesta policial y reclamaron un tratamiento salarial en igualdad de condiciones para el resto de los sectores estatales<br \/>\n<!--more--><\/p>\n<p>Tras calificar la protesta de la polic\u00eda como \u00abextorsiva\u00bb, desde CICOP advirtieron que \u00abse hace inadmisible la falta de convocatoria paritaria a los profesionales de la Salud\u00bb y le reclamaron al gobierno proivincial que de la misma manera que lo hizo para los uniformados, consigue los fondos necesarios para recomponer el salario de los trabajadores de la salud.<\/p>\n<p>\u00abLas declaraciones de la Ministra de Trabajo provincial acerca de la falta de recursos para formalizar propuestas de aumentos salariales para los estatales se contraponen fuertemente con lo que ha sucedido\u00bb, indicaron los trabajadores de los hospitales p\u00fablicos, en relaci\u00f3n al fuerte aumento que recibi\u00f3 la polic\u00eda. <\/p>\n<p>En ese sentido remarcaron que \u00abla b\u00fasqueda de fondos para hacer frente a las necesidades econ\u00f3micas de los trabajadores debe contemplar todas aquellas posibilidades que reviertan el actual estado de cosas, requiriendo decisiones pol\u00edticas insoslayables. En el nivel provincial, recuperar los puntos perdidos en la coparticipaci\u00f3n en el camino de su reformulaci\u00f3n, modificar el regresivo esquema tributario, rever el pago de deudas y revisar los montos asignados al fondo del conurbano, est\u00e1n entre ellas\u00bb.<\/p>\n<p>Ademas calificaron la situaci\u00f3n econ\u00f3mica como \u00abinsostenible\u00bb, por la p\u00e9rdida de poder adquisitivo frente a la inflaci\u00f3n y el permanente deterioro de las condiciones de vida, y si bien reconocieron que los problemas vienen de arrastre, remarcaron que se profundizaron durante este a\u00f1o con la llegada de la pandemia.<\/p>\n","protected":false},"excerpt":{"rendered":"<p>Desde la CICOP calificaron como \u00abextorsiva\u00bb la protesta policial y reclamaron un tratamiento salarial en igualdad de condiciones para el resto de los sectores estatales<\/p>\n","protected":false},"author":8,"featured_media":0,"comment_status":"open","ping_status":"open","sticky":false,"template":"","format":"standard","meta":{"_jetpack_newsletter_access":"","_jetpack_dont_email_post_to_subs":false,"_jetpack_newsletter_tier_id":0,"_jetpack_memberships_contains_paywalled_content":false,"_jetpack_memberships_contains_paid_content":false,"footnotes":""},"categories":[40],"tags":[],"class_list":["post-116210","post","type-post","status-publish","format-standard","hentry","category-provincia"],"jetpack_shortlink":"https:\/\/wp.me\/p2JWE0-uem","jetpack-related-posts":[{"id":116670,"url":"https:\/\/www.24baires.com\/?p=116670","url_meta":{"origin":116210,"position":0},"title":"M\u00e9dicos bonaerenses realizar\u00e1n una protesta para exigir aumentos salariales","author":"GB","date":"11\/11\/2020","format":false,"excerpt":"La Asociaci\u00f3n Sindical de Profesionales de la Salud de la provincia de Buenos Aires (Cicop), que nuclea a los m\u00e9dicos de los hospitales bonaerenses, realizar\u00e1 ma\u00f1ana una caravana de autos, en demanda de una nueva convocatoria paritaria \"en la que el Gobierno mejore sustancialmente la oferta salarial\", se inform\u00f3 en\u2026","rel":"","context":"En \u00abProvincia\u00bb","block_context":{"text":"Provincia","link":"https:\/\/www.24baires.com\/?cat=40"},"img":{"alt_text":"","src":"https:\/\/i0.wp.com\/www.24baires.com\/wp-content\/uploads\/2019\/03\/hospital.jpg?resize=350%2C200","width":350,"height":200,"srcset":"https:\/\/i0.wp.com\/www.24baires.com\/wp-content\/uploads\/2019\/03\/hospital.jpg?resize=350%2C200 1x, https:\/\/i0.wp.com\/www.24baires.com\/wp-content\/uploads\/2019\/03\/hospital.jpg?resize=525%2C300 1.5x"},"classes":[]},{"id":118484,"url":"https:\/\/www.24baires.com\/?p=118484","url_meta":{"origin":116210,"position":1},"title":"Paritarias: el Gobierno Provincial convoc\u00f3 a los m\u00e9dicos","author":"GB","date":"24\/01\/2022","format":false,"excerpt":"El Gobierno de la Provincia de Buenos Aires convoc\u00f3 a m\u00e9dicos y trabajadores de la salud a paritarias salariales el pr\u00f3ximo jueves 27 de enero. En el comienzo de la \u00faltima semana del primer mes del a\u00f1o, el Gobierno de la Provincia de Buenos Aires concedi\u00f3 la convocatoria a la\u2026","rel":"","context":"En \u00abProvincia\u00bb","block_context":{"text":"Provincia","link":"https:\/\/www.24baires.com\/?cat=40"},"img":{"alt_text":"","src":"https:\/\/i0.wp.com\/www.24baires.com\/wp-content\/uploads\/2022\/01\/paritarias-medicosjpg.jpg?resize=350%2C200","width":350,"height":200},"classes":[]},{"id":111068,"url":"https:\/\/www.24baires.com\/?p=111068","url_meta":{"origin":116210,"position":2},"title":"El gobierno bonaerense advirti\u00f3 que la paritaria est\u00e1 \u201ccerrada\u201d para la administraci\u00f3n p\u00fablica","author":"GB","date":"04\/07\/2019","format":false,"excerpt":"Desde el Poder Ejecutivo que comanda la gobernadora Mar\u00eda Eugenia Vidal adelantaron que aplicar\u00e1n la cl\u00e1usula de actualizaci\u00f3n para el sector. A su vez, expresaron que resta definir la situaci\u00f3n con judiciales y profesionales de la salud. Mientras ATE, AJB y Cicop contin\u00faan con las protestas para que el gobierno\u2026","rel":"","context":"En \u00abProvincia\u00bb","block_context":{"text":"Provincia","link":"https:\/\/www.24baires.com\/?cat=40"},"img":{"alt_text":"","src":"https:\/\/i0.wp.com\/www.24baires.com\/wp-content\/uploads\/2019\/04\/gobierno.jpg?resize=350%2C200","width":350,"height":200,"srcset":"https:\/\/i0.wp.com\/www.24baires.com\/wp-content\/uploads\/2019\/04\/gobierno.jpg?resize=350%2C200 1x, https:\/\/i0.wp.com\/www.24baires.com\/wp-content\/uploads\/2019\/04\/gobierno.jpg?resize=525%2C300 1.5x"},"classes":[]},{"id":116284,"url":"https:\/\/www.24baires.com\/?p=116284","url_meta":{"origin":116210,"position":3},"title":"CICOP: \u201cVamos a pedir un aumento del 50%\u201d","author":"GB","date":"21\/09\/2020","format":false,"excerpt":"Guillermo Pacagnini, secretario general de CICOP, se refiri\u00f3 a las expectativas en torno a las reuniones paritarias para el sector salud y a los reclamos que har\u00e1n esta tarde. El Ministerio de Trabajo bonaerense convoc\u00f3 a los gremios estatales, para este martes 22, a comenzar las reuniones por paritarias. Entre\u2026","rel":"","context":"En \u00abProvincia\u00bb","block_context":{"text":"Provincia","link":"https:\/\/www.24baires.com\/?cat=40"},"img":{"alt_text":"","src":"https:\/\/i0.wp.com\/www.24baires.com\/wp-content\/uploads\/2020\/06\/cicop.jpg?resize=350%2C200","width":350,"height":200,"srcset":"https:\/\/i0.wp.com\/www.24baires.com\/wp-content\/uploads\/2020\/06\/cicop.jpg?resize=350%2C200 1x, https:\/\/i0.wp.com\/www.24baires.com\/wp-content\/uploads\/2020\/06\/cicop.jpg?resize=525%2C300 1.5x"},"classes":[]},{"id":101497,"url":"https:\/\/www.24baires.com\/?p=101497","url_meta":{"origin":116210,"position":4},"title":"M\u00e9dicos bonaerenses reclaman una convocatoria a paritarias","author":"GB","date":"09\/04\/2018","format":false,"excerpt":"Desde Cicop destacaron la \"unidad en acci\u00f3n\" con otros gremios estatales y advirtieron: \"Somos muchos los que no vamos a aceptar propuestas a la baja\". Tras el paro del \u00faltimo jueves, los m\u00e9dicos bonaerenses nucleados en Cicop le reclamaron a Mar\u00eda Eugenia Vidal que convoque a una reuni\u00f3n paritaria para\u2026","rel":"","context":"En \u00abLocales\u00bb","block_context":{"text":"Locales","link":"https:\/\/www.24baires.com\/?cat=38"},"img":{"alt_text":"","src":"https:\/\/i0.wp.com\/www.24baires.com\/wp-content\/uploads\/2016\/12\/cicop.jpg?resize=350%2C200","width":350,"height":200,"srcset":"https:\/\/i0.wp.com\/www.24baires.com\/wp-content\/uploads\/2016\/12\/cicop.jpg?resize=350%2C200 1x, https:\/\/i0.wp.com\/www.24baires.com\/wp-content\/uploads\/2016\/12\/cicop.jpg?resize=525%2C300 1.5x"},"classes":[]},{"id":104505,"url":"https:\/\/www.24baires.com\/?p=104505","url_meta":{"origin":116210,"position":5},"title":"Cicop vuelve al paro por 48 horas con una marcha a la Gobernaci\u00f3n","author":"GB","date":"17\/09\/2018","format":false,"excerpt":"M\u00e9dicos y profesionales bonaerenses profundizan la protesta en el marco del pedido de paritarias para discutir aumentos de sueldos. El mi\u00e9rcoles confluir\u00e1n en una movilizaci\u00f3n junto a otros gremios. Al reclamo salarial de los estatales, docentes y judiciales, los m\u00e9dicos y profesionales de la salud bonaerenses se le suman en\u2026","rel":"","context":"En \u00abProvincia\u00bb","block_context":{"text":"Provincia","link":"https:\/\/www.24baires.com\/?cat=40"},"img":{"alt_text":"","src":"https:\/\/i0.wp.com\/www.24baires.com\/wp-content\/uploads\/2016\/12\/cicop.jpg?resize=350%2C200","width":350,"height":200,"srcset":"https:\/\/i0.wp.com\/www.24baires.com\/wp-content\/uploads\/2016\/12\/cicop.jpg?resize=350%2C200 1x, https:\/\/i0.wp.com\/www.24baires.com\/wp-content\/uploads\/2016\/12\/cicop.jpg?resize=525%2C300 1.5x"},"classes":[]}],"jetpack_sharing_enabled":true,"jetpack_likes_enabled":true,"jetpack_featured_media_url":"","_links":{"self":[{"href":"https:\/\/www.24baires.com\/index.php?rest_route=\/wp\/v2\/posts\/116210","targetHints":{"allow":["GET"]}}],"collection":[{"href":"https:\/\/www.24baires.com\/index.php?rest_route=\/wp\/v2\/posts"}],"about":[{"href":"https:\/\/www.24baires.com\/index.php?rest_route=\/wp\/v2\/types\/post"}],"author":[{"embeddable":true,"href":"https:\/\/www.24baires.com\/index.php?rest_route=\/wp\/v2\/users\/8"}],"replies":[{"embeddable":true,"href":"https:\/\/www.24baires.com\/index.php?rest_route=%2Fwp%2Fv2%2Fcomments&post=116210"}],"version-history":[{"count":2,"href":"https:\/\/www.24baires.com\/index.php?rest_route=\/wp\/v2\/posts\/116210\/revisions"}],"predecessor-version":[{"id":116212,"href":"https:\/\/www.24baires.com\/index.php?rest_route=\/wp\/v2\/posts\/116210\/revisions\/116212"}],"wp:attachment":[{"href":"https:\/\/www.24baires.com\/index.php?rest_route=%2Fwp%2Fv2%2Fmedia&parent=116210"}],"wp:term":[{"taxonomy":"category","embeddable":true,"href":"https:\/\/www.24baires.com\/index.php?rest_route=%2Fwp%2Fv2%2Fcategories&post=116210"},{"taxonomy":"post_tag","embeddable":true,"href":"https:\/\/www.24baires.com\/index.php?rest_route=%2Fwp%2Fv2%2Ftags&post=116210"}],"curies":[{"name":"wp","href":"https:\/\/api.w.org\/{rel}","templated":true}]}}