{"id":116121,"date":"2020-09-01T10:45:36","date_gmt":"2020-09-01T13:45:36","guid":{"rendered":"http:\/\/www.24baires.com\/?p=116121"},"modified":"2020-09-01T12:48:53","modified_gmt":"2020-09-01T15:48:53","slug":"guzman-restauramos-la-sostenibilidad-de-la-deuda-publica-con-acreedores-privados","status":"publish","type":"post","link":"https:\/\/www.24baires.com\/?p=116121","title":{"rendered":"Guzm\u00e1n: \u00abRestauramos la sostenibilidad de la deuda p\u00fablica con acreedores privados\u00bb"},"content":{"rendered":"<p><img data-recalc-dims=\"1\" loading=\"lazy\" decoding=\"async\" src=\"https:\/\/i0.wp.com\/www.24baires.com\/wp-content\/uploads\/2020\/05\/guzman-1.jpg?resize=560%2C313\" alt=\"\" width=\"560\" height=\"313\" class=\"aligncenter size-full wp-image-115099\" srcset=\"https:\/\/i0.wp.com\/www.24baires.com\/wp-content\/uploads\/2020\/05\/guzman-1.jpg?w=560&amp;ssl=1 560w, https:\/\/i0.wp.com\/www.24baires.com\/wp-content\/uploads\/2020\/05\/guzman-1.jpg?resize=300%2C168&amp;ssl=1 300w\" sizes=\"auto, (max-width: 560px) 100vw, 560px\" \/>El ministro de Econom\u00eda destac\u00f3 el alcance de la reestructuraci\u00f3n de la deuda con los bonistas privados.<!--more--><\/p>\n<p>A trav\u00e9s de sus cuentas en las redes sociales, el ministro de Econom\u00eda de la Naci\u00f3n, Mart\u00edn Guzm\u00e1n, destac\u00f3 este martes el acuerdo alcanzado con los bonistas privados para reestructurar parte de la deuda de la Argentina.<\/p>\n<p>Guzm\u00e1n asegur\u00f3 que \u00abla Rep\u00fablica Argentina restaur\u00f3 la sostenibilidad de su deuda p\u00fablica con acreedores privados. Es un paso absolutamente fundamental en el camino de tranquilizar la econom\u00eda. Un camino que continuaremos recorriendo cuidando a Argentina en cada paso que damos\u00bb.<\/p>\n<p>Y detall\u00f3 el alcance del acuerdo logrado. \u00abSe reestructur\u00f3 el 99% de la deuda con acreedores privados bajo legislaci\u00f3n extranjera, reduciendo en promedio la carga de pagos de 7 d\u00f3lares por cada 100 adeudados a 3 por cada 100. Y cuidamos a nuestra propia ley, d\u00e1ndole tratamiento equitativo a la deuda bajo ley argentina\u00bb.<\/p>\n<p>Destac\u00f3 adem\u00e1s que la \u00abArgentina pagar\u00e1 la comisi\u00f3n m\u00e1s baja de su historia por la colocaci\u00f3n de los nuevos instrumentos de deuda: 0,028% del total de la operaci\u00f3n, que es el 28% del tope de la ley y el 19,4% de lo pagado en promedio por las colocaciones de deuda realizadas entre 2016 y 2018\u00bb.<\/p>\n<p>\u00abLa deuda se reestructur\u00f3 siguiendo los objetivos definidos el pasado 10 de diciembre por el Presidente @alferdez: trabajar para el presente y el futuro del pa\u00eds y tomar compromisos que se puedan cumplir. Hacerlo de cara a la sociedad y de la mano con el Congreso de la Naci\u00f3n\u00bb.<\/p>\n<p>Y conluy\u00f3: \u00abHacia adelante, mantener la sostenibilidad de la deuda debe continuar siendo pol\u00edtica de Estado, para que Nunca M\u00e1s nuestro pa\u00eds caiga en situaciones de endeudamiento insostenible que tanto da\u00f1o le hacen. Sigamos cuidando a Argentina, y hag\u00e1moslo juntos\u00bb.<\/p>\n","protected":false},"excerpt":{"rendered":"<p>El ministro de Econom\u00eda destac\u00f3 el alcance de la reestructuraci\u00f3n de la deuda con los bonistas privados.<\/p>\n","protected":false},"author":4,"featured_media":0,"comment_status":"open","ping_status":"open","sticky":false,"template":"","format":"standard","meta":{"_jetpack_newsletter_access":"","_jetpack_dont_email_post_to_subs":false,"_jetpack_newsletter_tier_id":0,"_jetpack_memberships_contains_paywalled_content":false,"_jetpack_memberships_contains_paid_content":false,"footnotes":""},"categories":[45],"tags":[],"class_list":["post-116121","post","type-post","status-publish","format-standard","hentry","category-economia"],"jetpack_featured_media_url":"","jetpack_shortlink":"https:\/\/wp.me\/p2JWE0-ucV","jetpack-related-posts":[{"id":115230,"url":"https:\/\/www.24baires.com\/?p=115230","url_meta":{"origin":116121,"position":0},"title":"FMI respalda a Argentina: \u00abNadie se beneficia de un pa\u00eds que cae al precipio de la deuda\u00bb","author":"AF","date":"03\/06\/2020","format":false,"excerpt":"La titular del FMI advirti\u00f3 a los acreedores que se arriesgan a no recuperar su dinero y advirti\u00f3 que \"en ocasiones es necesario realizar una reestructuraci\u00f3n reflexiva\". La directora Gerente del Fondo Monetario Internacional (FMI), Kristalina Georgieva, volvi\u00f3 a manifestar este mi\u00e9rcoles su respaldo al proceso de reestructuraci\u00f3n que lleva\u2026","rel":"","context":"En \u00abEconom\u00eda\u00bb","block_context":{"text":"Econom\u00eda","link":"https:\/\/www.24baires.com\/?cat=45"},"img":{"alt_text":"","src":"https:\/\/i0.wp.com\/www.24baires.com\/wp-content\/uploads\/2016\/04\/fmi.jpg?resize=350%2C200","width":350,"height":200,"srcset":"https:\/\/i0.wp.com\/www.24baires.com\/wp-content\/uploads\/2016\/04\/fmi.jpg?resize=350%2C200 1x, https:\/\/i0.wp.com\/www.24baires.com\/wp-content\/uploads\/2016\/04\/fmi.jpg?resize=525%2C300 1.5x"},"classes":[]},{"id":115177,"url":"https:\/\/www.24baires.com\/?p=115177","url_meta":{"origin":116121,"position":1},"title":"El Gobierno anunci\u00f3 avances con un grupo de bonistas","author":"GB","date":"29\/05\/2020","format":false,"excerpt":"El Ministerio de Econom\u00eda de la Naci\u00f3n detall\u00f3 las reuniones que mantuvieron con los acreedores en los \u00faltimos d\u00edas. El ministro de Econom\u00eda, Mart\u00edn Guzm\u00e1n, asegur\u00f3 el jueves por la tarde que logr\u00f3 avanzar en la renegociaci\u00f3n de la deuda con un grupo de bonistas. No obstante, aclar\u00f3 que todav\u00eda\u2026","rel":"","context":"En \u00abEconom\u00eda\u00bb","block_context":{"text":"Econom\u00eda","link":"https:\/\/www.24baires.com\/?cat=45"},"img":{"alt_text":"","src":"https:\/\/i0.wp.com\/www.24baires.com\/wp-content\/uploads\/2020\/05\/guzman-1.jpg?resize=350%2C200","width":350,"height":200,"srcset":"https:\/\/i0.wp.com\/www.24baires.com\/wp-content\/uploads\/2020\/05\/guzman-1.jpg?resize=350%2C200 1x, https:\/\/i0.wp.com\/www.24baires.com\/wp-content\/uploads\/2020\/05\/guzman-1.jpg?resize=525%2C300 1.5x"},"classes":[]},{"id":118112,"url":"https:\/\/www.24baires.com\/?p=118112","url_meta":{"origin":116121,"position":2},"title":"Guzm\u00e1n: \u00abLas cargas de deuda impiden la recuperaci\u00f3n y crean una din\u00e1mica desestabilizadora\u00bb","author":"AF","date":"06\/10\/2021","format":false,"excerpt":"El ministro de Econom\u00eda particip\u00f3 de la XV Conferencia de las Naciones Unidas sobre Comercio y Desarrollo (Unctad) y habl\u00f3 sobre la reestructuraci\u00f3n llevada adelante por Argentina el a\u00f1o pasado. \"Hacen falta reformas en la arquitectura financiera internacional\", expres\u00f3. El ministro de Econom\u00eda, Mart\u00edn Guzm\u00e1n, advirti\u00f3 este mi\u00e9rcoles que \"las\u2026","rel":"","context":"En \u00abEconom\u00eda\u00bb","block_context":{"text":"Econom\u00eda","link":"https:\/\/www.24baires.com\/?cat=45"},"img":{"alt_text":"","src":"https:\/\/i0.wp.com\/www.24baires.com\/wp-content\/uploads\/2020\/05\/guzman-1.jpg?resize=350%2C200","width":350,"height":200,"srcset":"https:\/\/i0.wp.com\/www.24baires.com\/wp-content\/uploads\/2020\/05\/guzman-1.jpg?resize=350%2C200 1x, https:\/\/i0.wp.com\/www.24baires.com\/wp-content\/uploads\/2020\/05\/guzman-1.jpg?resize=525%2C300 1.5x"},"classes":[]},{"id":116115,"url":"https:\/\/www.24baires.com\/?p=116115","url_meta":{"origin":116121,"position":3},"title":"La adhesi\u00f3n al canje fue del 93,5% y el 99% de deuda fue reestructurada","author":"AF","date":"31\/08\/2020","format":false,"excerpt":"Acompa\u00f1ado por el ministro de Econom\u00eda Mart\u00edn Guzm\u00e1n y la vicepresidenta de la Naci\u00f3n Cristina Fern\u00e1ndez, Alberto Fern\u00e1ndez oficializ\u00f3 la finalizaci\u00f3n del proceso del canje de deuda. El presidente Alberto Fern\u00e1ndez y el ministro de Econom\u00eda, Mart\u00edn Guzm\u00e1n, anunciaron hoy que el canje de deuda alcanz\u00f3 un nivel de adhesi\u00f3n\u2026","rel":"","context":"En \u00abEconom\u00eda\u00bb","block_context":{"text":"Econom\u00eda","link":"https:\/\/www.24baires.com\/?cat=45"},"img":{"alt_text":"","src":"https:\/\/i0.wp.com\/www.24baires.com\/wp-content\/uploads\/2020\/08\/fern%C3%A1ndez-massa.jpg?resize=350%2C200","width":350,"height":200,"srcset":"https:\/\/i0.wp.com\/www.24baires.com\/wp-content\/uploads\/2020\/08\/fern%C3%A1ndez-massa.jpg?resize=350%2C200 1x, https:\/\/i0.wp.com\/www.24baires.com\/wp-content\/uploads\/2020\/08\/fern%C3%A1ndez-massa.jpg?resize=525%2C300 1.5x"},"classes":[]},{"id":115096,"url":"https:\/\/www.24baires.com\/?p=115096","url_meta":{"origin":116121,"position":4},"title":"Argentina extendi\u00f3 10 d\u00edas el plazo de negociaci\u00f3n con los acreedores","author":"AF","date":"21\/05\/2020","format":false,"excerpt":"Con las negociaciones avanzadas Argentina caer\u00e1 en un \"default temporal\" que se espera culminar\u00e1 cuando las partes alcancen un acuerdo en los pr\u00f3ximos d\u00edas. La Argentina prorrog\u00f3 otros 10 d\u00edas el plazo de negociaci\u00f3n con los acreedores y avanza hacia un default temporal que le permitir\u00e1 seguir negociando de modo\u2026","rel":"","context":"En \u00abEconom\u00eda\u00bb","block_context":{"text":"Econom\u00eda","link":"https:\/\/www.24baires.com\/?cat=45"},"img":{"alt_text":"","src":"https:\/\/i0.wp.com\/www.24baires.com\/wp-content\/uploads\/2020\/05\/guzman-1.jpg?resize=350%2C200","width":350,"height":200,"srcset":"https:\/\/i0.wp.com\/www.24baires.com\/wp-content\/uploads\/2020\/05\/guzman-1.jpg?resize=350%2C200 1x, https:\/\/i0.wp.com\/www.24baires.com\/wp-content\/uploads\/2020\/05\/guzman-1.jpg?resize=525%2C300 1.5x"},"classes":[]},{"id":115435,"url":"https:\/\/www.24baires.com\/?p=115435","url_meta":{"origin":116121,"position":5},"title":"\u00abEsperamos ser capaces de alcanzar un mejor entendimiento con los acreedores\u00bb","author":"AF","date":"23\/06\/2020","format":false,"excerpt":"As\u00ed lo indic\u00f3 el ministro de Econom\u00eda, durante su exposici\u00f3n en un encuentro virtual al que asistieron empresarios de la American Society, organizado por el Council of Americas. El ministro de Econom\u00eda, Martin Guzm\u00e1n, se mostr\u00f3 esperanzado en \u201ccontinuar con las negociaciones de la deuda extranjera, con un proceso constructivo,\u2026","rel":"","context":"En \u00abEconom\u00eda\u00bb","block_context":{"text":"Econom\u00eda","link":"https:\/\/www.24baires.com\/?cat=45"},"img":{"alt_text":"","src":"https:\/\/i0.wp.com\/www.24baires.com\/wp-content\/uploads\/2020\/05\/guzman-1.jpg?resize=350%2C200","width":350,"height":200,"srcset":"https:\/\/i0.wp.com\/www.24baires.com\/wp-content\/uploads\/2020\/05\/guzman-1.jpg?resize=350%2C200 1x, https:\/\/i0.wp.com\/www.24baires.com\/wp-content\/uploads\/2020\/05\/guzman-1.jpg?resize=525%2C300 1.5x"},"classes":[]}],"jetpack_sharing_enabled":true,"jetpack_likes_enabled":true,"_links":{"self":[{"href":"https:\/\/www.24baires.com\/index.php?rest_route=\/wp\/v2\/posts\/116121","targetHints":{"allow":["GET"]}}],"collection":[{"href":"https:\/\/www.24baires.com\/index.php?rest_route=\/wp\/v2\/posts"}],"about":[{"href":"https:\/\/www.24baires.com\/index.php?rest_route=\/wp\/v2\/types\/post"}],"author":[{"embeddable":true,"href":"https:\/\/www.24baires.com\/index.php?rest_route=\/wp\/v2\/users\/4"}],"replies":[{"embeddable":true,"href":"https:\/\/www.24baires.com\/index.php?rest_route=%2Fwp%2Fv2%2Fcomments&post=116121"}],"version-history":[{"count":1,"href":"https:\/\/www.24baires.com\/index.php?rest_route=\/wp\/v2\/posts\/116121\/revisions"}],"predecessor-version":[{"id":116122,"href":"https:\/\/www.24baires.com\/index.php?rest_route=\/wp\/v2\/posts\/116121\/revisions\/116122"}],"wp:attachment":[{"href":"https:\/\/www.24baires.com\/index.php?rest_route=%2Fwp%2Fv2%2Fmedia&parent=116121"}],"wp:term":[{"taxonomy":"category","embeddable":true,"href":"https:\/\/www.24baires.com\/index.php?rest_route=%2Fwp%2Fv2%2Fcategories&post=116121"},{"taxonomy":"post_tag","embeddable":true,"href":"https:\/\/www.24baires.com\/index.php?rest_route=%2Fwp%2Fv2%2Ftags&post=116121"}],"curies":[{"name":"wp","href":"https:\/\/api.w.org\/{rel}","templated":true}]}}