{"id":116115,"date":"2020-08-31T18:52:19","date_gmt":"2020-08-31T21:52:19","guid":{"rendered":"http:\/\/www.24baires.com\/?p=116115"},"modified":"2020-08-31T18:52:19","modified_gmt":"2020-08-31T21:52:19","slug":"la-adhesion-al-canje-fue-del-935-y-el-99-de-deuda-fue-reestructurada","status":"publish","type":"post","link":"https:\/\/www.24baires.com\/?p=116115","title":{"rendered":"La adhesi\u00f3n al canje fue del 93,5% y el 99% de deuda fue reestructurada"},"content":{"rendered":"<p><img data-recalc-dims=\"1\" loading=\"lazy\" decoding=\"async\" src=\"https:\/\/i0.wp.com\/www.24baires.com\/wp-content\/uploads\/2020\/08\/fern%C3%A1ndez-massa.jpg?resize=560%2C315\" alt=\"\" width=\"560\" height=\"315\" class=\"aligncenter size-full wp-image-116116\" srcset=\"https:\/\/i0.wp.com\/www.24baires.com\/wp-content\/uploads\/2020\/08\/fern%C3%A1ndez-massa.jpg?w=560&amp;ssl=1 560w, https:\/\/i0.wp.com\/www.24baires.com\/wp-content\/uploads\/2020\/08\/fern%C3%A1ndez-massa.jpg?resize=300%2C169&amp;ssl=1 300w\" sizes=\"auto, (max-width: 560px) 100vw, 560px\" \/>Acompa\u00f1ado por el ministro de Econom\u00eda Mart\u00edn Guzm\u00e1n y la vicepresidenta de la Naci\u00f3n Cristina Fern\u00e1ndez, Alberto Fern\u00e1ndez oficializ\u00f3 la finalizaci\u00f3n del proceso del canje de deuda.<!--more--><\/p>\n<p>El presidente Alberto Fern\u00e1ndez y el ministro de Econom\u00eda, Mart\u00edn Guzm\u00e1n, anunciaron hoy que el canje de deuda alcanz\u00f3 un nivel de adhesi\u00f3n de 93,5%, lo que se eleva al 99,9% del total de los bonos elegibles por la clausulas de acci\u00f3n colectivas.<\/p>\n<p>El jefe del Estado present\u00f3 el resultado del canje en un acto desarrollado en el Sal\u00f3n del Bicentenario de la Casa de Gobierno, en el que estuvo acompa\u00f1ado por la vicepresidenta Cristina Fern\u00e1ndez de Kirchner; el Jefe de Gabinete, Santiago Cafiero; el titular de la C\u00e1mara de Diputados, Sergio Massa; y todos los gobernadores, algunos de ellos de manera presencia y otros de manera virtual.<\/p>\n<p>\u00abUna vez m\u00e1s encerraron a la Argentina en un laberinto muy dif\u00edcil de salir. Pero ya estuve alguna vez en esa situaci\u00f3n con N\u00e9stor (Kirchner). Conf\u00eden en nosotros, porque vamos por el camino\u201d correcto, dijo el mandatario<\/p>\n<p>\u201cEsta vez la deuda no la van a pagar los que menos tiene, y hemos podido cumplir\u201d, agreg\u00f3 el Presidente.<\/p>\n<p>Guzm\u00e1n, que fue presentado por Alberto Fern\u00e1ndez y tuvo a su cargo el informe con los datos duros de la reesteucturaci\u00f3n, dijo que \u201cla oferta a los acreedores privados tuvo una aceptaci\u00f3n masiva por parte de los acreedores\u201d.<\/p>\n<p>Como resultado de esa negociaci\u00f3n \u201cel 99% de deuda bajo ley extranjera ya ha quedado reestructurada, eso se condice con una adhesi\u00f3n total al canje de 93,5% que por obra de las Cl\u00e1usulas de Acci\u00f3n coletiva ( CACs ) eleva el porcentaje restructurado al 99 %\u00bb, precis\u00f3 el titular del Palacio de Hacienda.<\/p>\n<p>\u201cEsto pone a Argentina en una situaci\u00f3n mucho m\u00e1s sana y s\u00f3lida que la que se enfrentaba en diciembre 2019 \u201c, agreg\u00f3 el ministro.<\/p>\n","protected":false},"excerpt":{"rendered":"<p>Acompa\u00f1ado por el ministro de Econom\u00eda Mart\u00edn Guzm\u00e1n y la vicepresidenta de la Naci\u00f3n Cristina Fern\u00e1ndez, Alberto Fern\u00e1ndez oficializ\u00f3 la finalizaci\u00f3n del proceso del canje de deuda.<\/p>\n","protected":false},"author":4,"featured_media":0,"comment_status":"open","ping_status":"open","sticky":false,"template":"","format":"standard","meta":{"_jetpack_newsletter_access":"","_jetpack_dont_email_post_to_subs":false,"_jetpack_newsletter_tier_id":0,"_jetpack_memberships_contains_paywalled_content":false,"_jetpack_memberships_contains_paid_content":false,"footnotes":""},"categories":[45],"tags":[],"class_list":["post-116115","post","type-post","status-publish","format-standard","hentry","category-economia"],"jetpack_featured_media_url":"","jetpack_shortlink":"https:\/\/wp.me\/p2JWE0-ucP","jetpack-related-posts":[{"id":120007,"url":"https:\/\/www.24baires.com\/?p=120007","url_meta":{"origin":116115,"position":0},"title":"La UBA aval\u00f3 el canje de deuda de ANSES que impuls\u00f3 Sergio Massa","author":"GB","date":"17\/04\/2023","format":false,"excerpt":"El dictamen t\u00e9cnico realizado por la UBA. Sostiene que no hay perjuicio para los jubilados y que los organismos p\u00fablicos obtendr\u00e1n ganancias. El 22 de marzo de 2023, el ministro de Econom\u00eda de la Naci\u00f3n, Sergio Massa, anunci\u00f3 que los organismos p\u00fablicos, como la ANSES, deb\u00edan canjear sus bonos en\u2026","rel":"","context":"En \u00abEconom\u00eda\u00bb","block_context":{"text":"Econom\u00eda","link":"https:\/\/www.24baires.com\/?cat=45"},"img":{"alt_text":"","src":"https:\/\/i0.wp.com\/www.24baires.com\/wp-content\/uploads\/2023\/04\/massa-raberta.webp?resize=350%2C200","width":350,"height":200,"srcset":"https:\/\/i0.wp.com\/www.24baires.com\/wp-content\/uploads\/2023\/04\/massa-raberta.webp?resize=350%2C200 1x, https:\/\/i0.wp.com\/www.24baires.com\/wp-content\/uploads\/2023\/04\/massa-raberta.webp?resize=525%2C300 1.5x, https:\/\/i0.wp.com\/www.24baires.com\/wp-content\/uploads\/2023\/04\/massa-raberta.webp?resize=700%2C400 2x"},"classes":[]},{"id":115961,"url":"https:\/\/www.24baires.com\/?p=115961","url_meta":{"origin":116115,"position":1},"title":"Aclaran que no habr\u00e1 cambios en la venta oficial de d\u00f3lares","author":"GB","date":"16\/08\/2020","format":false,"excerpt":"El presidente apunt\u00f3 a la compra de d\u00f3lares por parte de peque\u00f1os ahorristas y se\u00f1al\u00f3 que es \"un problema\". Desde el Ministerio de Econom\u00eda salieron a tranquilizar. El presidente Alberto Fern\u00e1ndez hab\u00eda sembrado dudas en el mercado de divisas cuando esta tarde se\u00f1al\u00f3 que estudiaban endurecer el cepo y no\u2026","rel":"","context":"En \u00abEconom\u00eda\u00bb","block_context":{"text":"Econom\u00eda","link":"https:\/\/www.24baires.com\/?cat=45"},"img":{"alt_text":"","src":"https:\/\/i0.wp.com\/www.24baires.com\/wp-content\/uploads\/2020\/08\/alberto-guzman.jpg?resize=350%2C200","width":350,"height":200,"srcset":"https:\/\/i0.wp.com\/www.24baires.com\/wp-content\/uploads\/2020\/08\/alberto-guzman.jpg?resize=350%2C200 1x, https:\/\/i0.wp.com\/www.24baires.com\/wp-content\/uploads\/2020\/08\/alberto-guzman.jpg?resize=525%2C300 1.5x"},"classes":[]},{"id":112654,"url":"https:\/\/www.24baires.com\/?p=112654","url_meta":{"origin":116115,"position":2},"title":"Vidal busca defaultear 4 mil millones de pesos que le debe al Banco Provincia","author":"AF","date":"25\/10\/2019","format":false,"excerpt":"El ministro de Econom\u00eda pidi\u00f3 al BaPro canjear un bono de 4 mil millones de pesos, por otro, que vence en 2020. El ministro de Econom\u00eda bonaerense, Dami\u00e1n Bonari elev\u00f3 una nota al Banco Provincia solicitando un canjee de un bono por m\u00e1s de 4 mil millones con vencimiento al\u2026","rel":"","context":"En \u00abEconom\u00eda\u00bb","block_context":{"text":"Econom\u00eda","link":"https:\/\/www.24baires.com\/?cat=45"},"img":{"alt_text":"","src":"https:\/\/i0.wp.com\/www.24baires.com\/wp-content\/uploads\/2019\/03\/vidal-playa.jpg?resize=350%2C200","width":350,"height":200,"srcset":"https:\/\/i0.wp.com\/www.24baires.com\/wp-content\/uploads\/2019\/03\/vidal-playa.jpg?resize=350%2C200 1x, https:\/\/i0.wp.com\/www.24baires.com\/wp-content\/uploads\/2019\/03\/vidal-playa.jpg?resize=525%2C300 1.5x"},"classes":[]},{"id":116074,"url":"https:\/\/www.24baires.com\/?p=116074","url_meta":{"origin":116115,"position":3},"title":"El Presidente habl\u00f3 con la titular del FMI para iniciar la renegociaci\u00f3n de los US$44.000 millones","author":"AF","date":"26\/08\/2020","format":false,"excerpt":"Tras una \"extensa charla\" con la titular del Fondo Monetario Internacional (FMI), Kristalina Giorgieva, el Presidente afirm\u00f3 que el pa\u00eds ordenar\u00e1 sus finanzas. El presidente Alberto Fern\u00e1ndez mantuvo este mi\u00e9rcoles por la ma\u00f1ana una \"extensa charla\" con la titular del Fondo Monetario Internacional (FMI), Kristalina Giorgieva, tras lo cual anunci\u00f3\u2026","rel":"","context":"En \u00abPol\u00edtica\u00bb","block_context":{"text":"Pol\u00edtica","link":"https:\/\/www.24baires.com\/?cat=51"},"img":{"alt_text":"","src":"https:\/\/i0.wp.com\/www.24baires.com\/wp-content\/uploads\/2020\/08\/alberto-fern%C3%A1ndez.jpg?resize=350%2C200","width":350,"height":200,"srcset":"https:\/\/i0.wp.com\/www.24baires.com\/wp-content\/uploads\/2020\/08\/alberto-fern%C3%A1ndez.jpg?resize=350%2C200 1x, https:\/\/i0.wp.com\/www.24baires.com\/wp-content\/uploads\/2020\/08\/alberto-fern%C3%A1ndez.jpg?resize=525%2C300 1.5x"},"classes":[]},{"id":115230,"url":"https:\/\/www.24baires.com\/?p=115230","url_meta":{"origin":116115,"position":4},"title":"FMI respalda a Argentina: \u00abNadie se beneficia de un pa\u00eds que cae al precipio de la deuda\u00bb","author":"AF","date":"03\/06\/2020","format":false,"excerpt":"La titular del FMI advirti\u00f3 a los acreedores que se arriesgan a no recuperar su dinero y advirti\u00f3 que \"en ocasiones es necesario realizar una reestructuraci\u00f3n reflexiva\". La directora Gerente del Fondo Monetario Internacional (FMI), Kristalina Georgieva, volvi\u00f3 a manifestar este mi\u00e9rcoles su respaldo al proceso de reestructuraci\u00f3n que lleva\u2026","rel":"","context":"En \u00abEconom\u00eda\u00bb","block_context":{"text":"Econom\u00eda","link":"https:\/\/www.24baires.com\/?cat=45"},"img":{"alt_text":"","src":"https:\/\/i0.wp.com\/www.24baires.com\/wp-content\/uploads\/2016\/04\/fmi.jpg?resize=350%2C200","width":350,"height":200,"srcset":"https:\/\/i0.wp.com\/www.24baires.com\/wp-content\/uploads\/2016\/04\/fmi.jpg?resize=350%2C200 1x, https:\/\/i0.wp.com\/www.24baires.com\/wp-content\/uploads\/2016\/04\/fmi.jpg?resize=525%2C300 1.5x"},"classes":[]},{"id":31189,"url":"https:\/\/www.24baires.com\/?p=31189","url_meta":{"origin":116115,"position":5},"title":"Cristina viajar\u00e1 a Rusia para participar de la cumbre del G20","author":"GB","date":"02\/09\/2013","format":false,"excerpt":"La presidenta Cristina Fern\u00e1ndez de Kirchner partir\u00e1 ma\u00f1ana hacia San Petersburgo, para participar de la cumbre que se desarrollar\u00e1 entre el jueves y el viernes pr\u00f3ximo. Se esperan debates sobre el canje de deuda, la lucha contra los para\u00edsos fiscales, y el conflicto en Siria. La presidenta Cristina Fern\u00e1ndez de\u2026","rel":"","context":"En \u00abPol\u00edtica\u00bb","block_context":{"text":"Pol\u00edtica","link":"https:\/\/www.24baires.com\/?cat=51"},"img":{"alt_text":"","src":"","width":0,"height":0},"classes":[]}],"jetpack_sharing_enabled":true,"jetpack_likes_enabled":true,"_links":{"self":[{"href":"https:\/\/www.24baires.com\/index.php?rest_route=\/wp\/v2\/posts\/116115","targetHints":{"allow":["GET"]}}],"collection":[{"href":"https:\/\/www.24baires.com\/index.php?rest_route=\/wp\/v2\/posts"}],"about":[{"href":"https:\/\/www.24baires.com\/index.php?rest_route=\/wp\/v2\/types\/post"}],"author":[{"embeddable":true,"href":"https:\/\/www.24baires.com\/index.php?rest_route=\/wp\/v2\/users\/4"}],"replies":[{"embeddable":true,"href":"https:\/\/www.24baires.com\/index.php?rest_route=%2Fwp%2Fv2%2Fcomments&post=116115"}],"version-history":[{"count":1,"href":"https:\/\/www.24baires.com\/index.php?rest_route=\/wp\/v2\/posts\/116115\/revisions"}],"predecessor-version":[{"id":116117,"href":"https:\/\/www.24baires.com\/index.php?rest_route=\/wp\/v2\/posts\/116115\/revisions\/116117"}],"wp:attachment":[{"href":"https:\/\/www.24baires.com\/index.php?rest_route=%2Fwp%2Fv2%2Fmedia&parent=116115"}],"wp:term":[{"taxonomy":"category","embeddable":true,"href":"https:\/\/www.24baires.com\/index.php?rest_route=%2Fwp%2Fv2%2Fcategories&post=116115"},{"taxonomy":"post_tag","embeddable":true,"href":"https:\/\/www.24baires.com\/index.php?rest_route=%2Fwp%2Fv2%2Ftags&post=116115"}],"curies":[{"name":"wp","href":"https:\/\/api.w.org\/{rel}","templated":true}]}}