{"id":116081,"date":"2020-08-26T20:18:12","date_gmt":"2020-08-26T23:18:12","guid":{"rendered":"http:\/\/www.24baires.com\/?p=116081"},"modified":"2020-08-26T20:18:12","modified_gmt":"2020-08-26T23:18:12","slug":"el-atp-5-tendra-un-mayor-limite-de-facturacion-y-bonificaciones-por-mas-trabajadores","status":"publish","type":"post","link":"https:\/\/www.24baires.com\/?p=116081","title":{"rendered":"El ATP 5 tendr\u00e1 un mayor l\u00edmite de facturaci\u00f3n y bonificaciones por m\u00e1s trabajadores"},"content":{"rendered":"<p><img data-recalc-dims=\"1\" loading=\"lazy\" decoding=\"async\" src=\"https:\/\/i0.wp.com\/www.24baires.com\/wp-content\/uploads\/2018\/11\/industria.jpg?resize=560%2C315\" alt=\"\" width=\"560\" height=\"315\" class=\"aligncenter size-full wp-image-105585\" srcset=\"https:\/\/i0.wp.com\/www.24baires.com\/wp-content\/uploads\/2018\/11\/industria.jpg?w=560&amp;ssl=1 560w, https:\/\/i0.wp.com\/www.24baires.com\/wp-content\/uploads\/2018\/11\/industria.jpg?resize=300%2C169&amp;ssl=1 300w\" sizes=\"auto, (max-width: 560px) 100vw, 560px\" \/>As\u00ed se defini\u00f3 en la reuni\u00f3n de gabinete econ\u00f3mico en la que tambi\u00e9n se dispuso \u00abampliar el listado de los sectores cr\u00edticos\u00bb en el marco de la pandemia, de manera de asegurarles la continuidad de la asistencia hasta fin de a\u00f1o.<!--more--><\/p>\n<p>La vicejefa de Gabinete, Cecilia Todesca Bocco, asegur\u00f3 hoy que la quinta ronda del programa de Asistencia al Trabajo y la Producci\u00f3n (ATP 5) elevar\u00e1 al 40% el aumento de facturaci\u00f3n interanual de las empresas que pidan un cr\u00e9dito para el pago de salarios, y que habr\u00e1 bonificaciones en las cuotas para aquellas que sostengan o aumenten su plantilla de trabajadores.<\/p>\n<p>De este modo, el universo del ATP 5 que incluye a los salarios de agosto que se pagan en septiembre, incorporar\u00e1 modificaciones en los pr\u00e9stamos para las empresas que muestren recuperaci\u00f3n en su facturaci\u00f3n, a la vez que mantendr\u00e1 el esquema tradicional de salario complementario para las que tengan una facturaci\u00f3n negativa.<\/p>\n<p>\u00abEn el ATP 4 sumamos el pr\u00e9stamo para las empresas que mostraran hasta 30% positivo de facturaci\u00f3n y est\u00e1 dando buenos resultados. Lo que quer\u00edamos en el ATP 5 es dar una se\u00f1al a las empresas que, al ver recuperaci\u00f3n en su actividad, pueden ayudarnos a proteger el empleo que ya tienen o incrementar su plantilla\u00bb, afirm\u00f3 Todesca Bocco en di\u00e1logo con T\u00e9lam.<\/p>\n<p>\u00abObviamente no estamos esperando un boom del empleo. Estamos viendo esta pel\u00edcula, no otra. Pero puede haber empresas donde se requiera tomar a m\u00e1s personas y queremos ayudarlas\u00bb, asegur\u00f3 la vicejefa de Gabinete.<\/p>\n<p>Para estos casos, la empresa que tome el pr\u00e9stamo, al momento de pagar su primera cuota dentro de tres meses, tendr\u00e1 una bonificaci\u00f3n si mantiene la plantilla de empleados del mismo mes de 2019, y una bonificaci\u00f3n mayor si la aumenta.<\/p>\n<p>\u00abEn cada cuota veremos c\u00f3mo evoluciona el empleo, de modo de seguir con este esquema de bonificaciones en el futuro\u00bb, asegur\u00f3 Todesca Bocco, que dijo que por estas horas se trabaja en \u00abla letra fina\u00bb del esquema para definir qu\u00e9 proporci\u00f3n de cuota se rebaja en cada caso.<\/p>\n<p>En este sentido, la quinta ronda del ATP incorporar\u00e1 un l\u00edmite de facturaci\u00f3n de hasta el 40% respecto al mismo mes de 2019, a diferencia de las rondas previas que estipulaba un m\u00e1ximo del 30% para pedir el pr\u00e9stamo subsidiado para el pago de salarios.<\/p>\n<p>\u00abLo aumentamos al 40% porque pensamos que las empresas que evidencien una mayor recuperaci\u00f3n de la facturaci\u00f3n ser\u00e1n las que est\u00e9n en condiciones de tomar trabajadores\u00bb. afirm\u00f3 Todesca.<\/p>\n<p>\u00abAbril, mayo y junio fueron meses muy dif\u00edciles y nos pareci\u00f3 que el esfuerzo fiscal hab\u00eda que concentrarlo en aquellas empresas que estaban realmente mal, para protegerla junto a sus trabajadores\u00bb, dijo Todesca.<\/p>\n<p>Al mismo tiempo, afirm\u00f3 que el Gobierno entiende que hay una cantidad decreciente de empresas y trabajadores que se anotan en el ATP, lo cual es un reflejo de la recuperaci\u00f3n de la actividad econ\u00f3mica.<\/p>\n<p>\u00abA partir de junio vimos un quiebre y, ante la recuperaci\u00f3n de algunas empresas, vimos la posibilidad de usar parte del dinero para seguir asistiendo a las que se est\u00e1n levantando. De ah\u00ed surge el mecanismo del pr\u00e9stamo\u00bb, afirm\u00f3.<\/p>\n<p>En el caso del ATP 5, la tasa de inter\u00e9s para los pr\u00e9stamos de hasta $ 20.250 por cada trabajador (120% de un salario m\u00ednimo vital y m\u00f3vil) ser\u00e1 en todos los casos de un 15% anual, sin discriminar niveles de facturaci\u00f3n positivas.<\/p>\n<p>\u00abEs una tasa con subsidio impl\u00edcito que nos parece que colabora con las empresas que pueden mantener o aumentar su plantilla. De todos modos, el 40% sigue siendo una facturaci\u00f3n real negativa, algo que el DNU nos marca\u00bb, concluy\u00f3 Todesca Bocco.<\/p>\n","protected":false},"excerpt":{"rendered":"<p>As\u00ed se defini\u00f3 en la reuni\u00f3n de gabinete econ\u00f3mico en la que tambi\u00e9n se dispuso \u00abampliar el listado de los sectores cr\u00edticos\u00bb en el marco de la pandemia, de manera de asegurarles la continuidad de la asistencia hasta fin de a\u00f1o.<\/p>\n","protected":false},"author":4,"featured_media":0,"comment_status":"open","ping_status":"open","sticky":false,"template":"","format":"standard","meta":{"_jetpack_newsletter_access":"","_jetpack_dont_email_post_to_subs":false,"_jetpack_newsletter_tier_id":0,"_jetpack_memberships_contains_paywalled_content":false,"_jetpack_memberships_contains_paid_content":false,"footnotes":""},"categories":[45],"tags":[],"class_list":["post-116081","post","type-post","status-publish","format-standard","hentry","category-economia"],"jetpack_featured_media_url":"","jetpack_shortlink":"https:\/\/wp.me\/p2JWE0-uch","jetpack-related-posts":[{"id":115938,"url":"https:\/\/www.24baires.com\/?p=115938","url_meta":{"origin":116081,"position":0},"title":"La asistencia para el pago de salarios llegar\u00e1 a 7 de cada 10 empresas solicitantes","author":"GB","date":"13\/08\/2020","format":false,"excerpt":"As\u00ed lo confirmaron fuentes oficiales luego de un nuevo encuentro del gabinete econ\u00f3mico, en la que se analiz\u00f3 la marcha del programa y la ampliaci\u00f3n de los criterios de ingreso. Santiago Cafiero, encabez\u00f3 una nueva reuni\u00f3n del gabinete econ\u00f3mico en la que se confirm\u00f3 que el ATP 4 llegar\u00e1 al\u2026","rel":"","context":"En \u00abPol\u00edtica\u00bb","block_context":{"text":"Pol\u00edtica","link":"https:\/\/www.24baires.com\/?cat=51"},"img":{"alt_text":"","src":"","width":0,"height":0},"classes":[]},{"id":115374,"url":"https:\/\/www.24baires.com\/?p=115374","url_meta":{"origin":116081,"position":1},"title":"El Gobierno descart\u00f3 pagar el aguinaldo de trabajadores privados","author":"AF","date":"17\/06\/2020","format":false,"excerpt":"La vicejefa de Gabinete, Cecilia Todesca, explic\u00f3 que el Estado prioriza pagar un tercer ATP en julio por los haberes de junio, pese al reclamo de las pymes, los comercios y la UIA. \"No nos vamos a hacer cargo del aguinaldo. Creemos que sigue siendo m\u00e1s importante para las empresas\u2026","rel":"","context":"En \u00abSociedad\u00bb","block_context":{"text":"Sociedad","link":"https:\/\/www.24baires.com\/?cat=1"},"img":{"alt_text":"","src":"https:\/\/i0.wp.com\/www.24baires.com\/wp-content\/uploads\/2019\/04\/pyme.jpg?resize=350%2C200","width":350,"height":200,"srcset":"https:\/\/i0.wp.com\/www.24baires.com\/wp-content\/uploads\/2019\/04\/pyme.jpg?resize=350%2C200 1x, https:\/\/i0.wp.com\/www.24baires.com\/wp-content\/uploads\/2019\/04\/pyme.jpg?resize=525%2C300 1.5x"},"classes":[]},{"id":115732,"url":"https:\/\/www.24baires.com\/?p=115732","url_meta":{"origin":116081,"position":2},"title":"Alberto Fern\u00e1ndez lanza nueva etapa del ATP ante las pymes","author":"GB","date":"24\/07\/2020","format":false,"excerpt":"Adem\u00e1s de los empresarios, estar\u00e1 presente el secretario general de la CGT H\u00e9ctor Daer. El presidente Alberto Fern\u00e1ndez encabezar\u00e1 este viernes la presentaci\u00f3n de una nueva etapa del programa de Asistencia de Emergencia al Trabajo y la Producci\u00f3n (ATP). El acto ser\u00e1 junto con empresarios pymes con el objetivo de\u2026","rel":"","context":"En \u00abLocales\u00bb","block_context":{"text":"Locales","link":"https:\/\/www.24baires.com\/?cat=38"},"img":{"alt_text":"","src":"https:\/\/i0.wp.com\/www.24baires.com\/wp-content\/uploads\/2020\/07\/alberto-f.jpg?resize=350%2C200","width":350,"height":200,"srcset":"https:\/\/i0.wp.com\/www.24baires.com\/wp-content\/uploads\/2020\/07\/alberto-f.jpg?resize=350%2C200 1x, https:\/\/i0.wp.com\/www.24baires.com\/wp-content\/uploads\/2020\/07\/alberto-f.jpg?resize=525%2C300 1.5x"},"classes":[]},{"id":116337,"url":"https:\/\/www.24baires.com\/?p=116337","url_meta":{"origin":116081,"position":3},"title":"El Gobierno ampli\u00f3 el programa ATP a sectores del turismo","author":"GB","date":"28\/09\/2020","format":false,"excerpt":"El Poder Ejecutivo decidi\u00f3 ampliar el ATP a 15 sectores caracterizados como cr\u00edticos, en su mayor\u00eda vinculados al turismo. El Gobierno nacional resolvi\u00f3 declarar 15 nuevos sectores como cr\u00edticos, la mayor\u00eda vinculados con el turismo, y los incluy\u00f3 en el Programa de Asistencia de Emergencia al Trabajo y la Producci\u00f3n\u2026","rel":"","context":"En \u00abPol\u00edtica\u00bb","block_context":{"text":"Pol\u00edtica","link":"https:\/\/www.24baires.com\/?cat=51"},"img":{"alt_text":"","src":"https:\/\/i0.wp.com\/www.24baires.com\/wp-content\/uploads\/2020\/08\/alberto-anuncio.jpg?resize=350%2C200","width":350,"height":200,"srcset":"https:\/\/i0.wp.com\/www.24baires.com\/wp-content\/uploads\/2020\/08\/alberto-anuncio.jpg?resize=350%2C200 1x, https:\/\/i0.wp.com\/www.24baires.com\/wp-content\/uploads\/2020\/08\/alberto-anuncio.jpg?resize=525%2C300 1.5x"},"classes":[]},{"id":116020,"url":"https:\/\/www.24baires.com\/?p=116020","url_meta":{"origin":116081,"position":4},"title":"Casi el 80% de las firmas anotadas en el ATP accedieron a la cobertura","author":"GB","date":"21\/08\/2020","format":false,"excerpt":"El 77% de las empresas que se anotaron para la cuarta ronda del programa de Asistencia al Trabajo y la Producci\u00f3n (ATP) accedieron al desembolso del salario complementario o al cr\u00e9dito subsidiado para el pago de salarios, comunic\u00f3 la Jefatura de Gabinete de Ministros de la Naci\u00f3n. En total, fueron\u2026","rel":"","context":"En \u00abPol\u00edtica\u00bb","block_context":{"text":"Pol\u00edtica","link":"https:\/\/www.24baires.com\/?cat=51"},"img":{"alt_text":"","src":"https:\/\/i0.wp.com\/www.24baires.com\/wp-content\/uploads\/2020\/04\/alberto-pyme.jpg?resize=350%2C200","width":350,"height":200,"srcset":"https:\/\/i0.wp.com\/www.24baires.com\/wp-content\/uploads\/2020\/04\/alberto-pyme.jpg?resize=350%2C200 1x, https:\/\/i0.wp.com\/www.24baires.com\/wp-content\/uploads\/2020\/04\/alberto-pyme.jpg?resize=525%2C300 1.5x"},"classes":[]},{"id":116487,"url":"https:\/\/www.24baires.com\/?p=116487","url_meta":{"origin":116081,"position":5},"title":"El Gobierno redefine el alcance del IFE","author":"AF","date":"16\/10\/2020","format":false,"excerpt":"Con el 80 por ciento de la actividad econ\u00f3mica reactivada, el Gabinete Econ\u00f3mico quiere redireccionar el beneficio, pero si no dan los tiempos, se pagar\u00eda igual que el tramo 3. Con la econom\u00eda empezando a mover sus engranajes, el Gobierno se enfoca en mirar de cerca la manera en que\u2026","rel":"","context":"En \u00abSociedad\u00bb","block_context":{"text":"Sociedad","link":"https:\/\/www.24baires.com\/?cat=1"},"img":{"alt_text":"","src":"https:\/\/i0.wp.com\/www.24baires.com\/wp-content\/uploads\/2018\/12\/anses.jpg?resize=350%2C200","width":350,"height":200,"srcset":"https:\/\/i0.wp.com\/www.24baires.com\/wp-content\/uploads\/2018\/12\/anses.jpg?resize=350%2C200 1x, https:\/\/i0.wp.com\/www.24baires.com\/wp-content\/uploads\/2018\/12\/anses.jpg?resize=525%2C300 1.5x"},"classes":[]}],"jetpack_sharing_enabled":true,"jetpack_likes_enabled":true,"_links":{"self":[{"href":"https:\/\/www.24baires.com\/index.php?rest_route=\/wp\/v2\/posts\/116081","targetHints":{"allow":["GET"]}}],"collection":[{"href":"https:\/\/www.24baires.com\/index.php?rest_route=\/wp\/v2\/posts"}],"about":[{"href":"https:\/\/www.24baires.com\/index.php?rest_route=\/wp\/v2\/types\/post"}],"author":[{"embeddable":true,"href":"https:\/\/www.24baires.com\/index.php?rest_route=\/wp\/v2\/users\/4"}],"replies":[{"embeddable":true,"href":"https:\/\/www.24baires.com\/index.php?rest_route=%2Fwp%2Fv2%2Fcomments&post=116081"}],"version-history":[{"count":1,"href":"https:\/\/www.24baires.com\/index.php?rest_route=\/wp\/v2\/posts\/116081\/revisions"}],"predecessor-version":[{"id":116082,"href":"https:\/\/www.24baires.com\/index.php?rest_route=\/wp\/v2\/posts\/116081\/revisions\/116082"}],"wp:attachment":[{"href":"https:\/\/www.24baires.com\/index.php?rest_route=%2Fwp%2Fv2%2Fmedia&parent=116081"}],"wp:term":[{"taxonomy":"category","embeddable":true,"href":"https:\/\/www.24baires.com\/index.php?rest_route=%2Fwp%2Fv2%2Fcategories&post=116081"},{"taxonomy":"post_tag","embeddable":true,"href":"https:\/\/www.24baires.com\/index.php?rest_route=%2Fwp%2Fv2%2Ftags&post=116081"}],"curies":[{"name":"wp","href":"https:\/\/api.w.org\/{rel}","templated":true}]}}