{"id":116060,"date":"2020-08-25T13:15:15","date_gmt":"2020-08-25T16:15:15","guid":{"rendered":"http:\/\/www.24baires.com\/?p=116060"},"modified":"2020-08-25T12:48:31","modified_gmt":"2020-08-25T15:48:31","slug":"gremios-docentes-piden-que-kicillof-los-convoque-a-discutir-paritarias","status":"publish","type":"post","link":"https:\/\/www.24baires.com\/?p=116060","title":{"rendered":"Gremios docentes piden que Kicillof los convoque a discutir paritarias"},"content":{"rendered":"<p><img data-recalc-dims=\"1\" loading=\"lazy\" decoding=\"async\" src=\"https:\/\/i0.wp.com\/www.24baires.com\/wp-content\/uploads\/2020\/08\/feb.jpg?resize=560%2C313\" alt=\"\" width=\"560\" height=\"313\" class=\"aligncenter size-full wp-image-116061\" srcset=\"https:\/\/i0.wp.com\/www.24baires.com\/wp-content\/uploads\/2020\/08\/feb.jpg?w=560&amp;ssl=1 560w, https:\/\/i0.wp.com\/www.24baires.com\/wp-content\/uploads\/2020\/08\/feb.jpg?resize=300%2C168&amp;ssl=1 300w\" sizes=\"auto, (max-width: 560px) 100vw, 560px\" \/>Plantean la necesidad de avanzar en los temas de agenda de cada una de las comisiones: Salarial, Condiciones Laborales, Salud y Relaciones Colectivas.<!--more--><\/p>\n<p>La FEB, junto con los dem\u00e1s integrantes del FUDB, solicit\u00f3  al Ministerio de Trabajo bonaerense que convoque a las Comisiones T\u00e9cnicas de la Paritaria Docente, tal como qued\u00f3 establecido en el acuerdo paritario de comienzos de este a\u00f1o, que garantizaba la continuidad del trabajo de dichas Comisiones para la segunda mitad del 2020.<\/p>\n<p>El pedido de los gremios est\u00e1 motivado adem\u00e1s por el requerimiento de recursos tecnol\u00f3gicos y de conectividad para garantizar la continuidad pedag\u00f3gica que, al mismo tiempo, tienen un impacto directo en los salarios docentes.<\/p>\n<p>En ese marco, la presidenta de la FEB, Mirta Petrocini, expres\u00f3: \u201cSe hace necesario la equiparaci\u00f3n de las Asignaciones Familiares con las de naci\u00f3n, que hace mucho tiempo que no sufren actualizaciones y se produce un diferencia sustancial\u201d.<\/p>\n<p>Y a\u00f1adi\u00f3: \u201cLos docentes est\u00e1n haciendo un esfuerzo econ\u00f3mico muy importantes desde el inicio de la pandemia para garantizar la continuidad pedag\u00f3gica, pagando de sus bolsillos el servicio de internet o utilizando sus propias herramientas tecnol\u00f3gicas\u201d.<\/p>\n<p>En consecuencia, el FUDB plante\u00f3 la necesidad de avanzar en los temas de agenda de cada una de las comisiones: Salarial, Condiciones Laborales, Salud y Relaciones Colectivas.<\/p>\n","protected":false},"excerpt":{"rendered":"<p>Plantean la necesidad de avanzar en los temas de agenda de cada una de las comisiones: Salarial, Condiciones Laborales, Salud y Relaciones Colectivas.<\/p>\n","protected":false},"author":8,"featured_media":0,"comment_status":"open","ping_status":"open","sticky":false,"template":"","format":"standard","meta":{"_jetpack_newsletter_access":"","_jetpack_dont_email_post_to_subs":false,"_jetpack_newsletter_tier_id":0,"_jetpack_memberships_contains_paywalled_content":false,"_jetpack_memberships_contains_paid_content":false,"footnotes":""},"categories":[40],"tags":[],"class_list":["post-116060","post","type-post","status-publish","format-standard","hentry","category-provincia"],"jetpack_shortlink":"https:\/\/wp.me\/p2JWE0-ubW","jetpack-related-posts":[{"id":117134,"url":"https:\/\/www.24baires.com\/?p=117134","url_meta":{"origin":116060,"position":0},"title":"Docentes bonaerenses reclaman que los convoquen a paritarias","author":"GB","date":"04\/02\/2021","format":false,"excerpt":"Los gremios docentes bonaerenses formalizaron el reclamo al gobierno de Axel Kicillof para que los convoque a paritarias. Mientras el gobierno de Axel Kicillof se encuentra a un paso de cerrar la totalidad de paritarias del 2020, los docentes bonaerenses a trav\u00e9s de sus gremios m\u00e1s representativos reclamaron que los\u2026","rel":"","context":"En \u00abProvincia\u00bb","block_context":{"text":"Provincia","link":"https:\/\/www.24baires.com\/?cat=40"},"img":{"alt_text":"","src":"https:\/\/i0.wp.com\/www.24baires.com\/wp-content\/uploads\/2019\/11\/docentes-bonaerenses.jpg?resize=350%2C200","width":350,"height":200,"srcset":"https:\/\/i0.wp.com\/www.24baires.com\/wp-content\/uploads\/2019\/11\/docentes-bonaerenses.jpg?resize=350%2C200 1x, https:\/\/i0.wp.com\/www.24baires.com\/wp-content\/uploads\/2019\/11\/docentes-bonaerenses.jpg?resize=525%2C300 1.5x"},"classes":[]},{"id":116246,"url":"https:\/\/www.24baires.com\/?p=116246","url_meta":{"origin":116060,"position":1},"title":"Docentes le piden a Kicillof que los llame a paritarias","author":"GB","date":"16\/09\/2020","format":false,"excerpt":"Los docentes bonaerenses agrupados en el FUDB hicieron saber su reclamo al Gobierno provincial para exigir un aumento salarial. Los docentes bonaerenses nucleados en el FUDB elevaron un nuevo pedido al gobierno de Axel Kicillof para que los convoque a paritarias para discutir aumento salarial. El reclamo se suma al\u2026","rel":"","context":"En \u00abProvincia\u00bb","block_context":{"text":"Provincia","link":"https:\/\/www.24baires.com\/?cat=40"},"img":{"alt_text":"","src":"https:\/\/i0.wp.com\/www.24baires.com\/wp-content\/uploads\/2020\/01\/kicillof-docentes.jpeg?resize=350%2C200","width":350,"height":200,"srcset":"https:\/\/i0.wp.com\/www.24baires.com\/wp-content\/uploads\/2020\/01\/kicillof-docentes.jpeg?resize=350%2C200 1x, https:\/\/i0.wp.com\/www.24baires.com\/wp-content\/uploads\/2020\/01\/kicillof-docentes.jpeg?resize=525%2C300 1.5x"},"classes":[]},{"id":115527,"url":"https:\/\/www.24baires.com\/?p=115527","url_meta":{"origin":116060,"position":2},"title":"Provincia y los gremios docentes reanudan la discusi\u00f3n salarial","author":"GB","date":"02\/07\/2020","format":false,"excerpt":"El llamado se concret\u00f3 tras una reuni\u00f3n que mantuvieron los representantes sindicales con Educaci\u00f3n. El Frente de Unidad Docente Bonaerense (FUDB) dio a conocer que el gobierno de Axel Kicillof los convoc\u00f3 a la realizaci\u00f3n de paritarias. El llamado es para la semana pr\u00f3xima y se llevar\u00e1 a cabo, entre\u2026","rel":"","context":"En \u00abProvincia\u00bb","block_context":{"text":"Provincia","link":"https:\/\/www.24baires.com\/?cat=40"},"img":{"alt_text":"","src":"https:\/\/i0.wp.com\/www.24baires.com\/wp-content\/uploads\/2019\/03\/docentes.jpg?resize=350%2C200","width":350,"height":200,"srcset":"https:\/\/i0.wp.com\/www.24baires.com\/wp-content\/uploads\/2019\/03\/docentes.jpg?resize=350%2C200 1x, https:\/\/i0.wp.com\/www.24baires.com\/wp-content\/uploads\/2019\/03\/docentes.jpg?resize=525%2C300 1.5x"},"classes":[]},{"id":87921,"url":"https:\/\/www.24baires.com\/?p=87921","url_meta":{"origin":116060,"position":3},"title":"Docentes insisten con reabrir la paritaria","author":"GB","date":"23\/09\/2016","format":false,"excerpt":"Petrocini asegur\u00f3 que la inflaci\u00f3n \u201cya super\u00f3 el incremento conseguido para 2016 y se proyecta que superar\u00e1 el 40% para finales del corriente a\u00f1o\u201d. La gremialista volvi\u00f3 a pedir a la Provincia que los convoque. Los docentes bonaerenses siguen esperando que la Provincia los convoque a rediscutir el aumento salarial\u2026","rel":"","context":"En \u00abPol\u00edtica\u00bb","block_context":{"text":"Pol\u00edtica","link":"https:\/\/www.24baires.com\/?cat=51"},"img":{"alt_text":"petrocini","src":"https:\/\/i0.wp.com\/www.24baires.com\/wp-content\/uploads\/2014\/03\/petrocini1.jpg?resize=350%2C200","width":350,"height":200,"srcset":"https:\/\/i0.wp.com\/www.24baires.com\/wp-content\/uploads\/2014\/03\/petrocini1.jpg?resize=350%2C200 1x, https:\/\/i0.wp.com\/www.24baires.com\/wp-content\/uploads\/2014\/03\/petrocini1.jpg?resize=525%2C300 1.5x"},"classes":[]},{"id":117244,"url":"https:\/\/www.24baires.com\/?p=117244","url_meta":{"origin":116060,"position":4},"title":"Los gremios docentes aceptaron la propuesta salarial del Gobierno de Kicillof","author":"GB","date":"01\/03\/2021","format":false,"excerpt":"Luego del acuerdo, este lunes comienzan las clases m\u00e1s de 4 millones de alumnos. Los gremios docentes bonaerenses aceptaron la propuesta salarial formulada el viernes por el Gobierno de la provincia de Buenos Aires, por lo que este lunes comenzar\u00e1n las clases m\u00e1s de 4 millones de alumnos, inform\u00f3 este\u2026","rel":"","context":"En \u00abProvincia\u00bb","block_context":{"text":"Provincia","link":"https:\/\/www.24baires.com\/?cat=40"},"img":{"alt_text":"","src":"https:\/\/i0.wp.com\/www.24baires.com\/wp-content\/uploads\/2019\/11\/docentes-bonaerenses.jpg?resize=350%2C200","width":350,"height":200,"srcset":"https:\/\/i0.wp.com\/www.24baires.com\/wp-content\/uploads\/2019\/11\/docentes-bonaerenses.jpg?resize=350%2C200 1x, https:\/\/i0.wp.com\/www.24baires.com\/wp-content\/uploads\/2019\/11\/docentes-bonaerenses.jpg?resize=525%2C300 1.5x"},"classes":[]},{"id":116188,"url":"https:\/\/www.24baires.com\/?p=116188","url_meta":{"origin":116060,"position":5},"title":"Tras el anuncio de Kicillof, estatales reclaman mejoras salariales","author":"AF","date":"10\/09\/2020","format":false,"excerpt":"Luego que el Gobernador anunciara un aumento para los efectivos policiales de la Provincia, m\u00e9dicos, trabajadores del estado, judiciales y docentes exigieron nuevas paritarias. Esta ma\u00f1ana, el gobernador bonaerense Axel Kicillof anunci\u00f3 una bater\u00eda de medidas para la Polic\u00eda de la Provincia de Buenos Aires, entre ellas un aumento salarial.\u2026","rel":"","context":"En \u00abSociedad\u00bb","block_context":{"text":"Sociedad","link":"https:\/\/www.24baires.com\/?cat=1"},"img":{"alt_text":"","src":"https:\/\/i0.wp.com\/www.24baires.com\/wp-content\/uploads\/2020\/09\/cicop.jpeg?resize=350%2C200","width":350,"height":200,"srcset":"https:\/\/i0.wp.com\/www.24baires.com\/wp-content\/uploads\/2020\/09\/cicop.jpeg?resize=350%2C200 1x, https:\/\/i0.wp.com\/www.24baires.com\/wp-content\/uploads\/2020\/09\/cicop.jpeg?resize=525%2C300 1.5x"},"classes":[]}],"jetpack_sharing_enabled":true,"jetpack_likes_enabled":true,"jetpack_featured_media_url":"","_links":{"self":[{"href":"https:\/\/www.24baires.com\/index.php?rest_route=\/wp\/v2\/posts\/116060","targetHints":{"allow":["GET"]}}],"collection":[{"href":"https:\/\/www.24baires.com\/index.php?rest_route=\/wp\/v2\/posts"}],"about":[{"href":"https:\/\/www.24baires.com\/index.php?rest_route=\/wp\/v2\/types\/post"}],"author":[{"embeddable":true,"href":"https:\/\/www.24baires.com\/index.php?rest_route=\/wp\/v2\/users\/8"}],"replies":[{"embeddable":true,"href":"https:\/\/www.24baires.com\/index.php?rest_route=%2Fwp%2Fv2%2Fcomments&post=116060"}],"version-history":[{"count":1,"href":"https:\/\/www.24baires.com\/index.php?rest_route=\/wp\/v2\/posts\/116060\/revisions"}],"predecessor-version":[{"id":116062,"href":"https:\/\/www.24baires.com\/index.php?rest_route=\/wp\/v2\/posts\/116060\/revisions\/116062"}],"wp:attachment":[{"href":"https:\/\/www.24baires.com\/index.php?rest_route=%2Fwp%2Fv2%2Fmedia&parent=116060"}],"wp:term":[{"taxonomy":"category","embeddable":true,"href":"https:\/\/www.24baires.com\/index.php?rest_route=%2Fwp%2Fv2%2Fcategories&post=116060"},{"taxonomy":"post_tag","embeddable":true,"href":"https:\/\/www.24baires.com\/index.php?rest_route=%2Fwp%2Fv2%2Ftags&post=116060"}],"curies":[{"name":"wp","href":"https:\/\/api.w.org\/{rel}","templated":true}]}}