{"id":116012,"date":"2020-08-20T16:11:12","date_gmt":"2020-08-20T19:11:12","guid":{"rendered":"http:\/\/www.24baires.com\/?p=116012"},"modified":"2020-08-20T18:13:00","modified_gmt":"2020-08-20T21:13:00","slug":"la-actividad-economica-retrocedio-123-interanual-en-junio-y-subio-74-respecto-a-mayo","status":"publish","type":"post","link":"https:\/\/www.24baires.com\/?p=116012","title":{"rendered":"La actividad econ\u00f3mica retrocedi\u00f3 12,3% interanual en junio y subi\u00f3 7,4% respecto a mayo"},"content":{"rendered":"<p><img data-recalc-dims=\"1\" loading=\"lazy\" decoding=\"async\" src=\"https:\/\/i0.wp.com\/www.24baires.com\/wp-content\/uploads\/2018\/11\/industria.jpg?resize=560%2C315\" alt=\"\" width=\"560\" height=\"315\" class=\"aligncenter size-full wp-image-105585\" srcset=\"https:\/\/i0.wp.com\/www.24baires.com\/wp-content\/uploads\/2018\/11\/industria.jpg?w=560&amp;ssl=1 560w, https:\/\/i0.wp.com\/www.24baires.com\/wp-content\/uploads\/2018\/11\/industria.jpg?resize=300%2C169&amp;ssl=1 300w\" sizes=\"auto, (max-width: 560px) 100vw, 560px\" \/>En el primer semestre la ca\u00edda lleg\u00f3 al 12,9% traccionada principalmente por el segundo trimestre en que comenz\u00f3 la cuarentena.<!--more--><\/p>\n<p>El Instituto Nacional de Estad\u00edstica y Censos (Indec) inform\u00f3 este jueves que el nivel de actividad econ\u00f3mica cay\u00f3 durante junio 12,3% en relaci\u00f3n a igual mes del a\u00f1o pasado, al tiempo que subi\u00f3 7,4% con respecto a mayo.<\/p>\n<p>De esta manera, el Estimador Mensual de Actividad Econ\u00f3mica (Emae) registr\u00f3 en el primer semestre del a\u00f1o una ca\u00edda del 12,9%, en un contexto en el que el segundo trimestre se vio fuertemente afectado por las medidas de aislamiento social implementadas para morigerar el avance del coronavirus Covid-19.<\/p>\n<p>Durante junio, y en comparaci\u00f3n a igual mes del a\u00f1o pasado, la producci\u00f3n agropecuaria, retrocedi\u00f3 9,6%; la pesca, 53 %; la Industria, 7,3 %; la construcci\u00f3n, 41,9%, y el consumo mayorista y minorista, 62,7%, seg\u00fan el informe del Indec.<\/p>\n<p>En lo que respecta al consumo, el IVA impositivo -una de las principales variables tomadas en cuenta para medir este desempe\u00f1o- marc\u00f3 una recaudaci\u00f3n de $ 94.500 millones, apenas un 3% m\u00e1s que en junio del a\u00f1o pasado mientras que la inflaci\u00f3n acumul\u00f3 un avance superior al 40% en el mismo per\u00edodo.<\/p>\n<p>En tanto, el comercio internacional, dej\u00f3 un super\u00e1vit de US$ 1.484 millones, pero con una ca\u00edda del 8,6% de las exportaciones y del 20% de las importaciones.<\/p>\n","protected":false},"excerpt":{"rendered":"<p>En el primer semestre la ca\u00edda lleg\u00f3 al 12,9% traccionada principalmente por el segundo trimestre en que comenz\u00f3 la cuarentena.<\/p>\n","protected":false},"author":4,"featured_media":0,"comment_status":"open","ping_status":"open","sticky":false,"template":"","format":"standard","meta":{"_jetpack_newsletter_access":"","_jetpack_dont_email_post_to_subs":false,"_jetpack_newsletter_tier_id":0,"_jetpack_memberships_contains_paywalled_content":false,"_jetpack_memberships_contains_paid_content":false,"footnotes":""},"categories":[45],"tags":[],"class_list":["post-116012","post","type-post","status-publish","format-standard","hentry","category-economia"],"jetpack_featured_media_url":"","jetpack_shortlink":"https:\/\/wp.me\/p2JWE0-uba","jetpack-related-posts":[{"id":120492,"url":"https:\/\/www.24baires.com\/?p=120492","url_meta":{"origin":116012,"position":0},"title":"La tasa de desocupaci\u00f3n baj\u00f3 al 6,2% en el segundo trimestre del a\u00f1o","author":"AF","date":"20\/09\/2023","format":false,"excerpt":"El informe del Instituto Nacional de Estad\u00edstica y Censos mostr\u00f3 en un retroceso del 0,7% respecto al per\u00edodo abril-junio del a\u00f1o pasado. Adem\u00e1s, la subocupaci\u00f3n demandante retrocedi\u00f3 al 7,4 % contra el 7,9 %. La tasa de Desocupaci\u00f3n baj\u00f3 al 6,2% al t\u00e9rmino del segundo trimestre de este a\u00f1o, frente\u2026","rel":"","context":"En \u00abSociedad\u00bb","block_context":{"text":"Sociedad","link":"https:\/\/www.24baires.com\/?cat=1"},"img":{"alt_text":"","src":"https:\/\/i0.wp.com\/www.24baires.com\/wp-content\/uploads\/2019\/02\/trabajador.jpg?resize=350%2C200","width":350,"height":200,"srcset":"https:\/\/i0.wp.com\/www.24baires.com\/wp-content\/uploads\/2019\/02\/trabajador.jpg?resize=350%2C200 1x, https:\/\/i0.wp.com\/www.24baires.com\/wp-content\/uploads\/2019\/02\/trabajador.jpg?resize=525%2C300 1.5x, https:\/\/i0.wp.com\/www.24baires.com\/wp-content\/uploads\/2019\/02\/trabajador.jpg?resize=700%2C400 2x"},"classes":[]},{"id":85634,"url":"https:\/\/www.24baires.com\/?p=85634","url_meta":{"origin":116012,"position":1},"title":"La construcci\u00f3n cay\u00f3 casi un 20%","author":"AF","date":"29\/07\/2016","format":false,"excerpt":"La industria de la construcci\u00f3n registr\u00f3 en junio pasado una baja del 19,6%, la segunda contracci\u00f3n m\u00e1s alta del a\u00f1o, inform\u00f3 esta tarde el INDEC. En los primeros seis meses del a\u00f1o el Indicador S\u00ednt\u00e9tico de la Actividad de la Construcci\u00f3n (ISAC) registra una ca\u00edda del 12,4%. La industria sufri\u00f3\u2026","rel":"","context":"En \u00abEconom\u00eda\u00bb","block_context":{"text":"Econom\u00eda","link":"https:\/\/www.24baires.com\/?cat=45"},"img":{"alt_text":"edificio en construcci\u00f3n","src":"https:\/\/i0.wp.com\/www.24baires.com\/wp-content\/uploads\/2013\/05\/edificio-en-construcci%C3%B3n.jpg?resize=350%2C200","width":350,"height":200,"srcset":"https:\/\/i0.wp.com\/www.24baires.com\/wp-content\/uploads\/2013\/05\/edificio-en-construcci%C3%B3n.jpg?resize=350%2C200 1x, https:\/\/i0.wp.com\/www.24baires.com\/wp-content\/uploads\/2013\/05\/edificio-en-construcci%C3%B3n.jpg?resize=525%2C300 1.5x"},"classes":[]},{"id":104066,"url":"https:\/\/www.24baires.com\/?p=104066","url_meta":{"origin":116012,"position":2},"title":"La actividad econ\u00f3mica se hundi\u00f3 6,7% en junio","author":"AF","date":"23\/08\/2018","format":false,"excerpt":"El INDEC confirm\u00f3 la profundizaci\u00f3n de la recesi\u00f3n econ\u00f3mica. Con respecto a mayo, la ca\u00edda es del 1,3%. En el primer semestre la econom\u00eda se contrae un 0,6% con respecto al mismo periodo del a\u00f1o pasado. El Instituto Nacional de Estad\u00edstica y Censo (INDEC) confirm\u00f3 este jueves la profundizaci\u00f3n de\u2026","rel":"","context":"En \u00abEconom\u00eda\u00bb","block_context":{"text":"Econom\u00eda","link":"https:\/\/www.24baires.com\/?cat=45"},"img":{"alt_text":"","src":"https:\/\/i0.wp.com\/www.24baires.com\/wp-content\/uploads\/2017\/04\/indec-despidos.jpg?resize=350%2C200","width":350,"height":200,"srcset":"https:\/\/i0.wp.com\/www.24baires.com\/wp-content\/uploads\/2017\/04\/indec-despidos.jpg?resize=350%2C200 1x, https:\/\/i0.wp.com\/www.24baires.com\/wp-content\/uploads\/2017\/04\/indec-despidos.jpg?resize=525%2C300 1.5x"},"classes":[]},{"id":112183,"url":"https:\/\/www.24baires.com\/?p=112183","url_meta":{"origin":116012,"position":3},"title":"Los alarmantes \u00edndices econ\u00f3micos de la gesti\u00f3n de Mar\u00eda Eugenia Vidal en lo que va del 2019","author":"GB","date":"23\/09\/2019","format":false,"excerpt":"Un estudio de una consultora privada repas\u00f3 las cifras de la actividad industrial, desocupaci\u00f3n, salarios y recaudaci\u00f3n, y arroj\u00f3 n\u00fameros preocupantes. La consultora Analog\u00edas realiz\u00f3 un informe de coyuntura econ\u00f3mica de la provincia de Buenos Aires correspondiente a septiembre de 2019. En el an\u00e1lisis eval\u00faan el impacto de la crisis\u2026","rel":"","context":"En \u00abEconom\u00eda\u00bb","block_context":{"text":"Econom\u00eda","link":"https:\/\/www.24baires.com\/?cat=45"},"img":{"alt_text":"","src":"https:\/\/i0.wp.com\/www.24baires.com\/wp-content\/uploads\/2019\/09\/gobernacion.jpg?resize=350%2C200","width":350,"height":200,"srcset":"https:\/\/i0.wp.com\/www.24baires.com\/wp-content\/uploads\/2019\/09\/gobernacion.jpg?resize=350%2C200 1x, https:\/\/i0.wp.com\/www.24baires.com\/wp-content\/uploads\/2019\/09\/gobernacion.jpg?resize=525%2C300 1.5x"},"classes":[]},{"id":119374,"url":"https:\/\/www.24baires.com\/?p=119374","url_meta":{"origin":116012,"position":4},"title":"Seg\u00fan el Indec, el desempleo baj\u00f3 un 6,9%","author":"AF","date":"21\/09\/2022","format":false,"excerpt":"Los datos relevados por el Instituto Nacional de Estad\u00edstica y Censos se\u00f1alan un descenso de 2,7% respecto al mismo per\u00edodo de 2021, y el valor se encuentra 0,1% por debajo de lo registrado en el primer trimestre. La tasa de desocupaci\u00f3n en el segundo trimestre del a\u00f1o baj\u00f3 al 6,9%,\u2026","rel":"","context":"En \u00abEconom\u00eda\u00bb","block_context":{"text":"Econom\u00eda","link":"https:\/\/www.24baires.com\/?cat=45"},"img":{"alt_text":"","src":"https:\/\/i0.wp.com\/www.24baires.com\/wp-content\/uploads\/2021\/08\/industria-pandemia.jpg?resize=350%2C200","width":350,"height":200,"srcset":"https:\/\/i0.wp.com\/www.24baires.com\/wp-content\/uploads\/2021\/08\/industria-pandemia.jpg?resize=350%2C200 1x, https:\/\/i0.wp.com\/www.24baires.com\/wp-content\/uploads\/2021\/08\/industria-pandemia.jpg?resize=525%2C300 1.5x, https:\/\/i0.wp.com\/www.24baires.com\/wp-content\/uploads\/2021\/08\/industria-pandemia.jpg?resize=700%2C400 2x"},"classes":[]},{"id":111761,"url":"https:\/\/www.24baires.com\/?p=111761","url_meta":{"origin":116012,"position":5},"title":"La econom\u00eda cay\u00f3 2,6% durante el primer semestre del a\u00f1o","author":"GB","date":"23\/08\/2019","format":false,"excerpt":"La actividad econ\u00f3mica cay\u00f3 2,6% en el primer semestre del a\u00f1o, en relaci\u00f3n con igual per\u00edodo del a\u00f1o pasado, inform\u00f3 el Instituto Nacional de Estad\u00edstica y Censos (Indec). Este resultado se obtuvo luego de que el Estimador Mensual de la Actividad Econ\u00f3mica (EMAE) cerrara en junio sin cambios respecto de\u2026","rel":"","context":"En \u00abEconom\u00eda\u00bb","block_context":{"text":"Econom\u00eda","link":"https:\/\/www.24baires.com\/?cat=45"},"img":{"alt_text":"","src":"https:\/\/i0.wp.com\/www.24baires.com\/wp-content\/uploads\/2018\/05\/industriales.jpg?resize=350%2C200","width":350,"height":200,"srcset":"https:\/\/i0.wp.com\/www.24baires.com\/wp-content\/uploads\/2018\/05\/industriales.jpg?resize=350%2C200 1x, https:\/\/i0.wp.com\/www.24baires.com\/wp-content\/uploads\/2018\/05\/industriales.jpg?resize=525%2C300 1.5x"},"classes":[]}],"jetpack_sharing_enabled":true,"jetpack_likes_enabled":true,"_links":{"self":[{"href":"https:\/\/www.24baires.com\/index.php?rest_route=\/wp\/v2\/posts\/116012","targetHints":{"allow":["GET"]}}],"collection":[{"href":"https:\/\/www.24baires.com\/index.php?rest_route=\/wp\/v2\/posts"}],"about":[{"href":"https:\/\/www.24baires.com\/index.php?rest_route=\/wp\/v2\/types\/post"}],"author":[{"embeddable":true,"href":"https:\/\/www.24baires.com\/index.php?rest_route=\/wp\/v2\/users\/4"}],"replies":[{"embeddable":true,"href":"https:\/\/www.24baires.com\/index.php?rest_route=%2Fwp%2Fv2%2Fcomments&post=116012"}],"version-history":[{"count":2,"href":"https:\/\/www.24baires.com\/index.php?rest_route=\/wp\/v2\/posts\/116012\/revisions"}],"predecessor-version":[{"id":116014,"href":"https:\/\/www.24baires.com\/index.php?rest_route=\/wp\/v2\/posts\/116012\/revisions\/116014"}],"wp:attachment":[{"href":"https:\/\/www.24baires.com\/index.php?rest_route=%2Fwp%2Fv2%2Fmedia&parent=116012"}],"wp:term":[{"taxonomy":"category","embeddable":true,"href":"https:\/\/www.24baires.com\/index.php?rest_route=%2Fwp%2Fv2%2Fcategories&post=116012"},{"taxonomy":"post_tag","embeddable":true,"href":"https:\/\/www.24baires.com\/index.php?rest_route=%2Fwp%2Fv2%2Ftags&post=116012"}],"curies":[{"name":"wp","href":"https:\/\/api.w.org\/{rel}","templated":true}]}}