{"id":116002,"date":"2020-08-19T18:35:55","date_gmt":"2020-08-19T21:35:55","guid":{"rendered":"http:\/\/www.24baires.com\/?p=116002"},"modified":"2020-08-19T18:35:55","modified_gmt":"2020-08-19T21:35:55","slug":"kicillof-visito-florencio-varela-y-destaco-la-labor-de-empresarios-industriales","status":"publish","type":"post","link":"https:\/\/www.24baires.com\/?p=116002","title":{"rendered":"Kicillof visit\u00f3 Florencio Varela y destac\u00f3 la labor de empresarios industriales"},"content":{"rendered":"<p><img data-recalc-dims=\"1\" loading=\"lazy\" decoding=\"async\" src=\"https:\/\/i0.wp.com\/www.24baires.com\/wp-content\/uploads\/2020\/08\/kicillof-industria.jpeg?resize=560%2C372\" alt=\"\" width=\"560\" height=\"372\" class=\"aligncenter size-full wp-image-116003\" srcset=\"https:\/\/i0.wp.com\/www.24baires.com\/wp-content\/uploads\/2020\/08\/kicillof-industria.jpeg?w=560&amp;ssl=1 560w, https:\/\/i0.wp.com\/www.24baires.com\/wp-content\/uploads\/2020\/08\/kicillof-industria.jpeg?resize=300%2C199&amp;ssl=1 300w\" sizes=\"auto, (max-width: 560px) 100vw, 560px\" \/>El gobernador recorri\u00f3 diferentes compa\u00f1\u00edas del parque tecnol\u00f3gico junto al intendente Andr\u00e9s Watson, y remarc\u00f3 su rol en la postpandemia.<!--more--><\/p>\n<p>El gobernador de la provincia de Buenos Aires, Axel Kicillof asegur\u00f3 hoy que para la postpandemia era fundamental la \u201cinmensa capacidad y diversidad productiva\u201d del territorio bonaerense. El mandatario visit\u00f3 dos empresas del parque industrial y tecnol\u00f3gico de Florencio Varela, junto al intendente Andr\u00e9s Watson y el ministro de Producci\u00f3n, Ciencia e Innovaci\u00f3n Tecnol\u00f3gica, Augusto Costa.<\/p>\n<p>Los funcionarios primero recorrieron la compa\u00f1\u00eda GRI Calvi\u00f1o Towers Argentina, que fabrica y exporta torres de energ\u00eda e\u00f3lica. Al respecto, el Gobernador explic\u00f3 que la actividad de dicha compa\u00f1\u00eda \u201cse complementa con otras empresas bonaerenses que fabrican los generadores, pr\u00e1cticamente todos los elementos de esos molinos de energ\u00eda son producidos en la Provincia\u201d.<\/p>\n<p>Luego, visitaron la sede del Grupo LCV, que brinda servicios de estudios de geolog\u00eda e ingenier\u00eda para la industria del petr\u00f3leo, del gas, la minera y la hidrogeol\u00f3gica para toda Am\u00e9rica Latina. En ese marco, Kicillof destac\u00f3 la importancia del rol de la Provincia en la industria petrolera \u201ccon empresas que analizan muestras, mejoran la capacidad de extracci\u00f3n y generan riquezas\u201d.<\/p>\n<p>\u201cEstas instalaciones son de \u00faltima generaci\u00f3n tecnol\u00f3gica, es fascinante lo que hacen las empresarias argentinas que fundaron esta compa\u00f1\u00eda, con una historia que se inici\u00f3 en YPF y que tras la privatizaci\u00f3n lanzaron su propia empresa, que hoy presta servicios nuevamente a una YPF estatal\u201d, record\u00f3 Kicillof sobre LCV, que fue la primera en radicarse en este parque industrial.<\/p>\n<p>Asimismo, el Gobernador se\u00f1al\u00f3 que el crecimiento del parque tecnol\u00f3gico de Florencio Varela involucra \u201cindustria metal\u00fargica, capacidad de an\u00e1lisis de \u00faltima tecnolog\u00eda como as\u00ed tambi\u00e9n industria primaria agropecuaria\u201d.<\/p>\n<p>Por su parte, Watson declar\u00f3: \u201cEstamos muy felices con el potencial que la industria tiene en Florencio Varela, en el caso de GRI Calvi\u00f1o estamos viendo c\u00f3mo impulsar el trabajo de esta empresa que es de tercera generaci\u00f3n en el distrito y LCV est\u00e1 trabajando desde hace muchos a\u00f1os ac\u00e1, avanzando adem\u00e1s junto con otros pa\u00edses para los cuales trabaja\u201d.<\/p>\n<p>\u201cLa provincia de Buenos Aires tiene la capacidad, el trabajo y la potencia empresaria necesaria para que en la pospandemia podamos ponerla en marcha en base a su trabajo y a su producci\u00f3n\u201d, concluy\u00f3 Kicillof.<\/p>\n","protected":false},"excerpt":{"rendered":"<p>El gobernador recorri\u00f3 diferentes compa\u00f1\u00edas del parque tecnol\u00f3gico junto al intendente Andr\u00e9s Watson, y remarc\u00f3 su rol en la postpandemia.<\/p>\n","protected":false},"author":4,"featured_media":0,"comment_status":"open","ping_status":"open","sticky":false,"template":"","format":"standard","meta":{"_jetpack_newsletter_access":"","_jetpack_dont_email_post_to_subs":false,"_jetpack_newsletter_tier_id":0,"_jetpack_memberships_contains_paywalled_content":false,"_jetpack_memberships_contains_paid_content":false,"footnotes":""},"categories":[40],"tags":[],"class_list":["post-116002","post","type-post","status-publish","format-standard","hentry","category-provincia"],"jetpack_shortlink":"https:\/\/wp.me\/p2JWE0-ub0","jetpack-related-posts":[{"id":103157,"url":"https:\/\/www.24baires.com\/?p=103157","url_meta":{"origin":116002,"position":0},"title":"El intendente de Florencio Varela rechaz\u00f3 el traspaso de Edesur a la Provincia","author":"GB","date":"04\/07\/2018","format":false,"excerpt":"Andr\u00e9s Watson advirti\u00f3 que la medida perjudicar\u00e1 al distrito y le reclam\u00f3 a Macri \"que se haga cargo de los problemas y ejerza los controles correspondientes\". Tambi\u00e9n carg\u00f3 contra las autoridades de la empresa por los cortes de luz: \"Me cans\u00e9 de reunirme con ellos; son inoperantes\". El intendente de\u2026","rel":"","context":"En \u00abMunicipios\u00bb","block_context":{"text":"Municipios","link":"https:\/\/www.24baires.com\/?cat=44"},"img":{"alt_text":"","src":"https:\/\/i0.wp.com\/www.24baires.com\/wp-content\/uploads\/2018\/07\/vecinos-florencio-varela.jpg?resize=350%2C200","width":350,"height":200,"srcset":"https:\/\/i0.wp.com\/www.24baires.com\/wp-content\/uploads\/2018\/07\/vecinos-florencio-varela.jpg?resize=350%2C200 1x, https:\/\/i0.wp.com\/www.24baires.com\/wp-content\/uploads\/2018\/07\/vecinos-florencio-varela.jpg?resize=525%2C300 1.5x"},"classes":[]},{"id":112241,"url":"https:\/\/www.24baires.com\/?p=112241","url_meta":{"origin":116002,"position":1},"title":"Cr\u00edticas a Macri y a Vidal por el metrobus de Florencio Varela","author":"AF","date":"25\/09\/2019","format":false,"excerpt":"El intendente de Florencio Varela, Andr\u00e9s Watson, lament\u00f3 el \"acto de campa\u00f1a\" realizado esta ma\u00f1ana por la gobernadora Mar\u00eda Eugenia Vidal y el presidente Mauricio Macri en su distrito y se\u00f1al\u00f3 que la construcci\u00f3n de un metrobus no era una obra \"prioritaria de acuerdo a las necesidades de los varelenses\".\u2026","rel":"","context":"En \u00abPol\u00edtica\u00bb","block_context":{"text":"Pol\u00edtica","link":"https:\/\/www.24baires.com\/?cat=51"},"img":{"alt_text":"","src":"https:\/\/i0.wp.com\/www.24baires.com\/wp-content\/uploads\/2017\/04\/macri-vidal.jpg?resize=350%2C200","width":350,"height":200,"srcset":"https:\/\/i0.wp.com\/www.24baires.com\/wp-content\/uploads\/2017\/04\/macri-vidal.jpg?resize=350%2C200 1x, https:\/\/i0.wp.com\/www.24baires.com\/wp-content\/uploads\/2017\/04\/macri-vidal.jpg?resize=525%2C300 1.5x"},"classes":[]},{"id":114242,"url":"https:\/\/www.24baires.com\/?p=114242","url_meta":{"origin":116002,"position":2},"title":"Kicillof se reuni\u00f3 con intendentes del Frente de Todos","author":"AF","date":"28\/02\/2020","format":false,"excerpt":"El Gobernador bonaerense mantuvo un encuentro con jefes comunales de la Tercera Secci\u00f3n Electoral. Para avanzar en la construcci\u00f3n de una agenda en com\u00fan y conformar equipos de trabajo, Axel Kicillof recibi\u00f3 este viernes en La Plata a intendentes e intendentas del Frente de Todos. \u201cComo venimos haciendo desde el\u2026","rel":"","context":"En \u00abProvincia\u00bb","block_context":{"text":"Provincia","link":"https:\/\/www.24baires.com\/?cat=40"},"img":{"alt_text":"","src":"https:\/\/i0.wp.com\/www.24baires.com\/wp-content\/uploads\/2020\/02\/4e70b823aa9969498199c0d0698b57b6.jpg?resize=350%2C200","width":350,"height":200,"srcset":"https:\/\/i0.wp.com\/www.24baires.com\/wp-content\/uploads\/2020\/02\/4e70b823aa9969498199c0d0698b57b6.jpg?resize=350%2C200 1x, https:\/\/i0.wp.com\/www.24baires.com\/wp-content\/uploads\/2020\/02\/4e70b823aa9969498199c0d0698b57b6.jpg?resize=525%2C300 1.5x"},"classes":[]},{"id":119120,"url":"https:\/\/www.24baires.com\/?p=119120","url_meta":{"origin":116002,"position":3},"title":"Batakis recibi\u00f3 el apoyo de intendentes bonaerenses","author":"AF","date":"20\/07\/2022","format":false,"excerpt":"El encuentro marca una continuidad respecto a la reuni\u00f3n previa que la titular del Palacio de Hacienda mantuvo el lunes con el gobernador Axel Kicillof y otros cuatros mandatarios provinciales, en el contexto de adhesi\u00f3n a las disposiciones anunciadas. La ministra de Econom\u00eda, Silvina Batakis, mantuvo un encuentro este mi\u00e9rcoles\u2026","rel":"","context":"En \u00abProvincia\u00bb","block_context":{"text":"Provincia","link":"https:\/\/www.24baires.com\/?cat=40"},"img":{"alt_text":"","src":"https:\/\/i0.wp.com\/www.24baires.com\/wp-content\/uploads\/2022\/07\/batakis-intendentes.jpg?resize=350%2C200","width":350,"height":200,"srcset":"https:\/\/i0.wp.com\/www.24baires.com\/wp-content\/uploads\/2022\/07\/batakis-intendentes.jpg?resize=350%2C200 1x, https:\/\/i0.wp.com\/www.24baires.com\/wp-content\/uploads\/2022\/07\/batakis-intendentes.jpg?resize=525%2C300 1.5x, https:\/\/i0.wp.com\/www.24baires.com\/wp-content\/uploads\/2022\/07\/batakis-intendentes.jpg?resize=700%2C400 2x"},"classes":[]},{"id":115588,"url":"https:\/\/www.24baires.com\/?p=115588","url_meta":{"origin":116002,"position":4},"title":"Kicillof entreg\u00f3 respiradores","author":"GB","date":"09\/07\/2020","format":false,"excerpt":"En esta oportunidad fueron 100 lo equipos que van a reforzar los sistemas de salud p\u00fablica de 11 distritos bonaerenses. El gobernador Axel Kicillof encabez\u00f3 este mi\u00e9rcoles, junto al ministro de Salud bonaerense, Daniel Gollan; el diputado nacional M\u00e1ximo Kirchner y la vicegobernadora Ver\u00f3nica Magario. una nueva entrega de respiradores\u2026","rel":"","context":"En \u00abProvincia\u00bb","block_context":{"text":"Provincia","link":"https:\/\/www.24baires.com\/?cat=40"},"img":{"alt_text":"","src":"https:\/\/i0.wp.com\/www.24baires.com\/wp-content\/uploads\/2020\/07\/20200708202302_2020-07-08-respiradores-intendentes-00175.jpg?resize=350%2C200","width":350,"height":200,"srcset":"https:\/\/i0.wp.com\/www.24baires.com\/wp-content\/uploads\/2020\/07\/20200708202302_2020-07-08-respiradores-intendentes-00175.jpg?resize=350%2C200 1x, https:\/\/i0.wp.com\/www.24baires.com\/wp-content\/uploads\/2020\/07\/20200708202302_2020-07-08-respiradores-intendentes-00175.jpg?resize=525%2C300 1.5x"},"classes":[]},{"id":121602,"url":"https:\/\/www.24baires.com\/?p=121602","url_meta":{"origin":116002,"position":5},"title":"Provincia profundizar\u00e1 controles de seguridad en escuelas","author":"GB","date":"04\/09\/2024","format":false,"excerpt":"El Gobernador bonaerense inaugur\u00f3 este martes un programa de fortalecimiento de protecci\u00f3n y seguridad en las zonas cercanas a instituciones educativas. Se incorporar\u00e1n patrullajes, c\u00e1maras y botones de alerta. El Gobierno bonaerense present\u00f3 en las \u00faltimas horas el programa \"Escuelas cuidadas\", que apunta a fortalecer los controles de seguridad en\u2026","rel":"","context":"En \u00abProvincia\u00bb","block_context":{"text":"Provincia","link":"https:\/\/www.24baires.com\/?cat=40"},"img":{"alt_text":"","src":"https:\/\/i0.wp.com\/www.24baires.com\/wp-content\/uploads\/2024\/09\/escuelas.webp?resize=350%2C200","width":350,"height":200,"srcset":"https:\/\/i0.wp.com\/www.24baires.com\/wp-content\/uploads\/2024\/09\/escuelas.webp?resize=350%2C200 1x, https:\/\/i0.wp.com\/www.24baires.com\/wp-content\/uploads\/2024\/09\/escuelas.webp?resize=525%2C300 1.5x, https:\/\/i0.wp.com\/www.24baires.com\/wp-content\/uploads\/2024\/09\/escuelas.webp?resize=700%2C400 2x"},"classes":[]}],"jetpack_sharing_enabled":true,"jetpack_likes_enabled":true,"jetpack_featured_media_url":"","_links":{"self":[{"href":"https:\/\/www.24baires.com\/index.php?rest_route=\/wp\/v2\/posts\/116002","targetHints":{"allow":["GET"]}}],"collection":[{"href":"https:\/\/www.24baires.com\/index.php?rest_route=\/wp\/v2\/posts"}],"about":[{"href":"https:\/\/www.24baires.com\/index.php?rest_route=\/wp\/v2\/types\/post"}],"author":[{"embeddable":true,"href":"https:\/\/www.24baires.com\/index.php?rest_route=\/wp\/v2\/users\/4"}],"replies":[{"embeddable":true,"href":"https:\/\/www.24baires.com\/index.php?rest_route=%2Fwp%2Fv2%2Fcomments&post=116002"}],"version-history":[{"count":1,"href":"https:\/\/www.24baires.com\/index.php?rest_route=\/wp\/v2\/posts\/116002\/revisions"}],"predecessor-version":[{"id":116004,"href":"https:\/\/www.24baires.com\/index.php?rest_route=\/wp\/v2\/posts\/116002\/revisions\/116004"}],"wp:attachment":[{"href":"https:\/\/www.24baires.com\/index.php?rest_route=%2Fwp%2Fv2%2Fmedia&parent=116002"}],"wp:term":[{"taxonomy":"category","embeddable":true,"href":"https:\/\/www.24baires.com\/index.php?rest_route=%2Fwp%2Fv2%2Fcategories&post=116002"},{"taxonomy":"post_tag","embeddable":true,"href":"https:\/\/www.24baires.com\/index.php?rest_route=%2Fwp%2Fv2%2Ftags&post=116002"}],"curies":[{"name":"wp","href":"https:\/\/api.w.org\/{rel}","templated":true}]}}