{"id":115993,"date":"2020-08-19T12:30:50","date_gmt":"2020-08-19T15:30:50","guid":{"rendered":"http:\/\/www.24baires.com\/?p=115993"},"modified":"2020-08-19T09:00:13","modified_gmt":"2020-08-19T12:00:13","slug":"profesionales-de-la-salud-reclaman-paritarias-urgentes","status":"publish","type":"post","link":"https:\/\/www.24baires.com\/?p=115993","title":{"rendered":"Profesionales de la salud reclaman paritarias urgentes"},"content":{"rendered":"<p><img data-recalc-dims=\"1\" loading=\"lazy\" decoding=\"async\" src=\"https:\/\/i0.wp.com\/www.24baires.com\/wp-content\/uploads\/2020\/08\/medicos.jpg?resize=560%2C313\" alt=\"\" width=\"560\" height=\"313\" class=\"aligncenter size-full wp-image-115994\" srcset=\"https:\/\/i0.wp.com\/www.24baires.com\/wp-content\/uploads\/2020\/08\/medicos.jpg?w=560&amp;ssl=1 560w, https:\/\/i0.wp.com\/www.24baires.com\/wp-content\/uploads\/2020\/08\/medicos.jpg?resize=300%2C168&amp;ssl=1 300w\" sizes=\"auto, (max-width: 560px) 100vw, 560px\" \/>Aun sin fecha, los trabajadores preparan un protesta para exigir que se cumpan los acuerdos ya firmados con el gobierno de Axel Kicillof, que inclu\u00edan una convocatoria para rediscutir salarios en el mes de julio<!--more--><\/p>\n<p>La Asociaci\u00f3n Sindical de los profesional de salud endureci\u00f3 su postura de cara al reclamo de partiarias para discutir salarios y condiciones de trabajo y alert\u00f3 sobre los riesgos que implican para el personal de los hospitales algunas medidas del gobierno de Axel Kicillof, como la decisi\u00f3n de no licenciar a aquellos que forman parte de los grupos de riesgo.<\/p>\n<p>Con estad\u00edsticas que muestran hasta el momento mas de 10 mil contagios y 48 muertes entre trabajadores sanitarios, desde la CICOP acusan al ejecutivo de \u00abno haber cumplido con el acuerdo alcanzado en abril, que defin\u00eda un nuevo llamado para el mes de junio\u00bb, lo que calificaron como \u00abun muy mal precedente para el futuro inmediato\u00bb. <\/p>\n<p>\u00abDebi\u00e9ramos estar negociando salarios, ingresos de personal, confirmaci\u00f3n en las incorporaciones de los residentes que egresan este a\u00f1o, nuestra situaci\u00f3n previsional y todo lo que hace a un mejor abordaje de la pandemia, pero no es lo que est\u00e1 ocurriendo\u00bb, indicaron los profesionales.<\/p>\n<p>Adem\u00e1s alertaron que \u00abnos encontramos atravesando las peores circunstancias desde el inicio de la pandemia\u00bb, por el aumento en el n\u00famero de contagios, el uso de camas cr\u00edticas y la extensi\u00f3n de la enfermedad hacia nuevas regiones, adem\u00e1s de las infecciones entre el personal que \u00abconforman un panorama tremendamente complicado y avizoran una gran complejidad hacia adelante\u00bb.<\/p>\n<p>Por eso los trabajadores adelantaron que, a\u00fan sin fecha, preparan una jornada de protesta, en la que realizar\u00e1n un homenaje a los fallecidos por COVID-19 y fortalecer\u00e1n el reclamo por una convocatoria a paritarias, y exigir\u00e1n el cumplimiento de los acuerdos previos por parte del ejecutivo provincial.<\/p>\n","protected":false},"excerpt":{"rendered":"<p>Aun sin fecha, los trabajadores preparan un protesta para exigir que se cumpan los acuerdos ya firmados con el gobierno de Axel Kicillof, que inclu\u00edan una convocatoria para rediscutir salarios en el mes de julio<\/p>\n","protected":false},"author":8,"featured_media":0,"comment_status":"open","ping_status":"open","sticky":false,"template":"","format":"standard","meta":{"_jetpack_newsletter_access":"","_jetpack_dont_email_post_to_subs":false,"_jetpack_newsletter_tier_id":0,"_jetpack_memberships_contains_paywalled_content":false,"_jetpack_memberships_contains_paid_content":false,"footnotes":""},"categories":[40],"tags":[],"class_list":["post-115993","post","type-post","status-publish","format-standard","hentry","category-provincia"],"jetpack_shortlink":"https:\/\/wp.me\/p2JWE0-uaR","jetpack-related-posts":[{"id":116447,"url":"https:\/\/www.24baires.com\/?p=116447","url_meta":{"origin":115993,"position":0},"title":"M\u00e9dicos vuelven a discutir salarios con la provincia el pr\u00f3ximo lunes","author":"GB","date":"12\/10\/2020","format":false,"excerpt":"El gobierno bonaerense de Axel Kicillof busca acordar con los m\u00e9dicos y trabajadores de la salud, que fueron convocados a rediscutir la paritaria. Tras haber acordado con los estatales y tambi\u00e9n con los docentes, el gobierno de la provincia de Buenos Aires que conduce Axel Kicillof convoc\u00f3 oficialmente a reanudar\u2026","rel":"","context":"En \u00abProvincia\u00bb","block_context":{"text":"Provincia","link":"https:\/\/www.24baires.com\/?cat=40"},"img":{"alt_text":"","src":"https:\/\/i0.wp.com\/www.24baires.com\/wp-content\/uploads\/2020\/08\/medicos.jpg?resize=350%2C200","width":350,"height":200,"srcset":"https:\/\/i0.wp.com\/www.24baires.com\/wp-content\/uploads\/2020\/08\/medicos.jpg?resize=350%2C200 1x, https:\/\/i0.wp.com\/www.24baires.com\/wp-content\/uploads\/2020\/08\/medicos.jpg?resize=525%2C300 1.5x"},"classes":[]},{"id":121231,"url":"https:\/\/www.24baires.com\/?p=121231","url_meta":{"origin":115993,"position":1},"title":"Provincia convoc\u00f3 a los gremios a discutir salarios","author":"GB","date":"15\/04\/2024","format":false,"excerpt":"Tras varios pedidos de paritarias de los sindicatos que nuclean a trabajadores estatales de la provincia de Buenos Aires, el gobierno de Axel Kicillof los convoc\u00f3 para reordenar y llegar a acuerdos acordes al n\u00famero de inflaci\u00f3n actual. El gobierno bonaerense, encabezado por Axel Kicillof, convoc\u00f3 a los sindicatos que\u2026","rel":"","context":"En \u00abProvincia\u00bb","block_context":{"text":"Provincia","link":"https:\/\/www.24baires.com\/?cat=40"},"img":{"alt_text":"","src":"https:\/\/i0.wp.com\/www.24baires.com\/wp-content\/uploads\/2024\/03\/paritarias-estatales.webp?resize=350%2C200","width":350,"height":200,"srcset":"https:\/\/i0.wp.com\/www.24baires.com\/wp-content\/uploads\/2024\/03\/paritarias-estatales.webp?resize=350%2C200 1x, https:\/\/i0.wp.com\/www.24baires.com\/wp-content\/uploads\/2024\/03\/paritarias-estatales.webp?resize=525%2C300 1.5x, https:\/\/i0.wp.com\/www.24baires.com\/wp-content\/uploads\/2024\/03\/paritarias-estatales.webp?resize=700%2C400 2x"},"classes":[]},{"id":115410,"url":"https:\/\/www.24baires.com\/?p=115410","url_meta":{"origin":115993,"position":2},"title":"Cicop insiste con el pedido de paritarias y aumento salarial","author":"GB","date":"22\/06\/2020","format":false,"excerpt":"Los m\u00e9dicos y profesionales de la salud tambi\u00e9n reiteraron el rechazo al pago del medio aguinaldo en cuotas. La Asociaci\u00f3n Sindical de Profesionales de la Salud de la Provincia de Buenos Aires (Cicop) sali\u00f3 nuevamente con el reclamo al gobierno de Axel Kicillof para que se los convoque a paritarias\u2026","rel":"","context":"En \u00abProvincia\u00bb","block_context":{"text":"Provincia","link":"https:\/\/www.24baires.com\/?cat=40"},"img":{"alt_text":"","src":"https:\/\/i0.wp.com\/www.24baires.com\/wp-content\/uploads\/2020\/06\/cicop.jpg?resize=350%2C200","width":350,"height":200,"srcset":"https:\/\/i0.wp.com\/www.24baires.com\/wp-content\/uploads\/2020\/06\/cicop.jpg?resize=350%2C200 1x, https:\/\/i0.wp.com\/www.24baires.com\/wp-content\/uploads\/2020\/06\/cicop.jpg?resize=525%2C300 1.5x"},"classes":[]},{"id":115348,"url":"https:\/\/www.24baires.com\/?p=115348","url_meta":{"origin":115993,"position":3},"title":"Cicop insiste a Kicillof para la reapertura de paritarias salariales","author":"GB","date":"16\/06\/2020","format":false,"excerpt":"El gremio indic\u00f3 que los sueldos \"contin\u00faan desjerarquizados\" y exigi\u00f3 una \"recomposici\u00f3n urgente\". La Asociaci\u00f3n Sindical de Profesionales de la Salud de la Provincia de Buenos Aires (Cicop) lanz\u00f3 un nuevo reclamo al gobernador Axel Kicillof con el objetivo de la reapertura de paritarias salariales. Recordaron que el acuerdo era\u2026","rel":"","context":"En \u00abProvincia\u00bb","block_context":{"text":"Provincia","link":"https:\/\/www.24baires.com\/?cat=40"},"img":{"alt_text":"","src":"https:\/\/i0.wp.com\/www.24baires.com\/wp-content\/uploads\/2020\/06\/cicop.jpg?resize=350%2C200","width":350,"height":200,"srcset":"https:\/\/i0.wp.com\/www.24baires.com\/wp-content\/uploads\/2020\/06\/cicop.jpg?resize=350%2C200 1x, https:\/\/i0.wp.com\/www.24baires.com\/wp-content\/uploads\/2020\/06\/cicop.jpg?resize=525%2C300 1.5x"},"classes":[]},{"id":116701,"url":"https:\/\/www.24baires.com\/?p=116701","url_meta":{"origin":115993,"position":4},"title":"\u00abSi no hay convocatoria, se profundiza la lucha\u00bb, advierten a Kicillof","author":"GB","date":"16\/11\/2020","format":false,"excerpt":"Desde la CICOP consideran que hubo \"destrato\" y falta de reconocimiento a la tarea del personal de salud por parte de las autoridades de la provincia Denunciando \"destrato\" y falta de reconocimiento por la tarea que vienen realizando en el marco de la pandemia, los profesionales de las salud de\u2026","rel":"","context":"En \u00abProvincia\u00bb","block_context":{"text":"Provincia","link":"https:\/\/www.24baires.com\/?cat=40"},"img":{"alt_text":"","src":"https:\/\/i0.wp.com\/www.24baires.com\/wp-content\/uploads\/2013\/12\/paro-medicos-300x187.jpg?resize=350%2C200","width":350,"height":200},"classes":[]},{"id":113684,"url":"https:\/\/www.24baires.com\/?p=113684","url_meta":{"origin":115993,"position":5},"title":"Cicop pidi\u00f3 paritarias libres y que los aumentos salariales \u201csean coherentes con la inflaci\u00f3n\u201d","author":"GB","date":"06\/01\/2020","format":false,"excerpt":"El gremio que nuclea a m\u00e9dicos y profesionales de la salud bonaerenses insisti\u00f3 con el pedido de reuni\u00f3n al gobierno de Axel Kicillof. La Asociaci\u00f3n Sindical de Profesionales de la Salud de la provincia de Buenos Aires (Cicop) realiz\u00f3 un an\u00e1lisis de la situaci\u00f3n nacional y bonaerense en torno a\u2026","rel":"","context":"En \u00abProvincia\u00bb","block_context":{"text":"Provincia","link":"https:\/\/www.24baires.com\/?cat=40"},"img":{"alt_text":"","src":"https:\/\/i0.wp.com\/www.24baires.com\/wp-content\/uploads\/2019\/04\/cicop-salud.jpg?resize=350%2C200","width":350,"height":200,"srcset":"https:\/\/i0.wp.com\/www.24baires.com\/wp-content\/uploads\/2019\/04\/cicop-salud.jpg?resize=350%2C200 1x, https:\/\/i0.wp.com\/www.24baires.com\/wp-content\/uploads\/2019\/04\/cicop-salud.jpg?resize=525%2C300 1.5x"},"classes":[]}],"jetpack_sharing_enabled":true,"jetpack_likes_enabled":true,"jetpack_featured_media_url":"","_links":{"self":[{"href":"https:\/\/www.24baires.com\/index.php?rest_route=\/wp\/v2\/posts\/115993","targetHints":{"allow":["GET"]}}],"collection":[{"href":"https:\/\/www.24baires.com\/index.php?rest_route=\/wp\/v2\/posts"}],"about":[{"href":"https:\/\/www.24baires.com\/index.php?rest_route=\/wp\/v2\/types\/post"}],"author":[{"embeddable":true,"href":"https:\/\/www.24baires.com\/index.php?rest_route=\/wp\/v2\/users\/8"}],"replies":[{"embeddable":true,"href":"https:\/\/www.24baires.com\/index.php?rest_route=%2Fwp%2Fv2%2Fcomments&post=115993"}],"version-history":[{"count":1,"href":"https:\/\/www.24baires.com\/index.php?rest_route=\/wp\/v2\/posts\/115993\/revisions"}],"predecessor-version":[{"id":115995,"href":"https:\/\/www.24baires.com\/index.php?rest_route=\/wp\/v2\/posts\/115993\/revisions\/115995"}],"wp:attachment":[{"href":"https:\/\/www.24baires.com\/index.php?rest_route=%2Fwp%2Fv2%2Fmedia&parent=115993"}],"wp:term":[{"taxonomy":"category","embeddable":true,"href":"https:\/\/www.24baires.com\/index.php?rest_route=%2Fwp%2Fv2%2Fcategories&post=115993"},{"taxonomy":"post_tag","embeddable":true,"href":"https:\/\/www.24baires.com\/index.php?rest_route=%2Fwp%2Fv2%2Ftags&post=115993"}],"curies":[{"name":"wp","href":"https:\/\/api.w.org\/{rel}","templated":true}]}}