{"id":115986,"date":"2020-08-18T17:29:44","date_gmt":"2020-08-18T20:29:44","guid":{"rendered":"http:\/\/www.24baires.com\/?p=115986"},"modified":"2020-08-18T17:29:44","modified_gmt":"2020-08-18T20:29:44","slug":"la-receta-gorila","status":"publish","type":"post","link":"https:\/\/www.24baires.com\/?p=115986","title":{"rendered":"La Receta Gorila"},"content":{"rendered":"<div id=\"attachment_115987\" style=\"width: 570px\" class=\"wp-caption aligncenter\"><img data-recalc-dims=\"1\" loading=\"lazy\" decoding=\"async\" aria-describedby=\"caption-attachment-115987\" class=\"size-full wp-image-115987\" src=\"https:\/\/i0.wp.com\/www.24baires.com\/wp-content\/uploads\/2020\/08\/anti-cuarentena.jpg?resize=560%2C373\" alt=\"\" width=\"560\" height=\"373\" srcset=\"https:\/\/i0.wp.com\/www.24baires.com\/wp-content\/uploads\/2020\/08\/anti-cuarentena.jpg?w=560&amp;ssl=1 560w, https:\/\/i0.wp.com\/www.24baires.com\/wp-content\/uploads\/2020\/08\/anti-cuarentena.jpg?resize=300%2C200&amp;ssl=1 300w\" sizes=\"auto, (max-width: 560px) 100vw, 560px\" \/><p id=\"caption-attachment-115987\" class=\"wp-caption-text\">Imagen: Leandro Teysseire<\/p><\/div>\n<p>&nbsp;<\/p>\n<p style=\"text-align: right;\"><strong><em>\u201cLos bellos de esp\u00edritu<\/em><\/strong><\/p>\n<p style=\"text-align: right;\"><strong><em>caer\u00e1n<\/em><\/strong><\/p>\n<p style=\"text-align: right;\"><strong><em>tambi\u00e9n\u201d<\/em><\/strong><\/p>\n<p style=\"text-align: right;\"><strong><em>(Fito P\u00e1ez)<\/em><\/strong><\/p>\n<p style=\"text-align: left;\">Hay un virus que circula por el mundo y se transmite con suma facilidad. Quienes lo contraen, lo padecen de diversas maneras. Ocurre que los extremos se manifiestan a la vez, ya que algunas personas no sienten nada, o sienten poco, y otras mueren. Decenas, miles.<!--more--><\/p>\n<p>Lentamente en algunos sitios, y a ritmo vertiginoso en otros, las camas de hospitales, cl\u00ednicas y sanitrios se van ocupando. Hay gobiernos que hacen poco, algunos nada. Otros hacen mucho. Incluso logran anticiparse al desastre sanitario que azota a otros pa\u00edses en diversas latitudes. Con medidas certeras contienen brotes y consiguen el glorioso tiempo que se precisa para reconstruir el deteriorado sistema de salud, para asegurarse que quienes necesiten cuidados, los tengan.<\/p>\n<p>Porque de eso se trata. De cuidarnos, de proteger lo m\u00e1s preciado: la vida. Y eso que ven\u00edamos de ser testigos del desmantelamiento del Estado. Todav\u00eda no hace ni un a\u00f1o que este gobierno recibi\u00f3 en sus manos un pa\u00eds arrasado, quebrado y endeudado, empobrecido, desesperanzado. Sin Ministerio de Salud. Ni de Trabajo.<\/p>\n<p>Pero volviendo al virus, hay patolog\u00edas previas que complejizan muchas situaciones y hacen que esta lucha contra una pandemia sea aun m\u00e1s dif\u00edcil. Hoy, tener o haber tenido enfermedades respiratorias, oncol\u00f3gicas o card\u00edacas, por citar algunas, nos pone en un nivel de riesgo superior a la media, de la misma manera que las y los adultos mayores se ven m\u00e1s expuestos que quienes gozan de juventud y lozan\u00eda.<\/p>\n<p>Pero hay otras enfermedades previas que no s\u00f3lo complican m\u00e1s la ardua batalla contra el Covid-19, sino que aun con camas, respiradores y personal de salud disponible, brotan y brotan, como si esta debacle mundial no fuera el peor desastre de la Historia contempor\u00e1nea del planeta, sino un invento populista dirigido a molestar y cercenar libertades individuales. Esas patolog\u00edas previas son el odio, la irresponsabilidad, el ego\u00edsmo y la ignorancia, que resulta siempre un condimento que se repite en la Receta Gorila. Despu\u00e9s, le agregan otras cosas, baten un poco, y ya tienen un cacerolazo por algo.<\/p>\n<p>Pero quienes padecen odio e ignorancia ni siquiera tienen la capacidad de empezar a reconocer ciertas diferencias que han significado salvar las vidas de miles de argentinos y argentinas. Aunque parezca simple: si Alberto no hubiera actuado con velocidad y responsabilidad soberana, el sistema sanitario habr\u00eda colapsado hace meses.<\/p>\n<p>Ocurre que hay quienes confunden cuidados urgentes y necesarios con sometimiento. Piden libertad a los gritos, trepados a alg\u00fan monumento, demostrando as\u00ed la improcedencia de reclamo semejante. Exponen su irresponsabilidad con el desparpajo que tanto gusta a la muerte, que por estos meses mastica con furia. Y no distingue: puede llevarse a alguien que haya aplaudido a la siniestra Patricia Bullrich, y tambi\u00e9n puede arrebatarle a la vida a una mujer que hace verdad el milagro de la multiplicidad de los panes en un comedor barrial.<\/p>\n<p>Quiz\u00e1, quienes claman libertades que ostentan, desconozcan a tal profundidad la ausencia de derechos esenciales, como los que dicen reclamar, porque han gozado de privilegios toda la vida. Y les es ajena la injusticia, la profunda, la cruel: hay tantas personas dando la vida para que otras y otros coman, se curen, sufran un poquito menos, que no s\u00e9 si alcanzar\u00e1 la vida de quienes sobrevivan esta pandemia para sobreponerse al desconsuelo de ver c\u00f3mo tantos y tantas caen y perecer, por amor.<\/p>\n<p>Aun as\u00ed, estamos produciendo una vacuna contra el Coronavirus. Contamos con los dedos de una mano a los pa\u00edses que ya pueden decirles a sus ciudadanos y ciudadanas cuando podr\u00e1n inmunizarse contra este flagelo brutal. Pero aun no hemos logrado protegernos de ese desprecio por el otro, por la otra. Ese que a veces ocupa algunas baldosas de nuestras calles, oliendo a rancio. Ese tan da\u00f1ino odio que tiene tanto que ver con el miedo.<\/p>\n","protected":false},"excerpt":{"rendered":"<p>&nbsp; \u201cLos bellos de esp\u00edritu caer\u00e1n tambi\u00e9n\u201d (Fito P\u00e1ez) Hay un virus que circula por el mundo y se transmite con suma facilidad. Quienes lo contraen, lo padecen de diversas maneras. Ocurre que los extremos se manifiestan a la vez, ya que algunas personas no sienten nada, o sienten poco, y otras mueren. Decenas, miles.<\/p>\n","protected":false},"author":4,"featured_media":0,"comment_status":"open","ping_status":"open","sticky":false,"template":"","format":"standard","meta":{"_jetpack_newsletter_access":"","_jetpack_dont_email_post_to_subs":false,"_jetpack_newsletter_tier_id":0,"_jetpack_memberships_contains_paywalled_content":false,"_jetpack_memberships_contains_paid_content":false,"footnotes":""},"categories":[64],"tags":[],"class_list":["post-115986","post","type-post","status-publish","format-standard","hentry","category-opinion"],"jetpack_featured_media_url":"","jetpack_shortlink":"https:\/\/wp.me\/p2JWE0-uaK","jetpack-related-posts":[{"id":19934,"url":"https:\/\/www.24baires.com\/?p=19934","url_meta":{"origin":115986,"position":0},"title":"Desde este lunes la TV P\u00fablica incorpora el lenguaje de se\u00f1as a parte de su programaci\u00f3n","author":"Grupo Sierra","date":"01\/04\/2013","format":false,"excerpt":"La Televisi\u00f3n P\u00fablica ha incorporado desde hoy el lenguaje de se\u00f1as, integrando la modalidad al servicio de noticias y los espacios para ni\u00f1os y j\u00f3venes. Desde abril, la pantalla de Canal 7 suma esta innovacion destinada a contemplar las pol\u00edticas de inclusi\u00f3n establecidas por la Ley de Servicios de Comunicaci\u00f3n\u2026","rel":"","context":"En \u00abMedios\u00bb","block_context":{"text":"Medios","link":"https:\/\/www.24baires.com\/?cat=54"},"img":{"alt_text":"","src":"","width":0,"height":0},"classes":[]},{"id":62586,"url":"https:\/\/www.24baires.com\/?p=62586","url_meta":{"origin":115986,"position":1},"title":"Repudian los estados de Facebook: \u00abMe siento gorda\u00bb y \u00abMe siento fea\u00bb","author":"Grupo Sierra","date":"03\/03\/2015","format":false,"excerpt":"\"Todos los d\u00edas trato de hablarme a m\u00ed misma para recordarme lo importante que soy. Por eso, cuando veo en Facebook el emotic\u00f3n de 'sentirse gordo' o 'feo', es como si me empujara otra vez a volver a pensar que ser gorda es algo malo. Gorda no es un sentimiento.\u2026","rel":"","context":"En \u00abSociedad\u00bb","block_context":{"text":"Sociedad","link":"https:\/\/www.24baires.com\/?cat=1"},"img":{"alt_text":"bulimia","src":"https:\/\/i0.wp.com\/www.24baires.com\/wp-content\/uploads\/2013\/11\/bulimia.jpg?resize=350%2C200","width":350,"height":200,"srcset":"https:\/\/i0.wp.com\/www.24baires.com\/wp-content\/uploads\/2013\/11\/bulimia.jpg?resize=350%2C200 1x, https:\/\/i0.wp.com\/www.24baires.com\/wp-content\/uploads\/2013\/11\/bulimia.jpg?resize=525%2C300 1.5x"},"classes":[]},{"id":29965,"url":"https:\/\/www.24baires.com\/?p=29965","url_meta":{"origin":115986,"position":2},"title":"Identidad de g\u00e9nero: \u00abvivo en un pa\u00eds libre\u00bb","author":"GB","date":"11\/08\/2013","format":false,"excerpt":"Leonor Acu\u00f1a, particip\u00f3 de este proceso eleccionario utilizando para ello el DNI acorde con su identidad de g\u00e9nero, dijo que se siente \u201clibre\u201d y \u201cc\u00f3moda\u201d al poder ejercer un derecho muchas veces resignado por miedo a la discriminaci\u00f3n. \u201cMe siento bien, me siento libre y c\u00f3moda al poder decir que\u2026","rel":"","context":"En \u00abPASO2013\u00bb","block_context":{"text":"PASO2013","link":"https:\/\/www.24baires.com\/?cat=71"},"img":{"alt_text":"","src":"","width":0,"height":0},"classes":[]},{"id":65496,"url":"https:\/\/www.24baires.com\/?p=65496","url_meta":{"origin":115986,"position":3},"title":"\u00abSi Fayt se siente bien y sigue con vida, se va a quedar diez a\u00f1os m\u00e1s en la Corte\u00bb","author":"AF","date":"07\/05\/2015","format":false,"excerpt":"El abogado Jorge Rizzo, ex presidente del Colegio P\u00fablico de Abogados de la Capital Federal, asegur\u00f3 que \u201csi se siente bien y sigue con vida\u201d, el ministro de la Corte Suprema Carlos Fayt \u201cse va a quedar diez a\u00f1os m\u00e1s\u201d en el M\u00e1ximo Tribunal. En este marco, sostuvo que el\u2026","rel":"","context":"En \u00abJUDICIALES\u00bb","block_context":{"text":"JUDICIALES","link":"https:\/\/www.24baires.com\/?cat=68"},"img":{"alt_text":"","src":"","width":0,"height":0},"classes":[]},{"id":66500,"url":"https:\/\/www.24baires.com\/?p=66500","url_meta":{"origin":115986,"position":4},"title":"Para Estela de Carlotto, \u00abCristina se tiene que quedar cerca de su pueblo\u00bb","author":"GB","date":"25\/05\/2015","format":false,"excerpt":"La presidenta de Abuelas de Plaza de Mayo sostuvo que la presidenta Cristina Fern\u00e1ndez de Kirchner \u201cse tiene que quedar cerca de su pueblo\u201d luego de culminar su mandato, al tiempo que celebr\u00f3 poder festejar esta fecha patria junto a su nieto restituido, Ignacio Montoya Carlotto. \u201cSiento que la vida\u2026","rel":"","context":"En \u00abPol\u00edtica\u00bb","block_context":{"text":"Pol\u00edtica","link":"https:\/\/www.24baires.com\/?cat=51"},"img":{"alt_text":"guido-estela","src":"https:\/\/i0.wp.com\/www.24baires.com\/wp-content\/uploads\/2014\/08\/guido-estela.jpg?resize=350%2C200","width":350,"height":200,"srcset":"https:\/\/i0.wp.com\/www.24baires.com\/wp-content\/uploads\/2014\/08\/guido-estela.jpg?resize=350%2C200 1x, https:\/\/i0.wp.com\/www.24baires.com\/wp-content\/uploads\/2014\/08\/guido-estela.jpg?resize=525%2C300 1.5x"},"classes":[]},{"id":69779,"url":"https:\/\/www.24baires.com\/?p=69779","url_meta":{"origin":115986,"position":5},"title":"La emotiva carta del capit\u00e1n de Lan\u00fas a Diego Barisone","author":"AF","date":"30\/07\/2015","format":false,"excerpt":"Maxi Vel\u00e1zquez, referente granate, escribi\u00f3 un sentido comunicado tras el fallecimiento de su compa\u00f1ero en un accidente vial. La carta fue publicada en el sitio oficial del club del Sur del Gran Buenos Aires. La carta completa: \"Fueron los dos d\u00edas m\u00e1s complicados de mi carrera y es dif\u00edcil de\u2026","rel":"","context":"En \u00abDeportes\u00bb","block_context":{"text":"Deportes","link":"https:\/\/www.24baires.com\/?cat=12"},"img":{"alt_text":"barisone","src":"https:\/\/i0.wp.com\/www.24baires.com\/wp-content\/uploads\/2015\/07\/barisone.jpg?resize=350%2C200","width":350,"height":200,"srcset":"https:\/\/i0.wp.com\/www.24baires.com\/wp-content\/uploads\/2015\/07\/barisone.jpg?resize=350%2C200 1x, https:\/\/i0.wp.com\/www.24baires.com\/wp-content\/uploads\/2015\/07\/barisone.jpg?resize=525%2C300 1.5x"},"classes":[]}],"jetpack_sharing_enabled":true,"jetpack_likes_enabled":true,"_links":{"self":[{"href":"https:\/\/www.24baires.com\/index.php?rest_route=\/wp\/v2\/posts\/115986","targetHints":{"allow":["GET"]}}],"collection":[{"href":"https:\/\/www.24baires.com\/index.php?rest_route=\/wp\/v2\/posts"}],"about":[{"href":"https:\/\/www.24baires.com\/index.php?rest_route=\/wp\/v2\/types\/post"}],"author":[{"embeddable":true,"href":"https:\/\/www.24baires.com\/index.php?rest_route=\/wp\/v2\/users\/4"}],"replies":[{"embeddable":true,"href":"https:\/\/www.24baires.com\/index.php?rest_route=%2Fwp%2Fv2%2Fcomments&post=115986"}],"version-history":[{"count":3,"href":"https:\/\/www.24baires.com\/index.php?rest_route=\/wp\/v2\/posts\/115986\/revisions"}],"predecessor-version":[{"id":115990,"href":"https:\/\/www.24baires.com\/index.php?rest_route=\/wp\/v2\/posts\/115986\/revisions\/115990"}],"wp:attachment":[{"href":"https:\/\/www.24baires.com\/index.php?rest_route=%2Fwp%2Fv2%2Fmedia&parent=115986"}],"wp:term":[{"taxonomy":"category","embeddable":true,"href":"https:\/\/www.24baires.com\/index.php?rest_route=%2Fwp%2Fv2%2Fcategories&post=115986"},{"taxonomy":"post_tag","embeddable":true,"href":"https:\/\/www.24baires.com\/index.php?rest_route=%2Fwp%2Fv2%2Ftags&post=115986"}],"curies":[{"name":"wp","href":"https:\/\/api.w.org\/{rel}","templated":true}]}}