{"id":11597,"date":"2013-01-09T11:00:49","date_gmt":"2013-01-09T14:00:49","guid":{"rendered":"http:\/\/www.24baires.com\/?p=11597"},"modified":"2013-01-09T11:00:50","modified_gmt":"2013-01-09T14:00:50","slug":"inhiben-los-bienes-de-los-medicos-de-una-clinica-donde-hubo-contagios-de-hepatitis-c","status":"publish","type":"post","link":"https:\/\/www.24baires.com\/?p=11597","title":{"rendered":"Inhiben los bienes de los m\u00e9dicos de una cl\u00ednica donde hubo contagios de Hepatitis C"},"content":{"rendered":"<p><strong>BAH\u00cdA BLANCA &#8211;<\/strong> La medida afecta los m\u00e9dicos Oscar Casalini, Roberto Baroni y al anestesista Jos\u00e9 Cali\u00f3. Investigan la muerte de una paciente y el contagio de otras cinco personas que concurrieron al instituto de Gorriti al 300, de Bah\u00eda Blanca.<!--more--><\/p>\n<p>La Justicia de Garant\u00edas dispuso la inhibici\u00f3n general de los bienes de dos m\u00e9dicos y un anestesista de la Cl\u00ednica del Diagn\u00f3stico Digestivo, ubicada en Gorriti 371.<\/p>\n<p>Se trata de los m\u00e9dicos Oscar Casalini, Roberto Eduardo Baroni y el anestesista Jos\u00e9 Cali\u00f3. la Justicia investiga la muerte de la mujer que contrajo Hepatitis C tras realizarse una endoscop\u00eda en dicho instituto de diagn\u00f3stico.<\/p>\n<p>Recordamos que la bahiense M\u00f3nica Garc\u00eda Su\u00e1rez, de 61 a\u00f1os, falleci\u00f3 en un hospital de la Capital Federal luego de que su organismo no lograra recuperarse de la fulminante infecci\u00f3n hep\u00e1tica.<\/p>\n<p>Se estima que el contagio fue el 5 de septiembre cuando Garc\u00eda Su\u00e1rez y otros cinco pacientes fueron sometidos a un proceso endosc\u00f3pico.<\/p>\n<p>Todos los procedimientos fueron realizados por el doctor Oscar Casalini. Igual tipo de pr\u00e1cticas realizaba all\u00ed el doctor Roberto Eduardo Baroni, propietario de la cl\u00ednica.<\/p>\n<p>&nbsp;<\/p>\n<p>&nbsp;<\/p>\n<p>&nbsp;<\/p>\n<p>&nbsp;<\/p>\n<p>&nbsp;<\/p>\n<p>&nbsp;<\/p>\n<p>&nbsp;<\/p>\n<p>&nbsp;<\/p>\n<p>&nbsp;<\/p>\n<p>&nbsp;<\/p>\n<p>&nbsp;<\/p>\n<p>&nbsp;<\/p>\n<p>&nbsp;<\/p>\n<p>&nbsp;<\/p>\n<p>&nbsp;<\/p>\n<p>&nbsp;<\/p>\n<p>&nbsp;<\/p>\n<p>&nbsp;<\/p>\n<p>&nbsp;<\/p>\n<p>&nbsp;<\/p>\n<p>&nbsp;<\/p>\n<p>&nbsp;<\/p>\n","protected":false},"excerpt":{"rendered":"<p>BAH\u00cdA BLANCA &#8211; La medida afecta los m\u00e9dicos Oscar Casalini, Roberto Baroni y al anestesista Jos\u00e9 Cali\u00f3. Investigan la muerte de una paciente y el contagio de otras cinco personas que concurrieron al instituto de Gorriti al 300, de Bah\u00eda Blanca.<\/p>\n","protected":false},"author":4,"featured_media":0,"comment_status":"open","ping_status":"open","sticky":false,"template":"","format":"standard","meta":{"_jetpack_newsletter_access":"","_jetpack_dont_email_post_to_subs":false,"_jetpack_newsletter_tier_id":0,"_jetpack_memberships_contains_paywalled_content":false,"_jetpack_memberships_contains_paid_content":false,"footnotes":""},"categories":[1],"tags":[],"class_list":["post-11597","post","type-post","status-publish","format-standard","hentry","category-sociedad"],"jetpack_featured_media_url":"","jetpack_shortlink":"https:\/\/wp.me\/p2JWE0-313","jetpack-related-posts":[{"id":54532,"url":"https:\/\/www.24baires.com\/?p=54532","url_meta":{"origin":11597,"position":0},"title":"Por hechos de violencia paran los m\u00e9dicos del Hospital de Jos\u00e9 C. Paz","author":"GB","date":"30\/09\/2014","format":false,"excerpt":"Los m\u00e9dicos y enfermeras del Hospital Zonal Jos\u00e9 Mercante, del partido bonaerense de Jos\u00e9 C. Paz, realizaban hoy un paro de actividades para reclamar mayor seguridad dentro del centro asistencial, luego de que una anestesista fuera atacada por dos hombres armados con cuchillos que, seg\u00fan denunciaron, hab\u00edan ingresado para robar\u2026","rel":"","context":"En \u00abLocales\u00bb","block_context":{"text":"Locales","link":"https:\/\/www.24baires.com\/?cat=38"},"img":{"alt_text":"","src":"","width":0,"height":0},"classes":[]},{"id":121584,"url":"https:\/\/www.24baires.com\/?p=121584","url_meta":{"origin":11597,"position":1},"title":"Goll\u00e1n presentar\u00e1 un nuevo proyecto para excluir de Ganancias a m\u00e9dicos de guardia","author":"GB","date":"29\/08\/2024","format":false,"excerpt":"El ex ministro de Salud bonaerense y diputado de Uni\u00f3n por la Patria, Daniel Goll\u00e1n, inform\u00f3 que volver\u00e1n a insistir con un proyecto que de marcha atr\u00e1s al regreso de Ganancias. El diputado nacional de Uni\u00f3n por la Patria, Daniel Goll\u00e1n, anunci\u00f3 que este jueves presentar\u00e1 en el Congreso un\u2026","rel":"","context":"En \u00abPol\u00edtica\u00bb","block_context":{"text":"Pol\u00edtica","link":"https:\/\/www.24baires.com\/?cat=51"},"img":{"alt_text":"","src":"https:\/\/i0.wp.com\/www.24baires.com\/wp-content\/uploads\/2024\/08\/gollan.webp?resize=350%2C200","width":350,"height":200,"srcset":"https:\/\/i0.wp.com\/www.24baires.com\/wp-content\/uploads\/2024\/08\/gollan.webp?resize=350%2C200 1x, https:\/\/i0.wp.com\/www.24baires.com\/wp-content\/uploads\/2024\/08\/gollan.webp?resize=525%2C300 1.5x, https:\/\/i0.wp.com\/www.24baires.com\/wp-content\/uploads\/2024\/08\/gollan.webp?resize=700%2C400 2x"},"classes":[]},{"id":118267,"url":"https:\/\/www.24baires.com\/?p=118267","url_meta":{"origin":11597,"position":2},"title":"Bah\u00eda Blanca: paro y movilizaci\u00f3n de m\u00e9dicos municipales","author":"GB","date":"29\/11\/2021","format":false,"excerpt":"Por primera vez, en los 130 a\u00f1os del hospital, no hubo guardia cl\u00ednica por la movilizaci\u00f3n ante reclamos de los m\u00e9dicos. Los profesionales del Hospital municipal de Bah\u00eda Blanca, realizaron un paro y movilizaci\u00f3n por reclamos urgentes del entorno laboral, luego de notar una crisis en el sistema. En este\u2026","rel":"","context":"En \u00abMunicipios\u00bb","block_context":{"text":"Municipios","link":"https:\/\/www.24baires.com\/?cat=44"},"img":{"alt_text":"","src":"https:\/\/i0.wp.com\/www.24baires.com\/wp-content\/uploads\/2021\/11\/medicos-bahia.jpeg?resize=350%2C200","width":350,"height":200,"srcset":"https:\/\/i0.wp.com\/www.24baires.com\/wp-content\/uploads\/2021\/11\/medicos-bahia.jpeg?resize=350%2C200 1x, https:\/\/i0.wp.com\/www.24baires.com\/wp-content\/uploads\/2021\/11\/medicos-bahia.jpeg?resize=525%2C300 1.5x"},"classes":[]},{"id":29566,"url":"https:\/\/www.24baires.com\/?p=29566","url_meta":{"origin":11597,"position":3},"title":"El Ministerio de Salud bonaerense recomienda la vacunaci\u00f3n de adultos contra la Hepatitis B","author":"AF","date":"05\/08\/2013","format":false,"excerpt":"M\u00e9dicos apoyaron la convocatoria Ministerio de Salud bonaerense que invita a todos los adultos a vacunarse contra la Hepatitis B. Seg\u00fan explicaron, la iniciativa \u201cfue bien recibida\u201d ya que puede evitar diversas enfermedades y es recomendable para todas aquellas personas que a\u00fan no se vacunaron. Adultos a acudir a los\u2026","rel":"","context":"En \u00abSociedad\u00bb","block_context":{"text":"Sociedad","link":"https:\/\/www.24baires.com\/?cat=1"},"img":{"alt_text":"vacunaci\u00f3n2","src":"https:\/\/i0.wp.com\/www.24baires.com\/wp-content\/uploads\/2013\/04\/vacunaci%C3%B3n2.png?resize=350%2C200","width":350,"height":200},"classes":[]},{"id":725,"url":"https:\/\/www.24baires.com\/?p=725","url_meta":{"origin":11597,"position":4},"title":"Diputados y senadores recibir\u00e1n a las v\u00edctimas de Cariglino","author":"Grupo Sierra","date":"30\/09\/2012","format":false,"excerpt":"Los vecinos podr\u00e1n expresar denuncias por hechos de violencia pol\u00edtica y mala praxis. Ya se registraron tres muertes sospechosas en el Hospital \u201cClaudio Zin\u201d y el asesinato del enfermero Walter Navarro. Las comisiones de Salud P\u00fablica y de Derechos Humanos de la Legislatura bonaerense sesionar\u00e1n el pr\u00f3ximo martes, desde las\u2026","rel":"","context":"En \u00abMunicipios\u00bb","block_context":{"text":"Municipios","link":"https:\/\/www.24baires.com\/?cat=44"},"img":{"alt_text":"","src":"","width":0,"height":0},"classes":[]},{"id":9232,"url":"https:\/\/www.24baires.com\/?p=9232","url_meta":{"origin":11597,"position":5},"title":"El acusado de matar y enterrar al remisero fue apresado y trasladado a Mor\u00f3n","author":"Grupo Sierra","date":"15\/12\/2012","format":false,"excerpt":"VILLA GESELL - Dami\u00e1n Esteban Gumuzzio (40) fue apresado y \u00a0trasladado desde Villa Gesell a los tribunales de Mor\u00f3n. Es el presunto autor del homicidio del remisero Juan Roberto Cambel Ortiz (60), quien fue asesinado y enterrado en los fondos de una casa situada en Gorriti 450, del barrio Pompeya.\u2026","rel":"","context":"En \u00abPoliciales\u00bb","block_context":{"text":"Policiales","link":"https:\/\/www.24baires.com\/?cat=49"},"img":{"alt_text":"","src":"","width":0,"height":0},"classes":[]}],"jetpack_sharing_enabled":true,"jetpack_likes_enabled":true,"_links":{"self":[{"href":"https:\/\/www.24baires.com\/index.php?rest_route=\/wp\/v2\/posts\/11597","targetHints":{"allow":["GET"]}}],"collection":[{"href":"https:\/\/www.24baires.com\/index.php?rest_route=\/wp\/v2\/posts"}],"about":[{"href":"https:\/\/www.24baires.com\/index.php?rest_route=\/wp\/v2\/types\/post"}],"author":[{"embeddable":true,"href":"https:\/\/www.24baires.com\/index.php?rest_route=\/wp\/v2\/users\/4"}],"replies":[{"embeddable":true,"href":"https:\/\/www.24baires.com\/index.php?rest_route=%2Fwp%2Fv2%2Fcomments&post=11597"}],"version-history":[{"count":2,"href":"https:\/\/www.24baires.com\/index.php?rest_route=\/wp\/v2\/posts\/11597\/revisions"}],"predecessor-version":[{"id":11605,"href":"https:\/\/www.24baires.com\/index.php?rest_route=\/wp\/v2\/posts\/11597\/revisions\/11605"}],"wp:attachment":[{"href":"https:\/\/www.24baires.com\/index.php?rest_route=%2Fwp%2Fv2%2Fmedia&parent=11597"}],"wp:term":[{"taxonomy":"category","embeddable":true,"href":"https:\/\/www.24baires.com\/index.php?rest_route=%2Fwp%2Fv2%2Fcategories&post=11597"},{"taxonomy":"post_tag","embeddable":true,"href":"https:\/\/www.24baires.com\/index.php?rest_route=%2Fwp%2Fv2%2Ftags&post=11597"}],"curies":[{"name":"wp","href":"https:\/\/api.w.org\/{rel}","templated":true}]}}