{"id":115961,"date":"2020-08-16T12:00:54","date_gmt":"2020-08-16T15:00:54","guid":{"rendered":"http:\/\/www.24baires.com\/?p=115961"},"modified":"2020-08-16T10:30:00","modified_gmt":"2020-08-16T13:30:00","slug":"aclaran-que-no-habra-cambios-en-la-venta-oficial-de-dolares","status":"publish","type":"post","link":"https:\/\/www.24baires.com\/?p=115961","title":{"rendered":"Aclaran que no habr\u00e1 cambios en la venta oficial de d\u00f3lares"},"content":{"rendered":"<p><img data-recalc-dims=\"1\" loading=\"lazy\" decoding=\"async\" src=\"https:\/\/i0.wp.com\/www.24baires.com\/wp-content\/uploads\/2020\/08\/alberto-guzman.jpg?resize=560%2C349\" alt=\"\" width=\"560\" height=\"349\" class=\"aligncenter size-full wp-image-115836\" srcset=\"https:\/\/i0.wp.com\/www.24baires.com\/wp-content\/uploads\/2020\/08\/alberto-guzman.jpg?w=560&amp;ssl=1 560w, https:\/\/i0.wp.com\/www.24baires.com\/wp-content\/uploads\/2020\/08\/alberto-guzman.jpg?resize=300%2C187&amp;ssl=1 300w\" sizes=\"auto, (max-width: 560px) 100vw, 560px\" \/>El presidente apunt\u00f3 a la compra de d\u00f3lares por parte de peque\u00f1os ahorristas y se\u00f1al\u00f3 que es \u00abun problema\u00bb. Desde el Ministerio de Econom\u00eda salieron a tranquilizar.<!--more--><\/p>\n<p>El presidente Alberto Fern\u00e1ndez hab\u00eda sembrado dudas en el mercado de divisas cuando esta tarde se\u00f1al\u00f3 que estudiaban endurecer el cepo y no permitir la compra de los U$D 200 mensuales. Finalmente, desde el Ministerio de Econom\u00eda salieron a aclarar que no habr\u00e1 cambios.<\/p>\n<p>\u00abLos peque\u00f1os ahorristas que compran 200 d\u00f3lares son un problema\u00bb, dijo el Presidente esta tarde en Radio La Red, y que la situaci\u00f3n del Banco Central era complicada ya que Mauricio Macri \u00abdej\u00f3 s\u00f3lo U$D 10.000 millones de reservas\u00bb.<\/p>\n<p>En la misma l\u00ednea la vicejefa de Gabinete, Cecilia Todesca, hab\u00eda manifestado que \u201cno podemos seguir gastando d\u00f3lares en ahorros que van a parar al colch\u00f3n y salen del sistema; necesitamos d\u00f3lares para producir\u201d.<\/p>\n<p>Todo esto hizo suponer que, en medio de la crisis econ\u00f3mica, el Gobierno endurecer\u00eda a\u00fan m\u00e1s el cepo al d\u00f3lar que implement\u00f3 Mauricio Macri antes de terminar su mandato, en el que la divisa estadounidense se dispar\u00f3 de $9,75 a $63 en cuatro a\u00f1os, casi un 550%.<\/p>\n<p>Desde el Minsterio de Econom\u00eda lleg\u00f3 la tranquilidad para los peque\u00f1os ahorristas. El d\u00f3lar oficial continuar\u00e1 a la venta con las mismas restricciones ya existentes: U$D 200 por persona y un impuesto del 30%. Hoy, la moneda estadounidense cotiza a $77,39. En junio 3,3 millones de argentinos compraron un total de USD 629 millones, a un promedio de USD 193 cada uno.<\/p>\n<p>La cartera que encabeza Mart\u00edn Guzm\u00e1n tiene optimismo en que el mercado cambiario se estabilice luego de las operaciones de pasivos que est\u00e1n previstas para este mes, con canjes y subastas de deuda. Adem\u00e1s, luego de cerrar el acuerdo con los acreedores y aliviar la mochila en el corto plazo, encara con confianza las negociaciones con el FMI.<\/p>\n<p>El Gobierno reconoce que el cepo al d\u00f3lar no es lo ideal, y que tiene mucha resistencia del sector privado, especialmente el productivo. Sin embargo, lo ve hoy como una condici\u00f3n esencial para la estabilidad macroecon\u00f3mica y coincide en que la administraci\u00f3n de Mauricio Macri lo implement\u00f3 \u00abtarde\u00bb, as\u00ed lo se\u00f1al\u00f3 Todesca.<\/p>\n<p>La herramienta, reconocen, es una especie de tap\u00f3n que contiene la fuga de divisas y la devaluaci\u00f3n. A\u00fan as\u00ed, el Banco Central debi\u00f3 hacer canjes por U$D 100 millones la \u00faltima semana para sostener el precio del d\u00f3lar, lo que reduce poco a poco las reservas netas. All\u00ed apunt\u00f3 Alberto Fern\u00e1ndez. Pero por ahora, todo seguir\u00e1 igual.<\/p>\n","protected":false},"excerpt":{"rendered":"<p>El presidente apunt\u00f3 a la compra de d\u00f3lares por parte de peque\u00f1os ahorristas y se\u00f1al\u00f3 que es \u00abun problema\u00bb. Desde el Ministerio de Econom\u00eda salieron a tranquilizar.<\/p>\n","protected":false},"author":8,"featured_media":0,"comment_status":"open","ping_status":"open","sticky":false,"template":"","format":"standard","meta":{"_jetpack_newsletter_access":"","_jetpack_dont_email_post_to_subs":false,"_jetpack_newsletter_tier_id":0,"_jetpack_memberships_contains_paywalled_content":false,"_jetpack_memberships_contains_paid_content":false,"footnotes":""},"categories":[45],"tags":[],"class_list":["post-115961","post","type-post","status-publish","format-standard","hentry","category-economia"],"jetpack_featured_media_url":"","jetpack_shortlink":"https:\/\/wp.me\/p2JWE0-ual","jetpack-related-posts":[{"id":113467,"url":"https:\/\/www.24baires.com\/?p=113467","url_meta":{"origin":115961,"position":0},"title":"La compra de d\u00f3lares para ahorro tambi\u00e9n tendr\u00e1 el recargo del 30%","author":"GB","date":"17\/12\/2019","format":false,"excerpt":"Al tope de 200 d\u00f3lares por mes, habr\u00e1 que adicionarle el impuesto. Los dep\u00f3sitos en pesos, en cambio, dejar\u00e1n de pagar renta financiera. El ministro de Econom\u00eda, Mart\u00edn Guzm\u00e1n, anunci\u00f3 este martes que la compra de d\u00f3lares para ahorro tendr\u00e1 un recargo del 30%, a la vez que ratific\u00f3 el\u2026","rel":"","context":"En \u00abEconom\u00eda\u00bb","block_context":{"text":"Econom\u00eda","link":"https:\/\/www.24baires.com\/?cat=45"},"img":{"alt_text":"","src":"https:\/\/i0.wp.com\/www.24baires.com\/wp-content\/uploads\/2018\/07\/d%C3%B3lar.jpg?resize=350%2C200","width":350,"height":200,"srcset":"https:\/\/i0.wp.com\/www.24baires.com\/wp-content\/uploads\/2018\/07\/d%C3%B3lar.jpg?resize=350%2C200 1x, https:\/\/i0.wp.com\/www.24baires.com\/wp-content\/uploads\/2018\/07\/d%C3%B3lar.jpg?resize=525%2C300 1.5x"},"classes":[]},{"id":111954,"url":"https:\/\/www.24baires.com\/?p=111954","url_meta":{"origin":115961,"position":1},"title":"El Banco Central hace nuevas aclaraciones sobre la regulaci\u00f3n cambiaria","author":"AF","date":"05\/09\/2019","format":false,"excerpt":"La autoridad monetaria dispuso que se podr\u00e1n comprar m\u00e1s de 10 mil d\u00f3lares mensuales para pagar las tarjetas de cr\u00e9dito. La vuelta de un control de cambios, anunciado el domingo pasado, gener\u00f3 dudas acerca de la letra chica de su aplicaci\u00f3n. Por esta raz\u00f3n, cuatro d\u00edas m\u00e1s tarde de instauradas\u2026","rel":"","context":"En \u00abEconom\u00eda\u00bb","block_context":{"text":"Econom\u00eda","link":"https:\/\/www.24baires.com\/?cat=45"},"img":{"alt_text":"","src":"https:\/\/i0.wp.com\/www.24baires.com\/wp-content\/uploads\/2013\/12\/banco-central.jpg?resize=350%2C200","width":350,"height":200,"srcset":"https:\/\/i0.wp.com\/www.24baires.com\/wp-content\/uploads\/2013\/12\/banco-central.jpg?resize=350%2C200 1x, https:\/\/i0.wp.com\/www.24baires.com\/wp-content\/uploads\/2013\/12\/banco-central.jpg?resize=525%2C300 1.5x"},"classes":[]},{"id":111676,"url":"https:\/\/www.24baires.com\/?p=111676","url_meta":{"origin":115961,"position":2},"title":"El Gobierno estudia limitar la compra de d\u00f3lares","author":"AF","date":"16\/08\/2019","format":false,"excerpt":"En las \u00faltimas cuatro semanas, las reservas bajaron 6370 millones de d\u00f3lares. Conflicto por el vencimiento de una deuda Repo por 3800 millones. Se analiza poner un tope de compra de 50 mil d\u00f3lares. Las reservas se encuentran en ca\u00edda libre. El Banco Central inform\u00f3 este viernes por la tarde\u2026","rel":"","context":"En \u00abEconom\u00eda\u00bb","block_context":{"text":"Econom\u00eda","link":"https:\/\/www.24baires.com\/?cat=45"},"img":{"alt_text":"","src":"https:\/\/i0.wp.com\/www.24baires.com\/wp-content\/uploads\/2018\/07\/d%C3%B3lar.jpg?resize=350%2C200","width":350,"height":200,"srcset":"https:\/\/i0.wp.com\/www.24baires.com\/wp-content\/uploads\/2018\/07\/d%C3%B3lar.jpg?resize=350%2C200 1x, https:\/\/i0.wp.com\/www.24baires.com\/wp-content\/uploads\/2018\/07\/d%C3%B3lar.jpg?resize=525%2C300 1.5x"},"classes":[]},{"id":112849,"url":"https:\/\/www.24baires.com\/?p=112849","url_meta":{"origin":115961,"position":3},"title":"Alberto adelant\u00f3 que seguir\u00e1 el cepo y revisar\u00e1 las tarifas energ\u00e9ticas","author":"AF","date":"04\/11\/2019","format":false,"excerpt":"El presidente electo brind\u00f3 una conferencia en M\u00e9xico hasta donde lleg\u00f3 para mantener su primera relaci\u00f3n bilateral. \"Se fugaron miles de millones de d\u00f3lares y eso no se revierte porque el presidente cambie\", se\u00f1al\u00f3 e insisti\u00f3: \"El 10 de diciembre no es una fecha m\u00e1gica\". El presidente electo Alberto Fern\u00e1ndez\u2026","rel":"","context":"En \u00abPol\u00edtica\u00bb","block_context":{"text":"Pol\u00edtica","link":"https:\/\/www.24baires.com\/?cat=51"},"img":{"alt_text":"","src":"https:\/\/i0.wp.com\/www.24baires.com\/wp-content\/uploads\/2019\/10\/alberto.jpg?resize=350%2C200","width":350,"height":200,"srcset":"https:\/\/i0.wp.com\/www.24baires.com\/wp-content\/uploads\/2019\/10\/alberto.jpg?resize=350%2C200 1x, https:\/\/i0.wp.com\/www.24baires.com\/wp-content\/uploads\/2019\/10\/alberto.jpg?resize=525%2C300 1.5x"},"classes":[]},{"id":116542,"url":"https:\/\/www.24baires.com\/?p=116542","url_meta":{"origin":115961,"position":4},"title":"El gobierno lanza una \u00abmegalicitaci\u00f3n\u00bb de bonos para frenar el precio del d\u00f3lar","author":"GB","date":"26\/10\/2020","format":false,"excerpt":"El objetivo del ministro de Econom\u00eda es absorber liquidez del mercado y as\u00ed quitarle presi\u00f3n a la moneda norteamericana Este martes el Ministerio de Econom\u00eda llamar\u00e1 a licitaci\u00f3n para la colocaci\u00f3n de varios t\u00edtulos p\u00fablicos en pesos, con el objetivo de absorber liquidez del mercado y frenar la demanda de\u2026","rel":"","context":"En \u00abEconom\u00eda\u00bb","block_context":{"text":"Econom\u00eda","link":"https:\/\/www.24baires.com\/?cat=45"},"img":{"alt_text":"","src":"https:\/\/i0.wp.com\/www.24baires.com\/wp-content\/uploads\/2020\/05\/guzman-1.jpg?resize=350%2C200","width":350,"height":200,"srcset":"https:\/\/i0.wp.com\/www.24baires.com\/wp-content\/uploads\/2020\/05\/guzman-1.jpg?resize=350%2C200 1x, https:\/\/i0.wp.com\/www.24baires.com\/wp-content\/uploads\/2020\/05\/guzman-1.jpg?resize=525%2C300 1.5x"},"classes":[]},{"id":119152,"url":"https:\/\/www.24baires.com\/?p=119152","url_meta":{"origin":115961,"position":5},"title":"El Banco Central espera sumar US$ 2.500 millones por la exportaci\u00f3n de soja","author":"AF","date":"27\/07\/2022","format":false,"excerpt":"\"Seguramente podamos obtener 2.500 millones de d\u00f3lares, muy posiblemente m\u00e1s. Creemos que esa es una cifra posible. Vamos a ver si el incentivo lleva a una venta mayor\u201d, afirm\u00f3 Miguel Pesce, quien enfatiz\u00f3 que la medida estar\u00e1 vigente hasta el 31 de agosto. El presidente del Banco Central (BCRA), Miguel\u2026","rel":"","context":"En \u00abEconom\u00eda\u00bb","block_context":{"text":"Econom\u00eda","link":"https:\/\/www.24baires.com\/?cat=45"},"img":{"alt_text":"","src":"https:\/\/i0.wp.com\/www.24baires.com\/wp-content\/uploads\/2022\/07\/soja.jpg?resize=350%2C200","width":350,"height":200,"srcset":"https:\/\/i0.wp.com\/www.24baires.com\/wp-content\/uploads\/2022\/07\/soja.jpg?resize=350%2C200 1x, https:\/\/i0.wp.com\/www.24baires.com\/wp-content\/uploads\/2022\/07\/soja.jpg?resize=525%2C300 1.5x, https:\/\/i0.wp.com\/www.24baires.com\/wp-content\/uploads\/2022\/07\/soja.jpg?resize=700%2C400 2x"},"classes":[]}],"jetpack_sharing_enabled":true,"jetpack_likes_enabled":true,"_links":{"self":[{"href":"https:\/\/www.24baires.com\/index.php?rest_route=\/wp\/v2\/posts\/115961","targetHints":{"allow":["GET"]}}],"collection":[{"href":"https:\/\/www.24baires.com\/index.php?rest_route=\/wp\/v2\/posts"}],"about":[{"href":"https:\/\/www.24baires.com\/index.php?rest_route=\/wp\/v2\/types\/post"}],"author":[{"embeddable":true,"href":"https:\/\/www.24baires.com\/index.php?rest_route=\/wp\/v2\/users\/8"}],"replies":[{"embeddable":true,"href":"https:\/\/www.24baires.com\/index.php?rest_route=%2Fwp%2Fv2%2Fcomments&post=115961"}],"version-history":[{"count":1,"href":"https:\/\/www.24baires.com\/index.php?rest_route=\/wp\/v2\/posts\/115961\/revisions"}],"predecessor-version":[{"id":115962,"href":"https:\/\/www.24baires.com\/index.php?rest_route=\/wp\/v2\/posts\/115961\/revisions\/115962"}],"wp:attachment":[{"href":"https:\/\/www.24baires.com\/index.php?rest_route=%2Fwp%2Fv2%2Fmedia&parent=115961"}],"wp:term":[{"taxonomy":"category","embeddable":true,"href":"https:\/\/www.24baires.com\/index.php?rest_route=%2Fwp%2Fv2%2Fcategories&post=115961"},{"taxonomy":"post_tag","embeddable":true,"href":"https:\/\/www.24baires.com\/index.php?rest_route=%2Fwp%2Fv2%2Ftags&post=115961"}],"curies":[{"name":"wp","href":"https:\/\/api.w.org\/{rel}","templated":true}]}}