{"id":115948,"date":"2020-08-14T10:20:25","date_gmt":"2020-08-14T13:20:25","guid":{"rendered":"http:\/\/www.24baires.com\/?p=115948"},"modified":"2020-08-14T10:03:25","modified_gmt":"2020-08-14T13:03:25","slug":"la-inflacion-de-julio-fue-del-19-y-ya-acumula-un-158-en-lo-que-va-del-ano","status":"publish","type":"post","link":"https:\/\/www.24baires.com\/?p=115948","title":{"rendered":"La inflaci\u00f3n de Julio fue del 1,9% y ya acumula un 15,8% en lo que va del a\u00f1o"},"content":{"rendered":"<p><img data-recalc-dims=\"1\" loading=\"lazy\" decoding=\"async\" src=\"https:\/\/i0.wp.com\/www.24baires.com\/wp-content\/uploads\/2020\/04\/supermercado.jpg?resize=560%2C373\" alt=\"\" width=\"560\" height=\"373\" class=\"aligncenter size-full wp-image-114714\" srcset=\"https:\/\/i0.wp.com\/www.24baires.com\/wp-content\/uploads\/2020\/04\/supermercado.jpg?w=560&amp;ssl=1 560w, https:\/\/i0.wp.com\/www.24baires.com\/wp-content\/uploads\/2020\/04\/supermercado.jpg?resize=300%2C200&amp;ssl=1 300w\" sizes=\"auto, (max-width: 560px) 100vw, 560px\" \/>El Indec difundi\u00f3 los datos que muestran un fuerte incremente en equipamiento y mantenimiento del hogar, seguidos de recreaci\u00f3n y cultura, e indumentaria.<br \/>\n<!--more--><\/p>\n<p>El dato positivo del nuevo informe del Indec es que el indice de precios al consumidor (IPC), que alcanz\u00f3 el 1,9% para julio mostr\u00f3 una leve ca\u00edda respecto dela medici\u00f3n anterior, que se hab\u00eda ubicado en el 2,2%.<\/p>\n<p>En el acumulado de la primera mitad del a\u00f1o la inflaci\u00f3n llega al 15,8%, por lo que de mantenerse el mimso nivel de aumento hasta fin de a\u00f1o, el volumen total acumulado representar\u00e1 una baja sensible respecto de las subas registradas durant el a\u00f1o anterior.<\/p>\n<p>Esto se registra tambi\u00e9n en la variaci\u00f3n interanual que viene registrando una baja sostenida desde diciembre del a\u00f1o pasado, cuando lleg\u00f3 al 53,8% de aumento, frente al 42,4 del mes de julio de este a\u00f1o.<\/p>\n<p>Mediros rubro por rubro, los mayores aumentos se registraron en el equipamiento y mantenimiento del hogar que lleg\u00f3 al 3,9%, seguidos de Recreaci\u00f3n y Cultura y Prendas de Vestir y Calzado, con el 3,3 por ciento, siendo los rubros que menos aumentaron los vinculados a la comunicaci\u00f3n (0,7%) y a la educaci\u00f3n (0,1%).  <\/p>\n<p>Respecto de los alimentos, la variaci\u00f3n tambi\u00e9n arroj\u00f3 un dato positivo, ya que acumularon subas del 1,3% es decir por debajo del promedio, e incluso el transporte se ubic\u00f3 en el 1,8 por ciento es decir un d\u00e9cima por debajo del promedio.  El infome completo se puede consultar en la web del organismo nacional.<\/p>\n","protected":false},"excerpt":{"rendered":"<p>El Indec difundi\u00f3 los datos que muestran un fuerte incremente en equipamiento y mantenimiento del hogar, seguidos de recreaci\u00f3n y cultura, e indumentaria.<\/p>\n","protected":false},"author":8,"featured_media":0,"comment_status":"open","ping_status":"open","sticky":false,"template":"","format":"standard","meta":{"_jetpack_newsletter_access":"","_jetpack_dont_email_post_to_subs":false,"_jetpack_newsletter_tier_id":0,"_jetpack_memberships_contains_paywalled_content":false,"_jetpack_memberships_contains_paid_content":false,"footnotes":""},"categories":[45],"tags":[],"class_list":["post-115948","post","type-post","status-publish","format-standard","hentry","category-economia"],"jetpack_featured_media_url":"","jetpack_shortlink":"https:\/\/wp.me\/p2JWE0-ua8","jetpack-related-posts":[{"id":102478,"url":"https:\/\/www.24baires.com\/?p=102478","url_meta":{"origin":115948,"position":0},"title":"Seg\u00fan el Indec, los salarios van por detr\u00e1s de la inflaci\u00f3n","author":"GB","date":"01\/06\/2018","format":false,"excerpt":"El Instituto Nacional de Estad\u00edstica y Censos dio a conocer que los sueldos pierden terreno con respecto a la evoluci\u00f3n de los precios minoristas en el primer trimestre del a\u00f1o. El \u00cdndice de Salarios elaborado por el Indec registr\u00f3 en marzo \u00faltimo una suba del 1,9% en comparaci\u00f3n con el\u2026","rel":"","context":"En \u00abEconom\u00eda\u00bb","block_context":{"text":"Econom\u00eda","link":"https:\/\/www.24baires.com\/?cat=45"},"img":{"alt_text":"","src":"https:\/\/i0.wp.com\/www.24baires.com\/wp-content\/uploads\/2013\/02\/indec-300x225.jpg?resize=350%2C200","width":350,"height":200},"classes":[]},{"id":107826,"url":"https:\/\/www.24baires.com\/?p=107826","url_meta":{"origin":115948,"position":1},"title":"Canasta b\u00e1sica inalcanzable. Se necesitan casi $29000 para acceder a ella y ya suma 64,2% de aumento en un a\u00f1o.","author":"AF","date":"25\/04\/2019","format":false,"excerpt":"La escalada registrada en el umbral de ingresos que establece la l\u00ednea de pobreza revela el impacto de la devaluaci\u00f3n y los tarifazos sobre los sectores m\u00e1s vulnerables. Las cifras oficiales marcan que un hogar con cuatro miembros requiere 28.750 pesos para no ser considerado pobre, 10.833 pesos m\u00e1s que\u2026","rel":"","context":"En \u00abSociedad\u00bb","block_context":{"text":"Sociedad","link":"https:\/\/www.24baires.com\/?cat=1"},"img":{"alt_text":"","src":"https:\/\/i0.wp.com\/www.24baires.com\/wp-content\/uploads\/2016\/02\/carnicer%C3%ADa.jpg?resize=350%2C200","width":350,"height":200,"srcset":"https:\/\/i0.wp.com\/www.24baires.com\/wp-content\/uploads\/2016\/02\/carnicer%C3%ADa.jpg?resize=350%2C200 1x, https:\/\/i0.wp.com\/www.24baires.com\/wp-content\/uploads\/2016\/02\/carnicer%C3%ADa.jpg?resize=525%2C300 1.5x"},"classes":[]},{"id":114279,"url":"https:\/\/www.24baires.com\/?p=114279","url_meta":{"origin":115948,"position":2},"title":"Privados estiman que la inflaci\u00f3n de febrero seguir\u00e1 siendo alta","author":"GB","date":"03\/03\/2020","format":false,"excerpt":"La consultora Orlando Ferreres & Asociadosdel estima que la inflaci\u00f3n en los productos de la Canasta B\u00e1sica subieron a mayor ritmo. De cara a la presentaci\u00f3n del nuevo informe del Instituto Nacional de Estad\u00edsticas y Censos (INDEC) donde se conocer\u00e1 la inflaci\u00f3n de febrero, la consultora Orlando Ferreres & Asociados,\u2026","rel":"","context":"En \u00abEconom\u00eda\u00bb","block_context":{"text":"Econom\u00eda","link":"https:\/\/www.24baires.com\/?cat=45"},"img":{"alt_text":"","src":"https:\/\/i0.wp.com\/www.24baires.com\/wp-content\/uploads\/2018\/08\/supermercado.jpg?resize=350%2C200","width":350,"height":200,"srcset":"https:\/\/i0.wp.com\/www.24baires.com\/wp-content\/uploads\/2018\/08\/supermercado.jpg?resize=350%2C200 1x, https:\/\/i0.wp.com\/www.24baires.com\/wp-content\/uploads\/2018\/08\/supermercado.jpg?resize=525%2C300 1.5x"},"classes":[]},{"id":98046,"url":"https:\/\/www.24baires.com\/?p=98046","url_meta":{"origin":115948,"position":3},"title":"La inflaci\u00f3n anual ya super\u00f3 el 17% proyectado por el Indec para 2017","author":"AF","date":"12\/10\/2017","format":false,"excerpt":"El \u00cdndice de Precios al Consumidor de septiembre mostr\u00f3 una suba mensual de 1,9 por ciento y un acumulado anual de 17,6 por ciento, por encima de la meta fijada por el Gobierno para todo 2017. El dato oficial rebas\u00f3 incluso las mediciones de la UMET y del Congreso, que\u2026","rel":"","context":"En \u00abEconom\u00eda\u00bb","block_context":{"text":"Econom\u00eda","link":"https:\/\/www.24baires.com\/?cat=45"},"img":{"alt_text":"","src":"https:\/\/i0.wp.com\/www.24baires.com\/wp-content\/uploads\/2013\/02\/indec.jpg?resize=350%2C200","width":350,"height":200,"srcset":"https:\/\/i0.wp.com\/www.24baires.com\/wp-content\/uploads\/2013\/02\/indec.jpg?resize=350%2C200 1x, https:\/\/i0.wp.com\/www.24baires.com\/wp-content\/uploads\/2013\/02\/indec.jpg?resize=525%2C300 1.5x"},"classes":[]},{"id":118340,"url":"https:\/\/www.24baires.com\/?p=118340","url_meta":{"origin":115948,"position":4},"title":"El \u00cdndice de Precios Minoristas aument\u00f3 2,5%","author":"AF","date":"14\/12\/2021","format":false,"excerpt":"Representa una baja de 1 punto respecto a 3,5% registrado tanto en septiembre como en octubre, seg\u00fan inform\u00f3 el Instituto Nacional de Estad\u00edstica y Censos. El \u00edndice de Precios Minoristas aument\u00f3 durante noviembre 2,5%, por debajo del 3,5% que hab\u00eda registrado tanto en septiembre como en octubre, inform\u00f3 el Instituto\u2026","rel":"","context":"En \u00abEconom\u00eda\u00bb","block_context":{"text":"Econom\u00eda","link":"https:\/\/www.24baires.com\/?cat=45"},"img":{"alt_text":"","src":"https:\/\/i0.wp.com\/www.24baires.com\/wp-content\/uploads\/2021\/12\/61b916c66d030_900.jpg?resize=350%2C200","width":350,"height":200,"srcset":"https:\/\/i0.wp.com\/www.24baires.com\/wp-content\/uploads\/2021\/12\/61b916c66d030_900.jpg?resize=350%2C200 1x, https:\/\/i0.wp.com\/www.24baires.com\/wp-content\/uploads\/2021\/12\/61b916c66d030_900.jpg?resize=525%2C300 1.5x"},"classes":[]},{"id":106632,"url":"https:\/\/www.24baires.com\/?p=106632","url_meta":{"origin":115948,"position":5},"title":"En 11 meses los salarios perdieron 17 puntos contra la inflaci\u00f3n","author":"AF","date":"31\/01\/2019","format":false,"excerpt":"El \u00edndice de salarios aument\u00f3 2,9% en noviembre del a\u00f1o pasado respecto del mes previo y acumul\u00f3 una suba de 26,6% en los \u00faltimos once meses, inform\u00f3 el INDEC. Mientras la inflaci\u00f3n en los primeros 11 meses de 2018 acumul\u00f3 un 43,9 por ciento, los salarios aumentaron en el mismo\u2026","rel":"","context":"En \u00abEconom\u00eda\u00bb","block_context":{"text":"Econom\u00eda","link":"https:\/\/www.24baires.com\/?cat=45"},"img":{"alt_text":"","src":"https:\/\/i0.wp.com\/www.24baires.com\/wp-content\/uploads\/2014\/04\/supermercado-chino.jpg?resize=350%2C200","width":350,"height":200,"srcset":"https:\/\/i0.wp.com\/www.24baires.com\/wp-content\/uploads\/2014\/04\/supermercado-chino.jpg?resize=350%2C200 1x, https:\/\/i0.wp.com\/www.24baires.com\/wp-content\/uploads\/2014\/04\/supermercado-chino.jpg?resize=525%2C300 1.5x"},"classes":[]}],"jetpack_sharing_enabled":true,"jetpack_likes_enabled":true,"_links":{"self":[{"href":"https:\/\/www.24baires.com\/index.php?rest_route=\/wp\/v2\/posts\/115948","targetHints":{"allow":["GET"]}}],"collection":[{"href":"https:\/\/www.24baires.com\/index.php?rest_route=\/wp\/v2\/posts"}],"about":[{"href":"https:\/\/www.24baires.com\/index.php?rest_route=\/wp\/v2\/types\/post"}],"author":[{"embeddable":true,"href":"https:\/\/www.24baires.com\/index.php?rest_route=\/wp\/v2\/users\/8"}],"replies":[{"embeddable":true,"href":"https:\/\/www.24baires.com\/index.php?rest_route=%2Fwp%2Fv2%2Fcomments&post=115948"}],"version-history":[{"count":2,"href":"https:\/\/www.24baires.com\/index.php?rest_route=\/wp\/v2\/posts\/115948\/revisions"}],"predecessor-version":[{"id":115950,"href":"https:\/\/www.24baires.com\/index.php?rest_route=\/wp\/v2\/posts\/115948\/revisions\/115950"}],"wp:attachment":[{"href":"https:\/\/www.24baires.com\/index.php?rest_route=%2Fwp%2Fv2%2Fmedia&parent=115948"}],"wp:term":[{"taxonomy":"category","embeddable":true,"href":"https:\/\/www.24baires.com\/index.php?rest_route=%2Fwp%2Fv2%2Fcategories&post=115948"},{"taxonomy":"post_tag","embeddable":true,"href":"https:\/\/www.24baires.com\/index.php?rest_route=%2Fwp%2Fv2%2Ftags&post=115948"}],"curies":[{"name":"wp","href":"https:\/\/api.w.org\/{rel}","templated":true}]}}