{"id":115921,"date":"2020-08-12T11:00:44","date_gmt":"2020-08-12T14:00:44","guid":{"rendered":"http:\/\/www.24baires.com\/?p=115921"},"modified":"2020-08-12T17:37:53","modified_gmt":"2020-08-12T20:37:53","slug":"docentes-exigen-la-reapaertura-de-concursos-para-acceder-a-nuevos-cargos","status":"publish","type":"post","link":"https:\/\/www.24baires.com\/?p=115921","title":{"rendered":"Docentes exigen la reapertura de concursos para acceder a nuevos cargos"},"content":{"rendered":"<p><img data-recalc-dims=\"1\" loading=\"lazy\" decoding=\"async\" src=\"https:\/\/i0.wp.com\/www.24baires.com\/wp-content\/uploads\/2020\/01\/kicillof-docentes.jpeg?resize=560%2C313\" alt=\"\" width=\"560\" height=\"313\" class=\"aligncenter size-full wp-image-113775\" srcset=\"https:\/\/i0.wp.com\/www.24baires.com\/wp-content\/uploads\/2020\/01\/kicillof-docentes.jpeg?w=560&amp;ssl=1 560w, https:\/\/i0.wp.com\/www.24baires.com\/wp-content\/uploads\/2020\/01\/kicillof-docentes.jpeg?resize=300%2C168&amp;ssl=1 300w\" sizes=\"auto, (max-width: 560px) 100vw, 560px\" \/>El sector Multicolor de SUTEBA, reiter\u00f3 el reclamo de mejoras salariales y rechaz\u00f3 la implementaci\u00f3n de un sistema de concursos virtuales que calific\u00f3 como un \u00abengendro\u00bb<!--more--><\/p>\n<p>Desde la lista Multicolor de SUTEBA, salieron con los tapones de punta contra el gobierno provincial a reclamar la reapertura de concursos para acceder alos cargos docentes y rechazaron las medidas de precarizaci\u00f3n laboral que se pusieron en marcha en el marco de la pandemia.<\/p>\n<p>En ese sentido, los maestros advirtieron que a contramano de lo que dice la Ley de Teletrabajo que que impuls\u00f3 el gobierno nacional, en la provinci \u00abnos obliga a pagar por el servicio de conectividad y que, para resolver el problema de la carencia de dispositivos, nos ofrece un pr\u00e9stamo para adquirir computadoras, nuestra herramienta de trabajo en la virtualidad\u00bb.<\/p>\n<p>Adem\u00e1s remarcaron que el ejecutvio bonaerense \u00abnos hace concurrir a las escuelas para repartir alimentos a granel, los que debemos empaquetar sin elementos de bioseguridad\u00bb.<\/p>\n<p>La gota que rebals\u00f3 el vaso fue la creaci\u00f3n del Programa de Incorporaci\u00f3n Especial de Docentes y Auxiliares Suplentes (PIEDAS), que busca reemplazar los actos p\u00fablicos presenciales a trav\u00e9s de una plataforma virtual, que seg\u00fan explicaron desde el sectro Multicolor es \u00abtan miserable que s epuede elegir entre el PIEDAS o el IFE\u00bb, que paga el gobierno nacional y que asciende a 10 mil pesos.<\/p>\n<p>En una extensa nota firmada por Diana Thom, dirigente de la Multicolor de Quilmes, se advierte adem\u00e1s que el retraso en la puesta en marcha de mecanismos alternativos por parte del gobierno de Axel Kicillof, con el aval de las conducci\u00f3n de SUTEBA y de UPCN, van en desmedro de los trabajadores y buscan limitar el acceso a los pocos cargos disponibles, adem\u00e1s de entorpecer la fiscalizaci\u00f3n de los concursos por parte de los trabajadores.<\/p>\n<p>En ese sentido, desde la oposici\u00f3n a Roberto Baradel, reiteraron el reclamo por mejorar salariales y alertaron sobre las nuevas dificultades que se van a plantear en la etapa de pos pandemia frente a la vuelta a clases, devido a por ejemplo el desdoblamiento delos cursos, una decisi\u00f3n de cumplimiento imposible para los docentes con mas de un cargo.<\/p>\n","protected":false},"excerpt":{"rendered":"<p>El sector Multicolor de SUTEBA, reiter\u00f3 el reclamo de mejoras salariales y rechaz\u00f3 la implementaci\u00f3n de un sistema de concursos virtuales que calific\u00f3 como un \u00abengendro\u00bb<\/p>\n","protected":false},"author":8,"featured_media":0,"comment_status":"open","ping_status":"open","sticky":false,"template":"","format":"standard","meta":{"_jetpack_newsletter_access":"","_jetpack_dont_email_post_to_subs":false,"_jetpack_newsletter_tier_id":0,"_jetpack_memberships_contains_paywalled_content":false,"_jetpack_memberships_contains_paid_content":false,"footnotes":""},"categories":[40],"tags":[],"class_list":["post-115921","post","type-post","status-publish","format-standard","hentry","category-provincia"],"jetpack_shortlink":"https:\/\/wp.me\/p2JWE0-u9H","jetpack-related-posts":[{"id":94585,"url":"https:\/\/www.24baires.com\/?p=94585","url_meta":{"origin":115921,"position":0},"title":"Elecciones en Suteba: gan\u00f3 Baradel","author":"GB","date":"17\/05\/2017","format":false,"excerpt":"Los docentes bonaerenses afiliados a Suteba votaron este mi\u00e9rcoles \"con normalidad\" en las elecciones internas del gremio, cuya conducci\u00f3n se disputaban la lista oficialista de Roberto Baradel y la opositora de Romina Del Pl\u00e1. Roberto Baradel se impuso este mi\u00e9rcoles a Romina del Pl\u00e1 por el 65 al 35 por\u2026","rel":"","context":"En \u00abProvincia\u00bb","block_context":{"text":"Provincia","link":"https:\/\/www.24baires.com\/?cat=40"},"img":{"alt_text":"","src":"https:\/\/i0.wp.com\/www.24baires.com\/wp-content\/uploads\/2013\/01\/baradel-petrocini.png?resize=350%2C200","width":350,"height":200},"classes":[]},{"id":98378,"url":"https:\/\/www.24baires.com\/?p=98378","url_meta":{"origin":115921,"position":1},"title":"Piden que se declare una emergencia educativa y edilicia","author":"GB","date":"27\/10\/2017","format":false,"excerpt":"Lo reclamaron desde la agrupaci\u00f3n interna de Suteba Furs Multicolor luego de la ca\u00edda del tanque de agua en la Escuela N\u00b04. Consideraron que se trata de una \u201cnueva muestra del estado de abandono y falta de inversi\u00f3n\u201d. Con un diagn\u00f3stico complemente opuesto al que sostienen las autoridades del \u00e1rea,\u2026","rel":"","context":"En \u00abProvincia\u00bb","block_context":{"text":"Provincia","link":"https:\/\/www.24baires.com\/?cat=40"},"img":{"alt_text":"","src":"","width":0,"height":0},"classes":[]},{"id":120550,"url":"https:\/\/www.24baires.com\/?p=120550","url_meta":{"origin":115921,"position":2},"title":"Los gremios docentes se suman al reclamo para reabrir paritarias","author":"GB","date":"12\/10\/2023","format":false,"excerpt":"Tras el pedido de los estatales, gremios docentes de la provincia se sumaron al pedido de reapertura de paritarias. Los fundamentos del FUDB. Los gremios docentes de la provincia de Buenos Aires formalizaron este mi\u00e9rcoles ante el gobierno de Axel Kicillof el pedido de reapertura de paritarias. De esta manera,\u2026","rel":"","context":"En \u00abProvincia\u00bb","block_context":{"text":"Provincia","link":"https:\/\/www.24baires.com\/?cat=40"},"img":{"alt_text":"","src":"https:\/\/i0.wp.com\/www.24baires.com\/wp-content\/uploads\/2023\/10\/paritariasjpg.webp?resize=350%2C200","width":350,"height":200,"srcset":"https:\/\/i0.wp.com\/www.24baires.com\/wp-content\/uploads\/2023\/10\/paritariasjpg.webp?resize=350%2C200 1x, https:\/\/i0.wp.com\/www.24baires.com\/wp-content\/uploads\/2023\/10\/paritariasjpg.webp?resize=525%2C300 1.5x, https:\/\/i0.wp.com\/www.24baires.com\/wp-content\/uploads\/2023\/10\/paritariasjpg.webp?resize=700%2C400 2x"},"classes":[]},{"id":107425,"url":"https:\/\/www.24baires.com\/?p=107425","url_meta":{"origin":115921,"position":3},"title":"Por insuficiente y enga\u00f1osa, Suteba Bah\u00eda Blanca inicia un paro","author":"GB","date":"29\/03\/2019","format":false,"excerpt":"El sindicato docente conducido por la izquierda realiz\u00f3 una asamblea y no acept\u00f3 la propuesta del gobierno bonaerense. Mientras las conducciones de los gremios que componen el Frente de Unidad Docente Bonaerense esperan las respuestas de los trabajadores, Suteba Bah\u00eda Blanca ya la rechaz\u00f3 y este viernes convoc\u00f3 un paro.\u2026","rel":"","context":"En \u00abProvincia\u00bb","block_context":{"text":"Provincia","link":"https:\/\/www.24baires.com\/?cat=40"},"img":{"alt_text":"","src":"https:\/\/i0.wp.com\/www.24baires.com\/wp-content\/uploads\/2017\/03\/marcha-federal-docente.jpg?resize=350%2C200","width":350,"height":200,"srcset":"https:\/\/i0.wp.com\/www.24baires.com\/wp-content\/uploads\/2017\/03\/marcha-federal-docente.jpg?resize=350%2C200 1x, https:\/\/i0.wp.com\/www.24baires.com\/wp-content\/uploads\/2017\/03\/marcha-federal-docente.jpg?resize=525%2C300 1.5x"},"classes":[]},{"id":100825,"url":"https:\/\/www.24baires.com\/?p=100825","url_meta":{"origin":115921,"position":4},"title":"UDOCBA lanz\u00f3 un paro de 48 horas desde el lunes y puso en jaque el inicio de clases","author":"GB","date":"02\/03\/2018","format":false,"excerpt":"Se trata del primer gremio que, de manera org\u00e1nica, confirma paro de actividades en rechazo a las ofertas salariales que efectu\u00f3 la Provincia. Tambi\u00e9n paran los afiliados a SUTEBA Multicolor. Tras la celebraci\u00f3n de un plenario de secretarios generales, UDOCBA, el gremio docente afin a la CGT que comanda Miguel\u2026","rel":"","context":"En \u00abProvincia\u00bb","block_context":{"text":"Provincia","link":"https:\/\/www.24baires.com\/?cat=40"},"img":{"alt_text":"","src":"https:\/\/i0.wp.com\/www.24baires.com\/wp-content\/uploads\/2013\/12\/Dise%C3%B1o-de-escuelas.jpg?resize=350%2C200","width":350,"height":200,"srcset":"https:\/\/i0.wp.com\/www.24baires.com\/wp-content\/uploads\/2013\/12\/Dise%C3%B1o-de-escuelas.jpg?resize=350%2C200 1x, https:\/\/i0.wp.com\/www.24baires.com\/wp-content\/uploads\/2013\/12\/Dise%C3%B1o-de-escuelas.jpg?resize=525%2C300 1.5x"},"classes":[]},{"id":114308,"url":"https:\/\/www.24baires.com\/?p=114308","url_meta":{"origin":115921,"position":5},"title":"La FEB reclam\u00f3 a Kicillof que reabra la paritaria docente","author":"GB","date":"05\/03\/2020","format":false,"excerpt":"El gremio que conduce Mirta Petrocini, y que rechaz\u00f3 la oferta del Gobierno bonaerense, se present\u00f3 ante el Ministerio de Trabajo con el reclamo. La Federaci\u00f3n de Educadores Bonaerenses (FEB), el gremio que conduce Mirta Petrocini, reclam\u00f3 a instancias del Ministerio de Trabajo la reapertura de la paritaria docente, clausurada\u2026","rel":"","context":"En \u00abProvincia\u00bb","block_context":{"text":"Provincia","link":"https:\/\/www.24baires.com\/?cat=40"},"img":{"alt_text":"","src":"https:\/\/i0.wp.com\/www.24baires.com\/wp-content\/uploads\/2014\/02\/docentes-bonaerenses.jpg?resize=350%2C200","width":350,"height":200,"srcset":"https:\/\/i0.wp.com\/www.24baires.com\/wp-content\/uploads\/2014\/02\/docentes-bonaerenses.jpg?resize=350%2C200 1x, https:\/\/i0.wp.com\/www.24baires.com\/wp-content\/uploads\/2014\/02\/docentes-bonaerenses.jpg?resize=525%2C300 1.5x"},"classes":[]}],"jetpack_sharing_enabled":true,"jetpack_likes_enabled":true,"jetpack_featured_media_url":"","_links":{"self":[{"href":"https:\/\/www.24baires.com\/index.php?rest_route=\/wp\/v2\/posts\/115921","targetHints":{"allow":["GET"]}}],"collection":[{"href":"https:\/\/www.24baires.com\/index.php?rest_route=\/wp\/v2\/posts"}],"about":[{"href":"https:\/\/www.24baires.com\/index.php?rest_route=\/wp\/v2\/types\/post"}],"author":[{"embeddable":true,"href":"https:\/\/www.24baires.com\/index.php?rest_route=\/wp\/v2\/users\/8"}],"replies":[{"embeddable":true,"href":"https:\/\/www.24baires.com\/index.php?rest_route=%2Fwp%2Fv2%2Fcomments&post=115921"}],"version-history":[{"count":2,"href":"https:\/\/www.24baires.com\/index.php?rest_route=\/wp\/v2\/posts\/115921\/revisions"}],"predecessor-version":[{"id":115923,"href":"https:\/\/www.24baires.com\/index.php?rest_route=\/wp\/v2\/posts\/115921\/revisions\/115923"}],"wp:attachment":[{"href":"https:\/\/www.24baires.com\/index.php?rest_route=%2Fwp%2Fv2%2Fmedia&parent=115921"}],"wp:term":[{"taxonomy":"category","embeddable":true,"href":"https:\/\/www.24baires.com\/index.php?rest_route=%2Fwp%2Fv2%2Fcategories&post=115921"},{"taxonomy":"post_tag","embeddable":true,"href":"https:\/\/www.24baires.com\/index.php?rest_route=%2Fwp%2Fv2%2Ftags&post=115921"}],"curies":[{"name":"wp","href":"https:\/\/api.w.org\/{rel}","templated":true}]}}