{"id":115919,"date":"2020-08-12T10:00:52","date_gmt":"2020-08-12T13:00:52","guid":{"rendered":"http:\/\/www.24baires.com\/?p=115919"},"modified":"2020-08-12T08:30:16","modified_gmt":"2020-08-12T11:30:16","slug":"analizan-el-aumento-de-combustibles-como-parte-de-un-plan-integral-con-ypf","status":"publish","type":"post","link":"https:\/\/www.24baires.com\/?p=115919","title":{"rendered":"Analizan el aumento de combustibles como parte de \u00abun plan integral\u00bb con YPF"},"content":{"rendered":"<p><img data-recalc-dims=\"1\" loading=\"lazy\" decoding=\"async\" src=\"https:\/\/i0.wp.com\/www.24baires.com\/wp-content\/uploads\/2013\/02\/surtidor-nafta.jpg?resize=560%2C420\" alt=\"\" width=\"560\" height=\"420\" class=\"aligncenter size-full wp-image-16384\" srcset=\"https:\/\/i0.wp.com\/www.24baires.com\/wp-content\/uploads\/2013\/02\/surtidor-nafta.jpg?w=560&amp;ssl=1 560w, https:\/\/i0.wp.com\/www.24baires.com\/wp-content\/uploads\/2013\/02\/surtidor-nafta.jpg?resize=300%2C225&amp;ssl=1 300w\" sizes=\"auto, (max-width: 560px) 100vw, 560px\" \/>El ministro de Econom\u00eda, Mart\u00edn Guzm\u00e1n, se refiri\u00f3 al incremento del precio de naftas y gasoil.<!--more--><\/p>\n<p>Desde el Gobierno nacional analizan todas las posibilidades de implementaci\u00f3n de un aumento de combustibles en todo el pa\u00eds mientras los sectores privados presionan para que se concrete. De esta manera, el Ejecutivo adelant\u00f3 que la decisi\u00f3n que tome ser\u00e1 como parte de un plan integral que contenga al desarrollo de YPF.<\/p>\n<p>Al respecto, el ministro de Econom\u00eda Mart\u00edn Guzm\u00e1n asegur\u00f3 que los precios de los combustibles de la petrolera YPF \u00abse analizar\u00e1n en el contexto de un plan integral\u00bb para recuperar el rol \u00abestrat\u00e9gico\u00bb de la compa\u00f1\u00eda en el desarrollo del sector energ\u00e9tico, tanto en el segmento de la producci\u00f3n de hidrocarburos como en la refinaci\u00f3n y su posterior comercializaci\u00f3n.<\/p>\n<p>En declaraciones a FM Metro, dijo que \u201clos precios son una decisi\u00f3n de la compa\u00f1\u00eda en un contexto m\u00e1s integral en el que Estado tiene un rol de recuperar YPF, que es estrat\u00e9gica para el desarrollo del sector energ\u00e9tico en Argentina\u00bb.<\/p>\n<p>En ese sentido, sostuvo que \u00aben un contexto integral, YPF estar\u00e1 presentando sus planes\u00bb, y manifest\u00f3 que \u00abdesde el Estado se trabajar\u00e1 de una manera muy cercana\u00bb al entender que \u00abel desarrollo de la energ\u00eda es esencial para que Argentina no deba importar energ\u00eda y gastar d\u00f3lares, sino exportarla y generar divisas\u00bb.<\/p>\n<p>M\u00e1s adelante, Guzm\u00e1n afirm\u00f3 que \u00aben los cuatro a\u00f1os previos hubo un deterioro muy profundo de YPF\u00bb, lo que determin\u00f3 una \u00abca\u00edda en la producci\u00f3n y en la inversi\u00f3n\u00bb. \u00abLo \u00fanico que creci\u00f3 es la deuda de YPF\u00bb, sentenci\u00f3 Guzm\u00e1n y consider\u00f3 que \u00abese estado de deterioro es lo que hay que revertir porque YPF es estrat\u00e9gica en el sector energ\u00e9tico\u00bb.<\/p>\n<p>Las declaraciones del Ministerio de Econom\u00eda llegan luego el jefe de Gabinete, Santiago Cafiero, aclar\u00f3 que el precio de los combustibles \u00abse encuentra en estudio\u00bb mediante \u00abuna evaluaci\u00f3n de costos\u00bb. Asimismo, el presidente de YPF, Guillermo Nielsen, lanz\u00f3 que \u00abel atraso en los precios de los combustibles es muy significativo\u00bb.<\/p>\n<p>Desde el 1 de diciembre que los precios de los combustibles se mantienen congelados y tanto desde la Federaci\u00f3n de Empresarios de Combustibles como de la Confederaci\u00f3n de Entidades Comercializadoras de Hidrocarburos y Afines y la Federaci\u00f3n de Expendedores de Combustibles pidieron una actualizaci\u00f3n en los valores.<\/p>\n<p>A su vez, YPF dio a conocer los resultados del segundo trimestre con una p\u00e9rdida neta de $85.000 millones, en el marco de los efectos de la pandemia que llegaron a retraer la demanda hasta en un 90% respecto a las semanas previas al 19 de marzo, a partir de lo cual se registr\u00f3 una reducci\u00f3n gradual, a\u00fan parcial.<\/p>\n<p>En el segmento de dowstream (refinaci\u00f3n y venta de naftas) reflej\u00f3 ingresos netos durante el segundo trimestre de 2020 de $ 104.900 millones, representando una disminuci\u00f3n de 16,1% en relaci\u00f3n con los $125.000 millones del mismo per\u00edodo de 2019.<\/p>\n","protected":false},"excerpt":{"rendered":"<p>El ministro de Econom\u00eda, Mart\u00edn Guzm\u00e1n, se refiri\u00f3 al incremento del precio de naftas y gasoil.<\/p>\n","protected":false},"author":8,"featured_media":0,"comment_status":"open","ping_status":"open","sticky":false,"template":"","format":"standard","meta":{"_jetpack_newsletter_access":"","_jetpack_dont_email_post_to_subs":false,"_jetpack_newsletter_tier_id":0,"_jetpack_memberships_contains_paywalled_content":false,"_jetpack_memberships_contains_paid_content":false,"footnotes":""},"categories":[45],"tags":[],"class_list":["post-115919","post","type-post","status-publish","format-standard","hentry","category-economia"],"jetpack_featured_media_url":"","jetpack_shortlink":"https:\/\/wp.me\/p2JWE0-u9F","jetpack-related-posts":[{"id":120387,"url":"https:\/\/www.24baires.com\/?p=120387","url_meta":{"origin":115919,"position":0},"title":"Massa anunci\u00f3 un acuerdo para congelar el precio de los combustibles","author":"AF","date":"17\/08\/2023","format":false,"excerpt":"Ser\u00e1 hasta despu\u00e9s de las elecciones generales de octubre. Este jueves, YPF subi\u00f3 sus precios 12,5 por ciento. El ministro de Econom\u00eda, Sergio Massa, inform\u00f3 que los precios de los combustibles permanecer\u00e1n congelados hasta el 31 de octubre pr\u00f3ximo. Esta decisi\u00f3n se tom\u00f3 como respuesta al aumento del 12,5% que\u2026","rel":"","context":"En \u00abEconom\u00eda\u00bb","block_context":{"text":"Econom\u00eda","link":"https:\/\/www.24baires.com\/?cat=45"},"img":{"alt_text":"","src":"https:\/\/i0.wp.com\/www.24baires.com\/wp-content\/uploads\/2018\/01\/ypf.jpg?resize=350%2C200","width":350,"height":200,"srcset":"https:\/\/i0.wp.com\/www.24baires.com\/wp-content\/uploads\/2018\/01\/ypf.jpg?resize=350%2C200 1x, https:\/\/i0.wp.com\/www.24baires.com\/wp-content\/uploads\/2018\/01\/ypf.jpg?resize=525%2C300 1.5x, https:\/\/i0.wp.com\/www.24baires.com\/wp-content\/uploads\/2018\/01\/ypf.jpg?resize=700%2C400 2x"},"classes":[]},{"id":108533,"url":"https:\/\/www.24baires.com\/?p=108533","url_meta":{"origin":115919,"position":1},"title":"Finalmente, aumentaron los combustibles en el pa\u00eds","author":"GB","date":"02\/06\/2019","format":false,"excerpt":"Al igual que YPF y Shell, la petrolera hizo remarcaciones en sus surtidores por la inflaci\u00f3n y la devaluaci\u00f3n. La petrolera Axion tambi\u00e9n decidi\u00f3 realizar un ajuste en el precio de sus combustibles que aumentaron desde este domingo un 1,45%, en l\u00ednea con la suba registrada por YPF y Shell.\u2026","rel":"","context":"En \u00abEconom\u00eda\u00bb","block_context":{"text":"Econom\u00eda","link":"https:\/\/www.24baires.com\/?cat=45"},"img":{"alt_text":"","src":"https:\/\/i0.wp.com\/www.24baires.com\/wp-content\/uploads\/2019\/02\/shel-nafta.jpg?resize=350%2C200","width":350,"height":200,"srcset":"https:\/\/i0.wp.com\/www.24baires.com\/wp-content\/uploads\/2019\/02\/shel-nafta.jpg?resize=350%2C200 1x, https:\/\/i0.wp.com\/www.24baires.com\/wp-content\/uploads\/2019\/02\/shel-nafta.jpg?resize=525%2C300 1.5x"},"classes":[]},{"id":111031,"url":"https:\/\/www.24baires.com\/?p=111031","url_meta":{"origin":115919,"position":2},"title":"Axion y Shell tambi\u00e9n aumentaron sus naftas un 2,5%","author":"GB","date":"02\/07\/2019","format":false,"excerpt":"La petrolera se sum\u00f3 a los incrementos que aplicaron Shell e YPF y la s\u00faper pas\u00f3 a costar $44,21 el litro. La petrolera Axion se sum\u00f3 a los aumentos que YPF y Shell aplicaron a sus naftas y tambi\u00e9n increment\u00f3 el precio de sus combustibles. El alza en YPF result\u00f3\u2026","rel":"","context":"En \u00abEconom\u00eda\u00bb","block_context":{"text":"Econom\u00eda","link":"https:\/\/www.24baires.com\/?cat=45"},"img":{"alt_text":"","src":"https:\/\/i0.wp.com\/www.24baires.com\/wp-content\/uploads\/2019\/02\/shel-nafta.jpg?resize=350%2C200","width":350,"height":200,"srcset":"https:\/\/i0.wp.com\/www.24baires.com\/wp-content\/uploads\/2019\/02\/shel-nafta.jpg?resize=350%2C200 1x, https:\/\/i0.wp.com\/www.24baires.com\/wp-content\/uploads\/2019\/02\/shel-nafta.jpg?resize=525%2C300 1.5x"},"classes":[]},{"id":116274,"url":"https:\/\/www.24baires.com\/?p=116274","url_meta":{"origin":115919,"position":3},"title":"YPF aument\u00f3 los combustibles un 3,5%","author":"GB","date":"19\/09\/2020","format":false,"excerpt":"Es el segundo aumento dispuesto por la empresa en el a\u00f1o. Seg\u00fan explic\u00f3 YPF, \"el aumento busca recomponer asimetr\u00edas hist\u00f3ricas a nivel federal\". La petrolera YPF anunci\u00f3 un aumento del 3,5% promedio en el precio de sus combustibles, con un ajuste diferencial de valores de acuerdo a la regi\u00f3n del\u2026","rel":"","context":"En \u00abEconom\u00eda\u00bb","block_context":{"text":"Econom\u00eda","link":"https:\/\/www.24baires.com\/?cat=45"},"img":{"alt_text":"","src":"https:\/\/i0.wp.com\/www.24baires.com\/wp-content\/uploads\/2013\/03\/ypf-300x224.jpg?resize=350%2C200","width":350,"height":200},"classes":[]},{"id":117313,"url":"https:\/\/www.24baires.com\/?p=117313","url_meta":{"origin":115919,"position":4},"title":"Rige un nuevo aumento en combustibles de YPF","author":"GB","date":"16\/03\/2021","format":false,"excerpt":"La petrolera YPF puso en marcha el aumento de sus combustibles en todo el pa\u00eds en el marco de un plan de incrementos en tres tramos. La petrolera YPF hizo efectivo el aumento promedio de 7% de sus combustibles desde este martes 16 de marzo en todo el pa\u00eds en\u2026","rel":"","context":"En \u00abConsumidores\u00bb","block_context":{"text":"Consumidores","link":"https:\/\/www.24baires.com\/?cat=78"},"img":{"alt_text":"","src":"https:\/\/i0.wp.com\/www.24baires.com\/wp-content\/uploads\/2018\/01\/ypf.jpg?resize=350%2C200","width":350,"height":200,"srcset":"https:\/\/i0.wp.com\/www.24baires.com\/wp-content\/uploads\/2018\/01\/ypf.jpg?resize=350%2C200 1x, https:\/\/i0.wp.com\/www.24baires.com\/wp-content\/uploads\/2018\/01\/ypf.jpg?resize=525%2C300 1.5x"},"classes":[]},{"id":115991,"url":"https:\/\/www.24baires.com\/?p=115991","url_meta":{"origin":115919,"position":5},"title":"YPF aument\u00f3 4,5% los precios de sus combustibles","author":"GB","date":"19\/08\/2020","format":false,"excerpt":"El descongelamiento en los valores de las naftas y gasoil se hizo efectivo este mi\u00e9rcoles 19 de agosto a las 0 horas. Luego de las presiones realizadas por el sector privado y la evaluaci\u00f3n realizada por el Gobierno nacional, YPF anunci\u00f3 que desde este mi\u00e9rcoles comenz\u00f3 a regir un aumento\u2026","rel":"","context":"En \u00abEconom\u00eda\u00bb","block_context":{"text":"Econom\u00eda","link":"https:\/\/www.24baires.com\/?cat=45"},"img":{"alt_text":"","src":"https:\/\/i0.wp.com\/www.24baires.com\/wp-content\/uploads\/2013\/02\/surtidor-nafta.jpg?resize=350%2C200","width":350,"height":200,"srcset":"https:\/\/i0.wp.com\/www.24baires.com\/wp-content\/uploads\/2013\/02\/surtidor-nafta.jpg?resize=350%2C200 1x, https:\/\/i0.wp.com\/www.24baires.com\/wp-content\/uploads\/2013\/02\/surtidor-nafta.jpg?resize=525%2C300 1.5x"},"classes":[]}],"jetpack_sharing_enabled":true,"jetpack_likes_enabled":true,"_links":{"self":[{"href":"https:\/\/www.24baires.com\/index.php?rest_route=\/wp\/v2\/posts\/115919","targetHints":{"allow":["GET"]}}],"collection":[{"href":"https:\/\/www.24baires.com\/index.php?rest_route=\/wp\/v2\/posts"}],"about":[{"href":"https:\/\/www.24baires.com\/index.php?rest_route=\/wp\/v2\/types\/post"}],"author":[{"embeddable":true,"href":"https:\/\/www.24baires.com\/index.php?rest_route=\/wp\/v2\/users\/8"}],"replies":[{"embeddable":true,"href":"https:\/\/www.24baires.com\/index.php?rest_route=%2Fwp%2Fv2%2Fcomments&post=115919"}],"version-history":[{"count":1,"href":"https:\/\/www.24baires.com\/index.php?rest_route=\/wp\/v2\/posts\/115919\/revisions"}],"predecessor-version":[{"id":115920,"href":"https:\/\/www.24baires.com\/index.php?rest_route=\/wp\/v2\/posts\/115919\/revisions\/115920"}],"wp:attachment":[{"href":"https:\/\/www.24baires.com\/index.php?rest_route=%2Fwp%2Fv2%2Fmedia&parent=115919"}],"wp:term":[{"taxonomy":"category","embeddable":true,"href":"https:\/\/www.24baires.com\/index.php?rest_route=%2Fwp%2Fv2%2Fcategories&post=115919"},{"taxonomy":"post_tag","embeddable":true,"href":"https:\/\/www.24baires.com\/index.php?rest_route=%2Fwp%2Fv2%2Ftags&post=115919"}],"curies":[{"name":"wp","href":"https:\/\/api.w.org\/{rel}","templated":true}]}}