{"id":115825,"date":"2020-08-03T12:00:32","date_gmt":"2020-08-03T15:00:32","guid":{"rendered":"http:\/\/www.24baires.com\/?p=115825"},"modified":"2020-08-03T10:49:44","modified_gmt":"2020-08-03T13:49:44","slug":"las-ventas-en-los-comercios-minoristas-cayeron-un-277-durante-junio","status":"publish","type":"post","link":"https:\/\/www.24baires.com\/?p=115825","title":{"rendered":"Las ventas en los comercios minoristas cayeron un 27,7% durante junio"},"content":{"rendered":"<p><img data-recalc-dims=\"1\" loading=\"lazy\" decoding=\"async\" src=\"https:\/\/i0.wp.com\/www.24baires.com\/wp-content\/uploads\/2020\/08\/comercio-pandemia.jpeg?resize=560%2C373\" alt=\"\" width=\"560\" height=\"373\" class=\"aligncenter size-full wp-image-115826\" srcset=\"https:\/\/i0.wp.com\/www.24baires.com\/wp-content\/uploads\/2020\/08\/comercio-pandemia.jpeg?w=560&amp;ssl=1 560w, https:\/\/i0.wp.com\/www.24baires.com\/wp-content\/uploads\/2020\/08\/comercio-pandemia.jpeg?resize=300%2C200&amp;ssl=1 300w\" sizes=\"auto, (max-width: 560px) 100vw, 560px\" \/>Las ventas, medidas en cantidades, cayeron un 27,7% anual en julio y acumulan en siete meses un 31,6% negativo. Incluye tanto modalidad online como en locales f\u00edsicos. Con muchas ciudades del interior trabajando con mayor normalidad, la baja en la regi\u00f3n del AMBA lleg\u00f3 al 36,3% mientras que en el resto del pa\u00eds a 13,7%. A su vez, sin incluir las actividades esenciales, el declive es de 33,8%<!--more--><\/p>\n<p>Las cantidades vendidas por los comercios minoristas descendieron 27,7% en julio frente a igual mes de 2019, medidas en cantidades. Tras m\u00e1s de 130 d\u00edas de cuarentena, algunas ciudades del interior del pa\u00eds, sin casos de Covid-19, normalizaron sus actividades comerciales hasta el l\u00edmite que permiten los protocolos que hay que cumplir, aunque afecten la eficiencia en la producci\u00f3n y las ventas.<\/p>\n<p>Sin considerar las actividades esenciales (Alimentos y Bebidas, Farmacias y Ferreter\u00edas), all\u00ed la retracci\u00f3n se ubica en 33,8%.<\/p>\n<p>Todos los rubros medidos finalizaron en baja afectados por la disminuci\u00f3n en los ingresos, la menor circulaci\u00f3n de gente en las calles, y las menores posibilidades de empleo en un contexto donde muchos negocios est\u00e1n cerrando sus puertas al no poder sostener sus gastos fijos. En los primeros siete meses del a\u00f1o, el comercio minorista pyme acumula as\u00ed una ca\u00edda anual de 31,6% frente a iguales meses del a\u00f1o pasado.<\/p>\n<p>As\u00ed surge de la medici\u00f3n de CAME en base a 1100 comercios de todo el pa\u00eds relevados entre el 30 de junio y el s\u00e1bado 1 de agosto por un equipo de 30 encuestadores localizados en las capitales del pa\u00eds, GBA y CABA.<\/p>\n<p>La mayor retracci\u00f3n en las ventas se sinti\u00f3 en el AMBA, donde declinaron 38% porque las restricciones y controles son m\u00e1s severos. Igual se not\u00f3 una tasa de descenso menor al mes pasado. Tambi\u00e9n se vio un aumento de consumo con billetera virtual, para evitar el uso de dinero f\u00edsico, con c\u00f3digo QR y las ventas de comercio electr\u00f3nico. En este sentido, CAME lanz\u00f3 la herramienta CAME PAGOS para dotar de nuevas tecnolog\u00edas a los comercios y bajar las comisiones por transacciones.<\/p>\n","protected":false},"excerpt":{"rendered":"<p>Las ventas, medidas en cantidades, cayeron un 27,7% anual en julio y acumulan en siete meses un 31,6% negativo. Incluye tanto modalidad online como en locales f\u00edsicos. Con muchas ciudades del interior trabajando con mayor normalidad, la baja en la regi\u00f3n del AMBA lleg\u00f3 al 36,3% mientras que en el resto del pa\u00eds a 13,7%. A su vez, sin incluir [&#8230;]<\/p>\n","protected":false},"author":8,"featured_media":0,"comment_status":"open","ping_status":"open","sticky":false,"template":"","format":"standard","meta":{"_jetpack_newsletter_access":"","_jetpack_dont_email_post_to_subs":false,"_jetpack_newsletter_tier_id":0,"_jetpack_memberships_contains_paywalled_content":false,"_jetpack_memberships_contains_paid_content":false,"footnotes":""},"categories":[45],"tags":[],"class_list":["post-115825","post","type-post","status-publish","format-standard","hentry","category-economia"],"jetpack_featured_media_url":"","jetpack_shortlink":"https:\/\/wp.me\/p2JWE0-u89","jetpack-related-posts":[{"id":86300,"url":"https:\/\/www.24baires.com\/?p=86300","url_meta":{"origin":115825,"position":0},"title":"Las ventas cayeron un 10,5% en el feriado","author":"GB","date":"16\/08\/2016","format":false,"excerpt":"Seg\u00fan la CAME, la ventas registran una importante baja respecto al mismo fin de semana largo del a\u00f1o pasado. Seg\u00fan la C\u00e1mara Argentina de la Mediana Empresa (CAME), la ventas registran una importante baja respecto al mismo fin de semana largo del a\u00f1o pasado. La permanencia promedio del fin de\u2026","rel":"","context":"En \u00abConsumidores\u00bb","block_context":{"text":"Consumidores","link":"https:\/\/www.24baires.com\/?cat=78"},"img":{"alt_text":"shopping interior","src":"https:\/\/i0.wp.com\/www.24baires.com\/wp-content\/uploads\/2012\/12\/shopping-interior.jpg?resize=350%2C200","width":350,"height":200,"srcset":"https:\/\/i0.wp.com\/www.24baires.com\/wp-content\/uploads\/2012\/12\/shopping-interior.jpg?resize=350%2C200 1x, https:\/\/i0.wp.com\/www.24baires.com\/wp-content\/uploads\/2012\/12\/shopping-interior.jpg?resize=525%2C300 1.5x"},"classes":[]},{"id":111466,"url":"https:\/\/www.24baires.com\/?p=111466","url_meta":{"origin":115825,"position":1},"title":"Las ventas de comercios minoristas cayeron 7,5% interanual en julio","author":"AF","date":"05\/08\/2019","format":false,"excerpt":"As\u00ed lo inform\u00f3 la Confederaci\u00f3n Argentina de la Mediana Empresa (CAME). La disminuci\u00f3n en las ventas interanuales alcanz\u00f3 al 66,4% de los comercios consultados. Las ventas de comercios minoristas cayeron 7,5% interanual en julio, pero \"mejoraron\" con relaci\u00f3n a junio, inform\u00f3 la Confederaci\u00f3n Argentina de la Mediana Empresa (CAME). La\u2026","rel":"","context":"En \u00abEconom\u00eda\u00bb","block_context":{"text":"Econom\u00eda","link":"https:\/\/www.24baires.com\/?cat=45"},"img":{"alt_text":"","src":"https:\/\/i0.wp.com\/www.24baires.com\/wp-content\/uploads\/2018\/12\/comercio.jpg?resize=350%2C200","width":350,"height":200,"srcset":"https:\/\/i0.wp.com\/www.24baires.com\/wp-content\/uploads\/2018\/12\/comercio.jpg?resize=350%2C200 1x, https:\/\/i0.wp.com\/www.24baires.com\/wp-content\/uploads\/2018\/12\/comercio.jpg?resize=525%2C300 1.5x"},"classes":[]},{"id":88310,"url":"https:\/\/www.24baires.com\/?p=88310","url_meta":{"origin":115825,"position":2},"title":"Cayeron las ventas minoristas por noveno mes consecutivo","author":"GB","date":"04\/10\/2016","format":false,"excerpt":"La baja en septiembre fue del 7,7 por ciento, inform\u00f3 la CAME. Las cantidades vendidas por los comercios minoristas cayeron 7,7% interanual en septiembre, por noveno mes consecutivo, \"afectadas por el menor poder adquisitivo de las familias\". As\u00ed lo se\u00f1al\u00f3 un informe difundido este martes por la Confederaci\u00f3n Argentina de\u2026","rel":"","context":"En \u00abConsumidores\u00bb","block_context":{"text":"Consumidores","link":"https:\/\/www.24baires.com\/?cat=78"},"img":{"alt_text":"supermercado vac\u00edo","src":"https:\/\/i0.wp.com\/www.24baires.com\/wp-content\/uploads\/2016\/05\/supermercado-vac%C3%ADo.jpg?resize=350%2C200","width":350,"height":200,"srcset":"https:\/\/i0.wp.com\/www.24baires.com\/wp-content\/uploads\/2016\/05\/supermercado-vac%C3%ADo.jpg?resize=350%2C200 1x, https:\/\/i0.wp.com\/www.24baires.com\/wp-content\/uploads\/2016\/05\/supermercado-vac%C3%ADo.jpg?resize=525%2C300 1.5x"},"classes":[]},{"id":91270,"url":"https:\/\/www.24baires.com\/?p=91270","url_meta":{"origin":115825,"position":3},"title":"Las ventas minoristas cayeron 5,4 por ciento en diciembre","author":"GB","date":"02\/01\/2017","format":false,"excerpt":"As\u00ed lo consign\u00f3 en un informe la Confederaci\u00f3n Argentina de la Mediana Empresa (CAME). La retracci\u00f3n en 2016 fue de siete por ciento en promedio. Las ventas de los comercios minoristas cayeron un 5,4 por ciento en diciembre en comparaci\u00f3n con el mismo mes de 2015, por lo que en\u2026","rel":"","context":"En \u00abEconom\u00eda\u00bb","block_context":{"text":"Econom\u00eda","link":"https:\/\/www.24baires.com\/?cat=45"},"img":{"alt_text":"","src":"https:\/\/i0.wp.com\/www.24baires.com\/wp-content\/uploads\/2013\/10\/shopping-300x200.jpg?resize=350%2C200","width":350,"height":200},"classes":[]},{"id":93709,"url":"https:\/\/www.24baires.com\/?p=93709","url_meta":{"origin":115825,"position":4},"title":"Seg\u00fan la CAME, las ventas minoristas contin\u00faan a la baja","author":"AF","date":"10\/04\/2017","format":false,"excerpt":"Las ventas de comercios minoristas medidas en cantidades registraron en marzo una ca\u00edda de 4,4 por ciento en relaci\u00f3n a igual mes de 2016 y acumularon en el primer trimestre una baja de 3,7 por ciento interanual, seg\u00fan un sondeo de la Confederaci\u00f3n Argentina de la Mediana Empresa (CAME). \"Durante\u2026","rel":"","context":"En \u00abEconom\u00eda\u00bb","block_context":{"text":"Econom\u00eda","link":"https:\/\/www.24baires.com\/?cat=45"},"img":{"alt_text":"","src":"https:\/\/i0.wp.com\/www.24baires.com\/wp-content\/uploads\/2017\/04\/liquidaci%C3%B3n.jpg?resize=350%2C200","width":350,"height":200,"srcset":"https:\/\/i0.wp.com\/www.24baires.com\/wp-content\/uploads\/2017\/04\/liquidaci%C3%B3n.jpg?resize=350%2C200 1x, https:\/\/i0.wp.com\/www.24baires.com\/wp-content\/uploads\/2017\/04\/liquidaci%C3%B3n.jpg?resize=525%2C300 1.5x"},"classes":[]},{"id":97990,"url":"https:\/\/www.24baires.com\/?p=97990","url_meta":{"origin":115825,"position":5},"title":"Aseguran que las ventas minoristas bonaerenses cayeron 0,9% en agosto","author":"AF","date":"10\/10\/2017","format":false,"excerpt":"El volumen de ventas minoristas en la provincia de Buenos Aires disminuy\u00f3 un 0,9 por ciento en agosto de 2017, comparado con igual per\u00edodo de 2016, y acumul\u00f3 un retroceso del 2,6 por ciento en los primeros ocho meses del a\u00f1o, inform\u00f3 hoy la Federaci\u00f3n Econ\u00f3mica de Buenos Aires (FEBA).\u2026","rel":"","context":"En \u00abProvincia\u00bb","block_context":{"text":"Provincia","link":"https:\/\/www.24baires.com\/?cat=40"},"img":{"alt_text":"","src":"https:\/\/i0.wp.com\/www.24baires.com\/wp-content\/uploads\/2013\/10\/comercios.jpg?resize=350%2C200","width":350,"height":200,"srcset":"https:\/\/i0.wp.com\/www.24baires.com\/wp-content\/uploads\/2013\/10\/comercios.jpg?resize=350%2C200 1x, https:\/\/i0.wp.com\/www.24baires.com\/wp-content\/uploads\/2013\/10\/comercios.jpg?resize=525%2C300 1.5x"},"classes":[]}],"jetpack_sharing_enabled":true,"jetpack_likes_enabled":true,"_links":{"self":[{"href":"https:\/\/www.24baires.com\/index.php?rest_route=\/wp\/v2\/posts\/115825","targetHints":{"allow":["GET"]}}],"collection":[{"href":"https:\/\/www.24baires.com\/index.php?rest_route=\/wp\/v2\/posts"}],"about":[{"href":"https:\/\/www.24baires.com\/index.php?rest_route=\/wp\/v2\/types\/post"}],"author":[{"embeddable":true,"href":"https:\/\/www.24baires.com\/index.php?rest_route=\/wp\/v2\/users\/8"}],"replies":[{"embeddable":true,"href":"https:\/\/www.24baires.com\/index.php?rest_route=%2Fwp%2Fv2%2Fcomments&post=115825"}],"version-history":[{"count":1,"href":"https:\/\/www.24baires.com\/index.php?rest_route=\/wp\/v2\/posts\/115825\/revisions"}],"predecessor-version":[{"id":115827,"href":"https:\/\/www.24baires.com\/index.php?rest_route=\/wp\/v2\/posts\/115825\/revisions\/115827"}],"wp:attachment":[{"href":"https:\/\/www.24baires.com\/index.php?rest_route=%2Fwp%2Fv2%2Fmedia&parent=115825"}],"wp:term":[{"taxonomy":"category","embeddable":true,"href":"https:\/\/www.24baires.com\/index.php?rest_route=%2Fwp%2Fv2%2Fcategories&post=115825"},{"taxonomy":"post_tag","embeddable":true,"href":"https:\/\/www.24baires.com\/index.php?rest_route=%2Fwp%2Fv2%2Ftags&post=115825"}],"curies":[{"name":"wp","href":"https:\/\/api.w.org\/{rel}","templated":true}]}}