{"id":115822,"date":"2020-08-03T11:00:04","date_gmt":"2020-08-03T14:00:04","guid":{"rendered":"http:\/\/www.24baires.com\/?p=115822"},"modified":"2020-08-03T10:07:44","modified_gmt":"2020-08-03T13:07:44","slug":"comienza-en-la-provincia-el-segundo-semestre-escolar-con-clases-virtuales","status":"publish","type":"post","link":"https:\/\/www.24baires.com\/?p=115822","title":{"rendered":"Comienza en la Provincia el segundo semestre escolar con clases virtuales"},"content":{"rendered":"<p><img data-recalc-dims=\"1\" loading=\"lazy\" decoding=\"async\" src=\"https:\/\/i0.wp.com\/www.24baires.com\/wp-content\/uploads\/2020\/08\/clases-virtuales.jpeg?resize=320%2C200\" alt=\"\" width=\"320\" height=\"200\" class=\"alignleft size-full wp-image-115823\" srcset=\"https:\/\/i0.wp.com\/www.24baires.com\/wp-content\/uploads\/2020\/08\/clases-virtuales.jpeg?w=320&amp;ssl=1 320w, https:\/\/i0.wp.com\/www.24baires.com\/wp-content\/uploads\/2020\/08\/clases-virtuales.jpeg?resize=300%2C188&amp;ssl=1 300w\" sizes=\"auto, (max-width: 320px) 100vw, 320px\" \/>El segundo semestre escolar reinicia este lunes de forma remota en territorio bonaerense, y tambi\u00e9n en CABA, Jujuy, Santa Cruz, Santiago del Estero y Tierra del Fuego.<!--more--><\/p>\n<p>En el marco del avance del coronavirus, en la Provincia, y otros distritos reinician las clases virtuales este lunes. Al mismo tiempo, se trabaja en la planificaci\u00f3n del regreso a las aulas en distintas regiones, mientras que otras esa posibilidad aparece lejana.<\/p>\n<p>Seg\u00fan se indic\u00f3 desde la Gobernaci\u00f3n semanas atr\u00e1s, la apertura de las escuelas podr\u00eda darse primero en algunos municipios donde no haya circulaci\u00f3n comunitaria del virus.<\/p>\n<p>En tanto, el titular del gremio Suteba, Roberto Baradel, se\u00f1al\u00f3 d\u00edas atr\u00e1s q\u00bbue no es el momento de pensar en un retorno a las aulas\u00bb porque \u00abno est\u00e1n dadas las condiciones\u00bb.<\/p>\n","protected":false},"excerpt":{"rendered":"<p>El segundo semestre escolar reinicia este lunes de forma remota en territorio bonaerense, y tambi\u00e9n en CABA, Jujuy, Santa Cruz, Santiago del Estero y Tierra del Fuego.<\/p>\n","protected":false},"author":8,"featured_media":0,"comment_status":"open","ping_status":"open","sticky":false,"template":"","format":"standard","meta":{"_jetpack_newsletter_access":"","_jetpack_dont_email_post_to_subs":false,"_jetpack_newsletter_tier_id":0,"_jetpack_memberships_contains_paywalled_content":false,"_jetpack_memberships_contains_paid_content":false,"footnotes":""},"categories":[40],"tags":[],"class_list":["post-115822","post","type-post","status-publish","format-standard","hentry","category-provincia"],"jetpack_shortlink":"https:\/\/wp.me\/p2JWE0-u86","jetpack-related-posts":[{"id":85735,"url":"https:\/\/www.24baires.com\/?p=85735","url_meta":{"origin":115822,"position":0},"title":"Con tres gremios de paro, recomenzaron las clases en la Provincia","author":"AF","date":"01\/08\/2016","format":false,"excerpt":"Con algunos docentes de seccionales disidentes del gremio Suteba, Udocba y auxiliares de educaci\u00f3n de ATE de paro, alumnos de todos los niveles educativos de la provincia volver\u00e1n este lunes a clases en la mayor\u00eda de las escuelas bonaerenses tras el receso invernal. Pese a la huelga que afectar\u00e1 a\u2026","rel":"","context":"En \u00abSociedad\u00bb","block_context":{"text":"Sociedad","link":"https:\/\/www.24baires.com\/?cat=1"},"img":{"alt_text":"colegio la plata","src":"https:\/\/i0.wp.com\/www.24baires.com\/wp-content\/uploads\/2016\/06\/colegio-la-plata.jpg?resize=350%2C200","width":350,"height":200,"srcset":"https:\/\/i0.wp.com\/www.24baires.com\/wp-content\/uploads\/2016\/06\/colegio-la-plata.jpg?resize=350%2C200 1x, https:\/\/i0.wp.com\/www.24baires.com\/wp-content\/uploads\/2016\/06\/colegio-la-plata.jpg?resize=525%2C300 1.5x"},"classes":[]},{"id":69920,"url":"https:\/\/www.24baires.com\/?p=69920","url_meta":{"origin":115822,"position":1},"title":"Un paro de ATE y de Udocba complica el inicio de clases","author":"AF","date":"03\/08\/2015","format":false,"excerpt":"Las clases en las escuelas de la provincia de Buenos Aires se reiniciaron hoy con algunas dificultades tras las vacaciones de invierno debido a un paro de ATE Provincia, que involucra a los auxiliares escolares, y una medida de fuerza del gremio docente Udocba. El gremio de trabajadores estatales para\u2026","rel":"","context":"En \u00abSociedad\u00bb","block_context":{"text":"Sociedad","link":"https:\/\/www.24baires.com\/?cat=1"},"img":{"alt_text":"aula vac\u00eda","src":"https:\/\/i0.wp.com\/www.24baires.com\/wp-content\/uploads\/2013\/02\/aula-vac%C3%ADa.jpg?resize=350%2C200","width":350,"height":200,"srcset":"https:\/\/i0.wp.com\/www.24baires.com\/wp-content\/uploads\/2013\/02\/aula-vac%C3%ADa.jpg?resize=350%2C200 1x, https:\/\/i0.wp.com\/www.24baires.com\/wp-content\/uploads\/2013\/02\/aula-vac%C3%ADa.jpg?resize=525%2C300 1.5x"},"classes":[]},{"id":119384,"url":"https:\/\/www.24baires.com\/?p=119384","url_meta":{"origin":115822,"position":2},"title":"Kicillof oficializar\u00e1 la hora extra de clases en escuelas primarias","author":"GB","date":"26\/09\/2022","format":false,"excerpt":"Esta tarde el gobernador Axel Kicillof y el ministro de Educaci\u00f3n Jaime Perczyk firmar\u00e1n el convenio para la extensi\u00f3n de la jornada escolar. Este lunes el gobernador Axel Kicillof oficializar\u00e1 la extensi\u00f3n de la jornada escolar en el nivel primario. Lo har\u00e1 en un acto junto al ministro de Educaci\u00f3n\u2026","rel":"","context":"En \u00abProvincia\u00bb","block_context":{"text":"Provincia","link":"https:\/\/www.24baires.com\/?cat=40"},"img":{"alt_text":"","src":"https:\/\/i0.wp.com\/www.24baires.com\/wp-content\/uploads\/2022\/09\/axel-kicillof-alumnos-escuela.jpg?resize=350%2C200","width":350,"height":200,"srcset":"https:\/\/i0.wp.com\/www.24baires.com\/wp-content\/uploads\/2022\/09\/axel-kicillof-alumnos-escuela.jpg?resize=350%2C200 1x, https:\/\/i0.wp.com\/www.24baires.com\/wp-content\/uploads\/2022\/09\/axel-kicillof-alumnos-escuela.jpg?resize=525%2C300 1.5x, https:\/\/i0.wp.com\/www.24baires.com\/wp-content\/uploads\/2022\/09\/axel-kicillof-alumnos-escuela.jpg?resize=700%2C400 2x"},"classes":[]},{"id":69743,"url":"https:\/\/www.24baires.com\/?p=69743","url_meta":{"origin":115822,"position":3},"title":"Udocba anunci\u00f3 un nuevo paro para el lunes pr\u00f3ximo","author":"AF","date":"29\/07\/2015","format":false,"excerpt":"El gremio docente Udocba anunci\u00f3 este mi\u00e9rcoles un paro por 24 horas para el pr\u00f3ximo lunes 3 de agosto, la fecha prevista para el reinicio del ciclo lectivo. Fuentes de ese gremio precisaron que durante la jornada de protesta el Consejo Directivo se reunir\u00e1 para establecer los pasos a seguir,\u2026","rel":"","context":"En \u00abSociedad\u00bb","block_context":{"text":"Sociedad","link":"https:\/\/www.24baires.com\/?cat=1"},"img":{"alt_text":"aula vac\u00eda","src":"https:\/\/i0.wp.com\/www.24baires.com\/wp-content\/uploads\/2014\/03\/aula-vac%C3%ADa.jpg?resize=350%2C200","width":350,"height":200,"srcset":"https:\/\/i0.wp.com\/www.24baires.com\/wp-content\/uploads\/2014\/03\/aula-vac%C3%ADa.jpg?resize=350%2C200 1x, https:\/\/i0.wp.com\/www.24baires.com\/wp-content\/uploads\/2014\/03\/aula-vac%C3%ADa.jpg?resize=525%2C300 1.5x"},"classes":[]},{"id":103061,"url":"https:\/\/www.24baires.com\/?p=103061","url_meta":{"origin":115822,"position":4},"title":"Los docentes bonaerenses har\u00e1n un paro antes de las vacaciones de invierno","author":"GB","date":"29\/06\/2018","format":false,"excerpt":"Tras el paro nacional del 3 de julio por la represi\u00f3n en Chubut, los gremios retomar\u00e1n las medidas de fuerza en la Provincia \"por la falta de respuestas del Gobierno\". Podr\u00edan no iniciar las clases tras el receso invernal. Los gremios docentes bonaerenses realizar\u00e1n un paro provincial antes de las\u2026","rel":"","context":"En \u00abProvincia\u00bb","block_context":{"text":"Provincia","link":"https:\/\/www.24baires.com\/?cat=40"},"img":{"alt_text":"","src":"https:\/\/i0.wp.com\/www.24baires.com\/wp-content\/uploads\/2018\/04\/paro-docente.jpg?resize=350%2C200","width":350,"height":200,"srcset":"https:\/\/i0.wp.com\/www.24baires.com\/wp-content\/uploads\/2018\/04\/paro-docente.jpg?resize=350%2C200 1x, https:\/\/i0.wp.com\/www.24baires.com\/wp-content\/uploads\/2018\/04\/paro-docente.jpg?resize=525%2C300 1.5x"},"classes":[]},{"id":120577,"url":"https:\/\/www.24baires.com\/?p=120577","url_meta":{"origin":115822,"position":5},"title":"Al aula: pese a las elecciones, el lunes habr\u00e1 clases con normalidad en la Provincia","author":"GB","date":"22\/10\/2023","format":false,"excerpt":"El Gobierno bonaerense inform\u00f3 que gracias al plus de $14 mil abonado a los auxiliares de la educaci\u00f3n se garantizar\u00e1 la apertura de las escuelas en su horario completo. La Direcci\u00f3n General de Cultura y Educaci\u00f3n de la provincia de Buenos Aires inform\u00f3 el pr\u00f3ximo lunes habr\u00e1 clases de forma\u2026","rel":"","context":"En \u00abProvincia\u00bb","block_context":{"text":"Provincia","link":"https:\/\/www.24baires.com\/?cat=40"},"img":{"alt_text":"","src":"https:\/\/i0.wp.com\/www.24baires.com\/wp-content\/uploads\/2023\/09\/escuela.png?resize=350%2C200","width":350,"height":200,"srcset":"https:\/\/i0.wp.com\/www.24baires.com\/wp-content\/uploads\/2023\/09\/escuela.png?resize=350%2C200 1x, https:\/\/i0.wp.com\/www.24baires.com\/wp-content\/uploads\/2023\/09\/escuela.png?resize=525%2C300 1.5x, https:\/\/i0.wp.com\/www.24baires.com\/wp-content\/uploads\/2023\/09\/escuela.png?resize=700%2C400 2x"},"classes":[]}],"jetpack_sharing_enabled":true,"jetpack_likes_enabled":true,"jetpack_featured_media_url":"","_links":{"self":[{"href":"https:\/\/www.24baires.com\/index.php?rest_route=\/wp\/v2\/posts\/115822","targetHints":{"allow":["GET"]}}],"collection":[{"href":"https:\/\/www.24baires.com\/index.php?rest_route=\/wp\/v2\/posts"}],"about":[{"href":"https:\/\/www.24baires.com\/index.php?rest_route=\/wp\/v2\/types\/post"}],"author":[{"embeddable":true,"href":"https:\/\/www.24baires.com\/index.php?rest_route=\/wp\/v2\/users\/8"}],"replies":[{"embeddable":true,"href":"https:\/\/www.24baires.com\/index.php?rest_route=%2Fwp%2Fv2%2Fcomments&post=115822"}],"version-history":[{"count":1,"href":"https:\/\/www.24baires.com\/index.php?rest_route=\/wp\/v2\/posts\/115822\/revisions"}],"predecessor-version":[{"id":115824,"href":"https:\/\/www.24baires.com\/index.php?rest_route=\/wp\/v2\/posts\/115822\/revisions\/115824"}],"wp:attachment":[{"href":"https:\/\/www.24baires.com\/index.php?rest_route=%2Fwp%2Fv2%2Fmedia&parent=115822"}],"wp:term":[{"taxonomy":"category","embeddable":true,"href":"https:\/\/www.24baires.com\/index.php?rest_route=%2Fwp%2Fv2%2Fcategories&post=115822"},{"taxonomy":"post_tag","embeddable":true,"href":"https:\/\/www.24baires.com\/index.php?rest_route=%2Fwp%2Fv2%2Ftags&post=115822"}],"curies":[{"name":"wp","href":"https:\/\/api.w.org\/{rel}","templated":true}]}}