{"id":115795,"date":"2020-07-30T13:01:36","date_gmt":"2020-07-30T16:01:36","guid":{"rendered":"http:\/\/www.24baires.com\/?p=115795"},"modified":"2020-07-30T13:01:36","modified_gmt":"2020-07-30T16:01:36","slug":"para-baradel-no-es-el-momento-de-pensar-en-un-retorno-a-las-aulas","status":"publish","type":"post","link":"https:\/\/www.24baires.com\/?p=115795","title":{"rendered":"Para Baradel \u00abno es el momento de pensar en un retorno a las aulas\u00bb"},"content":{"rendered":"<p><img data-recalc-dims=\"1\" loading=\"lazy\" decoding=\"async\" src=\"https:\/\/i0.wp.com\/www.24baires.com\/wp-content\/uploads\/2018\/09\/baradel.jpg?resize=560%2C315\" alt=\"\" width=\"560\" height=\"315\" class=\"aligncenter size-full wp-image-104436\" srcset=\"https:\/\/i0.wp.com\/www.24baires.com\/wp-content\/uploads\/2018\/09\/baradel.jpg?w=560&amp;ssl=1 560w, https:\/\/i0.wp.com\/www.24baires.com\/wp-content\/uploads\/2018\/09\/baradel.jpg?resize=300%2C169&amp;ssl=1 300w\" sizes=\"auto, (max-width: 560px) 100vw, 560px\" \/>El secretario general de SUTEBA, Roberto Baradel, consider\u00f3 que \u201cno es el momento de pensar en un retorno a las aulas, a las clases de manera presencial\u201d y destac\u00f3 \u201cel enorme compromiso de los docentes que est\u00e1n trabajando en este contexto para sostener el proceso educativo sin las condiciones materiales\u201d.<!--more--><\/p>\n<p>Baradel asegur\u00f3 que \u201cno est\u00e1n dadas las condiciones\u00bb para retornar a clases. \u00abEl 36% s\u00f3lo tiene un lugar adecuado en la casa para dar una clase y un 43% tiene una computadora como herramienta de trabajo propia, eso muestra el enorme compromiso de los docentes\u00bb, dijo. <\/p>\n<p>El titular de SUTEBA sostuvo que \u201cse increment\u00f3 mucho la carga de trabajo con las diferentes plataformas recibiendo consultas de padres, de chicos, corrigiendo tareas, requerimiento de las autoridades, y por eso pedimos una paritaria docente regulada dentro del marco del trabajo en el hogar\u201d<\/p>\n<p>Al respecto, el gremialista valor\u00f3 las reuniones con el Ministerio de Educaci\u00f3n de la Naci\u00f3n y la Direcci\u00f3n de Escuelas de la Provincia de Buenos Aires pensando en c\u00f3mo ser\u00eda una eventual vuelta a la presencialidad pero esto no quiere decir que ma\u00f1ana se vuelva a las aulas\u201d.<\/p>\n<p>\u201cEstamos en una situaci\u00f3n muy compleja en t\u00e9rminos de contagios y creo que lo prioritario es preservar la salud, la vida\u201d, dijo. Y agreg\u00f3 que \u201chay que ver la situaci\u00f3n de infraestructura de las escuelas porque todas no est\u00e1n aptas, m\u00e1s all\u00e1 de la inversi\u00f3n de la Provincia en el plan Escuelas a la Obra\u201d.<\/p>\n","protected":false},"excerpt":{"rendered":"<p>El secretario general de SUTEBA, Roberto Baradel, consider\u00f3 que \u201cno es el momento de pensar en un retorno a las aulas, a las clases de manera presencial\u201d y destac\u00f3 \u201cel enorme compromiso de los docentes que est\u00e1n trabajando en este contexto para sostener el proceso educativo sin las condiciones materiales\u201d.<\/p>\n","protected":false},"author":8,"featured_media":0,"comment_status":"open","ping_status":"open","sticky":false,"template":"","format":"standard","meta":{"_jetpack_newsletter_access":"","_jetpack_dont_email_post_to_subs":false,"_jetpack_newsletter_tier_id":0,"_jetpack_memberships_contains_paywalled_content":false,"_jetpack_memberships_contains_paid_content":false,"footnotes":""},"categories":[40],"tags":[],"class_list":["post-115795","post","type-post","status-publish","format-standard","hentry","category-provincia"],"jetpack_shortlink":"https:\/\/wp.me\/p2JWE0-u7F","jetpack-related-posts":[{"id":115665,"url":"https:\/\/www.24baires.com\/?p=115665","url_meta":{"origin":115795,"position":0},"title":"\u201cNo est\u00e1n dadas las condiciones para la vuelta a la escuela\u201d, consider\u00f3 Baradel","author":"GB","date":"17\/07\/2020","format":false,"excerpt":"El gremialista sostuvo que la prioridad debe ser \"cuidar la salud de los chicos y de los docentes\". Adem\u00e1s, hizo hincapi\u00e9 en la falta de espacio en algunos establecimientos educativos. El secretario general del Sindicato \u00danico de Trabajadores de la Educaci\u00f3n (Suteba), Roberto Baradel, afirm\u00f3 que \u201choy no est\u00e1n las\u2026","rel":"","context":"En \u00abProvincia\u00bb","block_context":{"text":"Provincia","link":"https:\/\/www.24baires.com\/?cat=40"},"img":{"alt_text":"","src":"https:\/\/i0.wp.com\/www.24baires.com\/wp-content\/uploads\/2018\/09\/baradel.jpg?resize=350%2C200","width":350,"height":200,"srcset":"https:\/\/i0.wp.com\/www.24baires.com\/wp-content\/uploads\/2018\/09\/baradel.jpg?resize=350%2C200 1x, https:\/\/i0.wp.com\/www.24baires.com\/wp-content\/uploads\/2018\/09\/baradel.jpg?resize=525%2C300 1.5x"},"classes":[]},{"id":115822,"url":"https:\/\/www.24baires.com\/?p=115822","url_meta":{"origin":115795,"position":1},"title":"Comienza en la Provincia el segundo semestre escolar con clases virtuales","author":"GB","date":"03\/08\/2020","format":false,"excerpt":"El segundo semestre escolar reinicia este lunes de forma remota en territorio bonaerense, y tambi\u00e9n en CABA, Jujuy, Santa Cruz, Santiago del Estero y Tierra del Fuego. En el marco del avance del coronavirus, en la Provincia, y otros distritos reinician las clases virtuales este lunes. Al mismo tiempo, se\u2026","rel":"","context":"En \u00abProvincia\u00bb","block_context":{"text":"Provincia","link":"https:\/\/www.24baires.com\/?cat=40"},"img":{"alt_text":"","src":"https:\/\/i0.wp.com\/www.24baires.com\/wp-content\/uploads\/2020\/08\/clases-virtuales.jpeg?resize=350%2C200","width":350,"height":200},"classes":[]},{"id":100049,"url":"https:\/\/www.24baires.com\/?p=100049","url_meta":{"origin":115795,"position":2},"title":"Gremios docentes advierten que en estas condiciones \u201cno comenzar\u00e1n las clases\u201d","author":"GB","date":"19\/01\/2018","format":false,"excerpt":"As\u00ed lo asegur\u00f3 el secretario General de SUTEBA, quien envi\u00f3 un mensaje al Ejecutivo y ya puso los primeros requerimientos para que el ciclo lectivo inicie a tiempo. En medio del clima de tensi\u00f3n por el decreto de Mauricio Macri que elimina la paritaria nacional docente y quita injerencia a\u2026","rel":"","context":"En \u00abProvincia\u00bb","block_context":{"text":"Provincia","link":"https:\/\/www.24baires.com\/?cat=40"},"img":{"alt_text":"","src":"https:\/\/i0.wp.com\/www.24baires.com\/wp-content\/uploads\/2017\/03\/marcha-federal-docente.jpg?resize=350%2C200","width":350,"height":200,"srcset":"https:\/\/i0.wp.com\/www.24baires.com\/wp-content\/uploads\/2017\/03\/marcha-federal-docente.jpg?resize=350%2C200 1x, https:\/\/i0.wp.com\/www.24baires.com\/wp-content\/uploads\/2017\/03\/marcha-federal-docente.jpg?resize=525%2C300 1.5x"},"classes":[]},{"id":106233,"url":"https:\/\/www.24baires.com\/?p=106233","url_meta":{"origin":115795,"position":3},"title":"Baradel denuncia campa\u00f1a de fake news en su contra elaborada por Macri y Vidal","author":"AF","date":"07\/01\/2019","format":false,"excerpt":"El secretario General de Suteba acus\u00f3 al Presidente y a la Gobernadora de la Provincia de Buenos Aires como responsables del ataque que el docente padece en redes sociales a manos del troll center macrista. Bajo una violenta campa\u00f1a de noticias falsas, propiciadas desde un centenar de cuentas de trolls\u2026","rel":"","context":"En \u00abPol\u00edtica\u00bb","block_context":{"text":"Pol\u00edtica","link":"https:\/\/www.24baires.com\/?cat=51"},"img":{"alt_text":"","src":"https:\/\/i0.wp.com\/www.24baires.com\/wp-content\/uploads\/2018\/10\/baradel.jpg?resize=350%2C200","width":350,"height":200,"srcset":"https:\/\/i0.wp.com\/www.24baires.com\/wp-content\/uploads\/2018\/10\/baradel.jpg?resize=350%2C200 1x, https:\/\/i0.wp.com\/www.24baires.com\/wp-content\/uploads\/2018\/10\/baradel.jpg?resize=525%2C300 1.5x"},"classes":[]},{"id":50712,"url":"https:\/\/www.24baires.com\/?p=50712","url_meta":{"origin":115795,"position":4},"title":"Contin\u00faa complicado el inicio de clases la pr\u00f3xima semana","author":"Grupo Sierra","date":"28\/07\/2014","format":false,"excerpt":"La FEB confirm\u00f3 que la semana que viene har\u00e1 paro, mientras Suteba se adhiri\u00f3 a la jornada de lucha que plante\u00f3 la CTA, de Hugo Yasky. La Federaci\u00f3n de Educadores Bonaerenses confirm\u00f3 que la semana que viene, cuando finalice el receso invernal, los docentes de su gremio no retornar\u00e1n a\u2026","rel":"","context":"En \u00abSociedad\u00bb","block_context":{"text":"Sociedad","link":"https:\/\/www.24baires.com\/?cat=1"},"img":{"alt_text":"escuela03","src":"https:\/\/i0.wp.com\/www.24baires.com\/wp-content\/uploads\/2014\/05\/escuela03.jpg?resize=350%2C200","width":350,"height":200,"srcset":"https:\/\/i0.wp.com\/www.24baires.com\/wp-content\/uploads\/2014\/05\/escuela03.jpg?resize=350%2C200 1x, https:\/\/i0.wp.com\/www.24baires.com\/wp-content\/uploads\/2014\/05\/escuela03.jpg?resize=525%2C300 1.5x"},"classes":[]},{"id":100499,"url":"https:\/\/www.24baires.com\/?p=100499","url_meta":{"origin":115795,"position":5},"title":"Los docentes se adelantan y exigen un aumento del 20% con cl\u00e1usula gatillo","author":"GB","date":"13\/02\/2018","format":false,"excerpt":"Desde SUTEBA avisaron que no aceptar\u00e1n un aumento del 15% en cuotas como desea la gobernadora y exigen que la cl\u00e1usula que se suma al porcentual tenga un aumento autom\u00e1tico en base a la inflaci\u00f3n. Aclar\u00f3 que las autoridades bonaerenses \"lo que est\u00e1n haciendo en realidad es bajar los salarios\u2026","rel":"","context":"En \u00abProvincia\u00bb","block_context":{"text":"Provincia","link":"https:\/\/www.24baires.com\/?cat=40"},"img":{"alt_text":"","src":"https:\/\/i0.wp.com\/www.24baires.com\/wp-content\/uploads\/2017\/07\/baradel.jpg?resize=350%2C200","width":350,"height":200,"srcset":"https:\/\/i0.wp.com\/www.24baires.com\/wp-content\/uploads\/2017\/07\/baradel.jpg?resize=350%2C200 1x, https:\/\/i0.wp.com\/www.24baires.com\/wp-content\/uploads\/2017\/07\/baradel.jpg?resize=525%2C300 1.5x"},"classes":[]}],"jetpack_sharing_enabled":true,"jetpack_likes_enabled":true,"jetpack_featured_media_url":"","_links":{"self":[{"href":"https:\/\/www.24baires.com\/index.php?rest_route=\/wp\/v2\/posts\/115795","targetHints":{"allow":["GET"]}}],"collection":[{"href":"https:\/\/www.24baires.com\/index.php?rest_route=\/wp\/v2\/posts"}],"about":[{"href":"https:\/\/www.24baires.com\/index.php?rest_route=\/wp\/v2\/types\/post"}],"author":[{"embeddable":true,"href":"https:\/\/www.24baires.com\/index.php?rest_route=\/wp\/v2\/users\/8"}],"replies":[{"embeddable":true,"href":"https:\/\/www.24baires.com\/index.php?rest_route=%2Fwp%2Fv2%2Fcomments&post=115795"}],"version-history":[{"count":1,"href":"https:\/\/www.24baires.com\/index.php?rest_route=\/wp\/v2\/posts\/115795\/revisions"}],"predecessor-version":[{"id":115796,"href":"https:\/\/www.24baires.com\/index.php?rest_route=\/wp\/v2\/posts\/115795\/revisions\/115796"}],"wp:attachment":[{"href":"https:\/\/www.24baires.com\/index.php?rest_route=%2Fwp%2Fv2%2Fmedia&parent=115795"}],"wp:term":[{"taxonomy":"category","embeddable":true,"href":"https:\/\/www.24baires.com\/index.php?rest_route=%2Fwp%2Fv2%2Fcategories&post=115795"},{"taxonomy":"post_tag","embeddable":true,"href":"https:\/\/www.24baires.com\/index.php?rest_route=%2Fwp%2Fv2%2Ftags&post=115795"}],"curies":[{"name":"wp","href":"https:\/\/api.w.org\/{rel}","templated":true}]}}