{"id":115755,"date":"2020-07-27T18:23:26","date_gmt":"2020-07-27T21:23:26","guid":{"rendered":"http:\/\/www.24baires.com\/?p=115755"},"modified":"2020-07-27T18:23:26","modified_gmt":"2020-07-27T21:23:26","slug":"la-defensoria-de-la-provincia-pidio-la-rescision-del-contrato-de-edesur","status":"publish","type":"post","link":"https:\/\/www.24baires.com\/?p=115755","title":{"rendered":"La Defensor\u00eda de la Provincia pidi\u00f3 la rescisi\u00f3n del contrato de Edesur"},"content":{"rendered":"<p><img data-recalc-dims=\"1\" loading=\"lazy\" decoding=\"async\" src=\"https:\/\/i0.wp.com\/www.24baires.com\/wp-content\/uploads\/2020\/07\/queremos-luz.jpg?resize=560%2C373\" alt=\"\" width=\"560\" height=\"373\" class=\"aligncenter size-full wp-image-115756\" srcset=\"https:\/\/i0.wp.com\/www.24baires.com\/wp-content\/uploads\/2020\/07\/queremos-luz.jpg?w=560&amp;ssl=1 560w, https:\/\/i0.wp.com\/www.24baires.com\/wp-content\/uploads\/2020\/07\/queremos-luz.jpg?resize=300%2C200&amp;ssl=1 300w\" sizes=\"auto, (max-width: 560px) 100vw, 560px\" \/>El Defensor del Pueblo de la Provincia de Buenos Aires, Guido Lorenzino, confirm\u00f3 hoy que reclam\u00f3 de manera formal que se le quite la concesi\u00f3n del servicio de energ\u00eda el\u00e9ctrica a Edesur \u00abpor incumplimiento del contrato\u00bb y aclar\u00f3 que \u00abno es una expropiaci\u00f3n\u00bb. <!--more--><\/p>\n<p>\u00abEntre las multas y los incumplimientos vamos camino a la rescisi\u00f3n de los contratos de Edesur\u00bb, destac\u00f3 Lorenzino, quien advirti\u00f3 que otras empresas del sector como \u00abEdenor y Edelap no est\u00e1n en esos niveles\u00bb.<\/p>\n<p>Al respecto, enumer\u00f3 que \u00abel 75% de las quejas tiene que ver con Edesur, el 10% con Edelap y el 5% con Edenor\u00bb.<\/p>\n<p>\u00abAplicaron aumentos que las personas no pudieron pagar y tampoco cumplieron con los planes de obra. En 2017 dec\u00edan que no hac\u00edan las obras porque no pod\u00edan aumentar las tarifas pero tampoco hab\u00edan hecho inversiones con los aumentos del 3000 por ciento\u00bb, autorizados por el gobierno de Mauricio Macro, advirti\u00f3 Lorenzino. M\u00e1s adelante subray\u00f3 que la Defensor\u00eda no promueve una expropiaci\u00f3n sino el quite de la concesi\u00f3n por incumplimiento de contrato.<\/p>\n<p>En di\u00e1logo con El Destape Radio, el funcionario record\u00f3 que \u00abEdesur fue multado por la gesti\u00f3n del ENRE anterior por 500 millones de pesos\u00bb y subray\u00f3 que \u00aba\u00fan no la pagaron\u00bb. \u00abNecesitamos las obras m\u00e1s que las multas. Hubo una transferencia de recursos a Edesur que no se ve en obras\u00bb, denunci\u00f3 Lorenzino, quien consider\u00f3 que ya se agotaron todas las instancias burocr\u00e1ticas para que la empresa se comprometiera a realizar las inversiones que nunca hizo.<\/p>\n","protected":false},"excerpt":{"rendered":"<p>El Defensor del Pueblo de la Provincia de Buenos Aires, Guido Lorenzino, confirm\u00f3 hoy que reclam\u00f3 de manera formal que se le quite la concesi\u00f3n del servicio de energ\u00eda el\u00e9ctrica a Edesur \u00abpor incumplimiento del contrato\u00bb y aclar\u00f3 que \u00abno es una expropiaci\u00f3n\u00bb.<\/p>\n","protected":false},"author":4,"featured_media":0,"comment_status":"open","ping_status":"open","sticky":false,"template":"","format":"standard","meta":{"_jetpack_newsletter_access":"","_jetpack_dont_email_post_to_subs":false,"_jetpack_newsletter_tier_id":0,"_jetpack_memberships_contains_paywalled_content":false,"_jetpack_memberships_contains_paid_content":false,"footnotes":""},"categories":[40],"tags":[],"class_list":["post-115755","post","type-post","status-publish","format-standard","hentry","category-provincia"],"jetpack_shortlink":"https:\/\/wp.me\/p2JWE0-u71","jetpack-related-posts":[{"id":104562,"url":"https:\/\/www.24baires.com\/?p=104562","url_meta":{"origin":115755,"position":0},"title":"Vidal autoriz\u00f3 un nuevo aumento del 24% para la tarifa de luz","author":"AF","date":"19\/09\/2018","format":false,"excerpt":"\"Hay que pagar con alegr\u00eda m\u00e1s Impuesto a las Ganancias\", hab\u00eda dicho Macri cuando redujo las retenciones al campo. Ahora se viene el tarifazo de la luz en la Provincia de Buenos Aires. El Gobierno bonaerense, que conduce Mar\u00eda Eugenia Vidal, autoriz\u00f3 aumentos promedio del 24% a partir del lunes\u2026","rel":"","context":"En \u00abSociedad\u00bb","block_context":{"text":"Sociedad","link":"https:\/\/www.24baires.com\/?cat=1"},"img":{"alt_text":"","src":"https:\/\/i0.wp.com\/www.24baires.com\/wp-content\/uploads\/2018\/03\/vidal-1.jpg?resize=350%2C200","width":350,"height":200,"srcset":"https:\/\/i0.wp.com\/www.24baires.com\/wp-content\/uploads\/2018\/03\/vidal-1.jpg?resize=350%2C200 1x, https:\/\/i0.wp.com\/www.24baires.com\/wp-content\/uploads\/2018\/03\/vidal-1.jpg?resize=525%2C300 1.5x"},"classes":[]},{"id":106400,"url":"https:\/\/www.24baires.com\/?p=106400","url_meta":{"origin":115755,"position":1},"title":"Defensor\u00eda del Pueblo rechaza suba de hasta el 55% de luz en la provincia","author":"GB","date":"17\/01\/2019","format":false,"excerpt":"El defensor del Pueblo bonaerense, Guido Lorenzino, rechaz\u00f3 que las empresas de energ\u00eda el\u00e9ctrica que operan en la provincia de Buenos Aires busquen aumentar nuevamente las tarifas para que los usuarios sean los que terminen cubriendo las deudas que las distribuidoras mantienen con la mayorista Cammesa. A trav\u00e9s de un\u2026","rel":"","context":"En \u00abConsumidores\u00bb","block_context":{"text":"Consumidores","link":"https:\/\/www.24baires.com\/?cat=78"},"img":{"alt_text":"","src":"https:\/\/i0.wp.com\/www.24baires.com\/wp-content\/uploads\/2016\/09\/boletas-de-luz.jpg?resize=350%2C200","width":350,"height":200,"srcset":"https:\/\/i0.wp.com\/www.24baires.com\/wp-content\/uploads\/2016\/09\/boletas-de-luz.jpg?resize=350%2C200 1x, https:\/\/i0.wp.com\/www.24baires.com\/wp-content\/uploads\/2016\/09\/boletas-de-luz.jpg?resize=525%2C300 1.5x"},"classes":[]},{"id":106775,"url":"https:\/\/www.24baires.com\/?p=106775","url_meta":{"origin":115755,"position":2},"title":"Olavarr\u00eda: una falla el\u00e9ctrica dej\u00f3 sin luz a todos los usuarios del Partido","author":"GB","date":"11\/02\/2019","format":false,"excerpt":"La empresa distribuidora Coopeletric inform\u00f3 que el corte afecta a todo el partido y hay miles de usuarios sin luz. Por ahora no pudieron dar cuenta de cu\u00e1ndo volver\u00e1 el servicio, aunque en algunas zonas la energ\u00eda ya se restableci\u00f3. En Olavarr\u00eda, un corte de luz afecta a todo el\u2026","rel":"","context":"En \u00abMunicipios\u00bb","block_context":{"text":"Municipios","link":"https:\/\/www.24baires.com\/?cat=44"},"img":{"alt_text":"","src":"https:\/\/i0.wp.com\/www.24baires.com\/wp-content\/uploads\/2019\/02\/apagon-olavarria.jpg?resize=350%2C200","width":350,"height":200,"srcset":"https:\/\/i0.wp.com\/www.24baires.com\/wp-content\/uploads\/2019\/02\/apagon-olavarria.jpg?resize=350%2C200 1x, https:\/\/i0.wp.com\/www.24baires.com\/wp-content\/uploads\/2019\/02\/apagon-olavarria.jpg?resize=525%2C300 1.5x"},"classes":[]},{"id":115686,"url":"https:\/\/www.24baires.com\/?p=115686","url_meta":{"origin":115755,"position":3},"title":"Intendentes del Conurbano piden que se le quite la concesi\u00f3n a Edesur","author":"AF","date":"20\/07\/2020","format":false,"excerpt":"Tras reiterados cortes de luz en diversos municipios, los jefes comunales expresaron duras cr\u00edticas hacia la empresa. Las protestas en contra de la empresa Edesur ya no son exclusivas de los vecinos, en los \u00faltimos d\u00edas, varios intendentes criticaron el accionar de la empresa prestadora de energ\u00eda el\u00e9ctrica, ante los\u2026","rel":"","context":"En \u00abProvincia\u00bb","block_context":{"text":"Provincia","link":"https:\/\/www.24baires.com\/?cat=40"},"img":{"alt_text":"","src":"https:\/\/i0.wp.com\/www.24baires.com\/wp-content\/uploads\/2020\/07\/edesur.jpg?resize=350%2C200","width":350,"height":200,"srcset":"https:\/\/i0.wp.com\/www.24baires.com\/wp-content\/uploads\/2020\/07\/edesur.jpg?resize=350%2C200 1x, https:\/\/i0.wp.com\/www.24baires.com\/wp-content\/uploads\/2020\/07\/edesur.jpg?resize=525%2C300 1.5x"},"classes":[]},{"id":39547,"url":"https:\/\/www.24baires.com\/?p=39547","url_meta":{"origin":115755,"position":4},"title":"Municipios bonaerenses presentar\u00e1n una demanda contra Edesur, Edenor y Edelap","author":"GB","date":"30\/01\/2014","format":false,"excerpt":"Las comunas bonaerenses nucleadas en la Federaci\u00f3n Argentina de Municipios (FAM) avanzaron en la presentaci\u00f3n de una demanda contra las empresas Edenor, Edesur y Edelap, a causa del \"destrato y la deficiencia de las empresas prestatarias de energ\u00eda el\u00e9ctrica\" que padecieron los vecinos del conurbano y de La Plata. Seg\u00fan\u2026","rel":"","context":"En \u00abEconom\u00eda\u00bb","block_context":{"text":"Econom\u00eda","link":"https:\/\/www.24baires.com\/?cat=45"},"img":{"alt_text":"denuncia edesur","src":"https:\/\/i0.wp.com\/www.24baires.com\/wp-content\/uploads\/2014\/01\/denuncia-edesur.jpg?resize=350%2C200","width":350,"height":200,"srcset":"https:\/\/i0.wp.com\/www.24baires.com\/wp-content\/uploads\/2014\/01\/denuncia-edesur.jpg?resize=350%2C200 1x, https:\/\/i0.wp.com\/www.24baires.com\/wp-content\/uploads\/2014\/01\/denuncia-edesur.jpg?resize=525%2C300 1.5x"},"classes":[]},{"id":103157,"url":"https:\/\/www.24baires.com\/?p=103157","url_meta":{"origin":115755,"position":5},"title":"El intendente de Florencio Varela rechaz\u00f3 el traspaso de Edesur a la Provincia","author":"GB","date":"04\/07\/2018","format":false,"excerpt":"Andr\u00e9s Watson advirti\u00f3 que la medida perjudicar\u00e1 al distrito y le reclam\u00f3 a Macri \"que se haga cargo de los problemas y ejerza los controles correspondientes\". Tambi\u00e9n carg\u00f3 contra las autoridades de la empresa por los cortes de luz: \"Me cans\u00e9 de reunirme con ellos; son inoperantes\". El intendente de\u2026","rel":"","context":"En \u00abMunicipios\u00bb","block_context":{"text":"Municipios","link":"https:\/\/www.24baires.com\/?cat=44"},"img":{"alt_text":"","src":"https:\/\/i0.wp.com\/www.24baires.com\/wp-content\/uploads\/2018\/07\/vecinos-florencio-varela.jpg?resize=350%2C200","width":350,"height":200,"srcset":"https:\/\/i0.wp.com\/www.24baires.com\/wp-content\/uploads\/2018\/07\/vecinos-florencio-varela.jpg?resize=350%2C200 1x, https:\/\/i0.wp.com\/www.24baires.com\/wp-content\/uploads\/2018\/07\/vecinos-florencio-varela.jpg?resize=525%2C300 1.5x"},"classes":[]}],"jetpack_sharing_enabled":true,"jetpack_likes_enabled":true,"jetpack_featured_media_url":"","_links":{"self":[{"href":"https:\/\/www.24baires.com\/index.php?rest_route=\/wp\/v2\/posts\/115755","targetHints":{"allow":["GET"]}}],"collection":[{"href":"https:\/\/www.24baires.com\/index.php?rest_route=\/wp\/v2\/posts"}],"about":[{"href":"https:\/\/www.24baires.com\/index.php?rest_route=\/wp\/v2\/types\/post"}],"author":[{"embeddable":true,"href":"https:\/\/www.24baires.com\/index.php?rest_route=\/wp\/v2\/users\/4"}],"replies":[{"embeddable":true,"href":"https:\/\/www.24baires.com\/index.php?rest_route=%2Fwp%2Fv2%2Fcomments&post=115755"}],"version-history":[{"count":1,"href":"https:\/\/www.24baires.com\/index.php?rest_route=\/wp\/v2\/posts\/115755\/revisions"}],"predecessor-version":[{"id":115757,"href":"https:\/\/www.24baires.com\/index.php?rest_route=\/wp\/v2\/posts\/115755\/revisions\/115757"}],"wp:attachment":[{"href":"https:\/\/www.24baires.com\/index.php?rest_route=%2Fwp%2Fv2%2Fmedia&parent=115755"}],"wp:term":[{"taxonomy":"category","embeddable":true,"href":"https:\/\/www.24baires.com\/index.php?rest_route=%2Fwp%2Fv2%2Fcategories&post=115755"},{"taxonomy":"post_tag","embeddable":true,"href":"https:\/\/www.24baires.com\/index.php?rest_route=%2Fwp%2Fv2%2Ftags&post=115755"}],"curies":[{"name":"wp","href":"https:\/\/api.w.org\/{rel}","templated":true}]}}