{"id":115644,"date":"2020-07-16T09:26:59","date_gmt":"2020-07-16T12:26:59","guid":{"rendered":"http:\/\/www.24baires.com\/?p=115644"},"modified":"2020-07-16T09:26:59","modified_gmt":"2020-07-16T12:26:59","slug":"pymes-reclaman-creditos-blandos-de-la-banca-privada-para-pagar-los-aguinaldos","status":"publish","type":"post","link":"https:\/\/www.24baires.com\/?p=115644","title":{"rendered":"Pymes reclaman cr\u00e9ditos \u00abblandos\u00bb de la banca privada para pagar los aguinaldos"},"content":{"rendered":"<p><img data-recalc-dims=\"1\" loading=\"lazy\" decoding=\"async\" src=\"https:\/\/i0.wp.com\/www.24baires.com\/wp-content\/uploads\/2020\/04\/alberto-pyme.jpg?resize=560%2C313\" alt=\"\" width=\"560\" height=\"313\" class=\"aligncenter size-full wp-image-114763\" srcset=\"https:\/\/i0.wp.com\/www.24baires.com\/wp-content\/uploads\/2020\/04\/alberto-pyme.jpg?w=560&amp;ssl=1 560w, https:\/\/i0.wp.com\/www.24baires.com\/wp-content\/uploads\/2020\/04\/alberto-pyme.jpg?resize=300%2C168&amp;ssl=1 300w\" sizes=\"auto, (max-width: 560px) 100vw, 560px\" \/>Desde la CGERA reconocieron que \u00abno podemos pedir mas al Estado en este momento\u00bb, por lo que reclamaron la intervenci\u00f3n del sistema financiero privado para mitigar la situaci\u00f3n.<!--more--><\/p>\n<p>Las C\u00e1maras empresarias asociadas a la Confederaci\u00f3n General Empresaria de la Rep\u00fablica Argentina (CGERA) advirtieron que el pago del medio aguinaldo les resulta muy dif\u00edcil de absorber debido a la falta de financiamiento genuino. Por este motivo, las empresas que estuvieron cerradas o limitadas por la cuarentena, \u00abno podr\u00e1n pagar el aguinaldo\u00bb, advirtieron.<\/p>\n<p>\u201cHemos recibido durante tres per\u00edodos el ATP que nos ha otorgado el Gobierno para pagar salarios. Sabemos que no podemos pedir m\u00e1s en este momento ya que hemos recibido una gran ayuda en lo dicho y en la moratoria impositiva\u201d, explic\u00f3 Marcelo Fern\u00e1ndez, Presidente de CGERA.<\/p>\n<p>\u201cLos empresarios Pymes seguimos viendo la ausencia de la banca privada en el otorgamiento de pr\u00e9stamos, pese a que 200 mil empresas han solicitado cr\u00e9dito en el \u00faltimo mes\u201d. Sin embargo, aclar\u00f3 que \u201cestas empresas fueron las pudieron trabajar y siguen calificando crediticiamente, pero las Pymes que estuvieron cerradas o con escaso funcionamiento no reciben la atenci\u00f3n que ten\u00edan antes del 19 de marzo\u201d, explic\u00f3.<\/p>\n<p>Las C\u00e1maras empresarias aseguran que no se entiende el motivo de la ausencia del sector bancario en momentos tan complicados para la producci\u00f3n y el comercio, teniendo en cuenta que estos eran buenos clientes y pagaron tasas exorbitantes en los \u00faltimos a\u00f1os, permitiendo gran liquidez a las entidades financieras.<\/p>\n<p>Por consiguiente, \u00abCGERA exige la pronta respuesta de los bancos privados, ya que las bancas p\u00fablicas y cooperativas han estado presentes en estos tiempos. En el marco del mes del pago del medio aguinaldo, es fundamental que la banca privada otorgue cr\u00e9ditos blandos para las Pymes para evitar que \u00e9stas tengan conflictos con los trabajadores\u00bb.<\/p>\n","protected":false},"excerpt":{"rendered":"<p>Desde la CGERA reconocieron que \u00abno podemos pedir mas al Estado en este momento\u00bb, por lo que reclamaron la intervenci\u00f3n del sistema financiero privado para mitigar la situaci\u00f3n.<\/p>\n","protected":false},"author":8,"featured_media":0,"comment_status":"open","ping_status":"open","sticky":false,"template":"","format":"standard","meta":{"_jetpack_newsletter_access":"","_jetpack_dont_email_post_to_subs":false,"_jetpack_newsletter_tier_id":0,"_jetpack_memberships_contains_paywalled_content":false,"_jetpack_memberships_contains_paid_content":false,"footnotes":""},"categories":[45],"tags":[],"class_list":["post-115644","post","type-post","status-publish","format-standard","hentry","category-economia"],"jetpack_featured_media_url":"","jetpack_shortlink":"https:\/\/wp.me\/p2JWE0-u5e","jetpack-related-posts":[{"id":115577,"url":"https:\/\/www.24baires.com\/?p=115577","url_meta":{"origin":115644,"position":0},"title":"Pymes celebraron el proyecto del gobierno nacional para ampliar la moratoria","author":"GB","date":"08\/07\/2020","format":false,"excerpt":"La iniciativa del ejecutivo busca ampliar el alcance de los planes de pagos para incluir a todos aquellos que por diferentes motivos no pudieron acceder al proceso de regularizaci\u00f3n de deudas La Confederaci\u00f3n General Empresaria de la Rep\u00fablica Argentina (CGERA), apoy\u00f3 este martes la decisi\u00f3n del Gobierno Nacional de enviar\u2026","rel":"","context":"En \u00abPol\u00edtica\u00bb","block_context":{"text":"Pol\u00edtica","link":"https:\/\/www.24baires.com\/?cat=51"},"img":{"alt_text":"","src":"https:\/\/i0.wp.com\/www.24baires.com\/wp-content\/uploads\/2016\/05\/pymes.jpg?resize=350%2C200","width":350,"height":200,"srcset":"https:\/\/i0.wp.com\/www.24baires.com\/wp-content\/uploads\/2016\/05\/pymes.jpg?resize=350%2C200 1x, https:\/\/i0.wp.com\/www.24baires.com\/wp-content\/uploads\/2016\/05\/pymes.jpg?resize=525%2C300 1.5x"},"classes":[]},{"id":114880,"url":"https:\/\/www.24baires.com\/?p=114880","url_meta":{"origin":115644,"position":1},"title":"Exigen que los comerciantes paguen s\u00f3lo el 50% de alquiler","author":"GB","date":"30\/04\/2020","format":false,"excerpt":"La Confederaci\u00f3n General Empresaria de la Rep\u00fablica Argentina (CGERA) solicita que los alquileres sean consensuados con los propietarios asumiendo la mitad cada una de las partes. La propuesta presentada incluye a todo inmueble comercial: local de venta minorista, propiedad industrial, oficinas, consultorios o dep\u00f3sito de mercader\u00eda, sea temporario o por\u2026","rel":"","context":"En \u00abSociedad\u00bb","block_context":{"text":"Sociedad","link":"https:\/\/www.24baires.com\/?cat=1"},"img":{"alt_text":"","src":"https:\/\/i0.wp.com\/www.24baires.com\/wp-content\/uploads\/2020\/04\/comercios.jpeg?resize=350%2C200","width":350,"height":200,"srcset":"https:\/\/i0.wp.com\/www.24baires.com\/wp-content\/uploads\/2020\/04\/comercios.jpeg?resize=350%2C200 1x, https:\/\/i0.wp.com\/www.24baires.com\/wp-content\/uploads\/2020\/04\/comercios.jpeg?resize=525%2C300 1.5x"},"classes":[]},{"id":114176,"url":"https:\/\/www.24baires.com\/?p=114176","url_meta":{"origin":115644,"position":2},"title":"Pymes reclaman el control de las importaciones","author":"GB","date":"20\/02\/2020","format":false,"excerpt":"Desde CGERA exigen la regulaci\u00f3n de las operaciones con los pa\u00edses extranjeros para reactivar el mercado interno. \u201cNosotros vivimos del mercado interno, los trabajadores son nuestros sostenedores. Por eso, necesitamos la recomposici\u00f3n salarial, pero la vamos a alcanzar a trav\u00e9s del consumo de nuestra propia producci\u00f3n\u201d expuso el titular de\u2026","rel":"","context":"En \u00abProvincia\u00bb","block_context":{"text":"Provincia","link":"https:\/\/www.24baires.com\/?cat=40"},"img":{"alt_text":"","src":"https:\/\/i0.wp.com\/www.24baires.com\/wp-content\/uploads\/2017\/10\/pyme-1.jpg?resize=350%2C200","width":350,"height":200,"srcset":"https:\/\/i0.wp.com\/www.24baires.com\/wp-content\/uploads\/2017\/10\/pyme-1.jpg?resize=350%2C200 1x, https:\/\/i0.wp.com\/www.24baires.com\/wp-content\/uploads\/2017\/10\/pyme-1.jpg?resize=525%2C300 1.5x"},"classes":[]},{"id":115374,"url":"https:\/\/www.24baires.com\/?p=115374","url_meta":{"origin":115644,"position":3},"title":"El Gobierno descart\u00f3 pagar el aguinaldo de trabajadores privados","author":"AF","date":"17\/06\/2020","format":false,"excerpt":"La vicejefa de Gabinete, Cecilia Todesca, explic\u00f3 que el Estado prioriza pagar un tercer ATP en julio por los haberes de junio, pese al reclamo de las pymes, los comercios y la UIA. \"No nos vamos a hacer cargo del aguinaldo. Creemos que sigue siendo m\u00e1s importante para las empresas\u2026","rel":"","context":"En \u00abSociedad\u00bb","block_context":{"text":"Sociedad","link":"https:\/\/www.24baires.com\/?cat=1"},"img":{"alt_text":"","src":"https:\/\/i0.wp.com\/www.24baires.com\/wp-content\/uploads\/2019\/04\/pyme.jpg?resize=350%2C200","width":350,"height":200,"srcset":"https:\/\/i0.wp.com\/www.24baires.com\/wp-content\/uploads\/2019\/04\/pyme.jpg?resize=350%2C200 1x, https:\/\/i0.wp.com\/www.24baires.com\/wp-content\/uploads\/2019\/04\/pyme.jpg?resize=525%2C300 1.5x"},"classes":[]},{"id":115429,"url":"https:\/\/www.24baires.com\/?p=115429","url_meta":{"origin":115644,"position":4},"title":"Piden prorrogar el Ahora 12 para paliar la crisis econ\u00f3mica","author":"GB","date":"23\/06\/2020","format":false,"excerpt":"La CGERA le pidi\u00f3 al gobierno nacional que prorrogue el programa que vence el pr\u00f3ximo 30 de junio y que beneficia tanto a los usuarios como a las pymes y comerciantes. La Confederaci\u00f3n General Empresaria de la Rep\u00fablica Argentina (CGERA), solicit\u00f3 una nueva pr\u00f3rroga del programa Ahora 12 del Ministerio\u2026","rel":"","context":"En \u00abConsumidores\u00bb","block_context":{"text":"Consumidores","link":"https:\/\/www.24baires.com\/?cat=78"},"img":{"alt_text":"","src":"https:\/\/i0.wp.com\/www.24baires.com\/wp-content\/uploads\/2016\/02\/ahora-12.jpg?resize=350%2C200","width":350,"height":200,"srcset":"https:\/\/i0.wp.com\/www.24baires.com\/wp-content\/uploads\/2016\/02\/ahora-12.jpg?resize=350%2C200 1x, https:\/\/i0.wp.com\/www.24baires.com\/wp-content\/uploads\/2016\/02\/ahora-12.jpg?resize=525%2C300 1.5x"},"classes":[]},{"id":94549,"url":"https:\/\/www.24baires.com\/?p=94549","url_meta":{"origin":115644,"position":5},"title":"Ante la crisis, las pymes protestar\u00e1n frente al Ministerio de Producci\u00f3n","author":"GB","date":"16\/05\/2017","format":false,"excerpt":"Empresarios nucleados en diferentes entidades buscar\u00e1n darle visibilidad a la \"dif\u00edcil situaci\u00f3n\" que atraviesa el sector. Tambi\u00e9n pedir\u00e1n a los legisladores que se declare la Emergencia Pyme. Las cifras de la crisis. Empresarios Pyme nucleados en diferentes entidades realizar\u00e1n una protesta frente al Ministerio de Producci\u00f3n bonaerense para advertir sobre\u2026","rel":"","context":"En \u00abPol\u00edtica\u00bb","block_context":{"text":"Pol\u00edtica","link":"https:\/\/www.24baires.com\/?cat=51"},"img":{"alt_text":"","src":"https:\/\/i0.wp.com\/www.24baires.com\/wp-content\/uploads\/2016\/05\/pymes.jpg?resize=350%2C200","width":350,"height":200,"srcset":"https:\/\/i0.wp.com\/www.24baires.com\/wp-content\/uploads\/2016\/05\/pymes.jpg?resize=350%2C200 1x, https:\/\/i0.wp.com\/www.24baires.com\/wp-content\/uploads\/2016\/05\/pymes.jpg?resize=525%2C300 1.5x"},"classes":[]}],"jetpack_sharing_enabled":true,"jetpack_likes_enabled":true,"_links":{"self":[{"href":"https:\/\/www.24baires.com\/index.php?rest_route=\/wp\/v2\/posts\/115644","targetHints":{"allow":["GET"]}}],"collection":[{"href":"https:\/\/www.24baires.com\/index.php?rest_route=\/wp\/v2\/posts"}],"about":[{"href":"https:\/\/www.24baires.com\/index.php?rest_route=\/wp\/v2\/types\/post"}],"author":[{"embeddable":true,"href":"https:\/\/www.24baires.com\/index.php?rest_route=\/wp\/v2\/users\/8"}],"replies":[{"embeddable":true,"href":"https:\/\/www.24baires.com\/index.php?rest_route=%2Fwp%2Fv2%2Fcomments&post=115644"}],"version-history":[{"count":1,"href":"https:\/\/www.24baires.com\/index.php?rest_route=\/wp\/v2\/posts\/115644\/revisions"}],"predecessor-version":[{"id":115645,"href":"https:\/\/www.24baires.com\/index.php?rest_route=\/wp\/v2\/posts\/115644\/revisions\/115645"}],"wp:attachment":[{"href":"https:\/\/www.24baires.com\/index.php?rest_route=%2Fwp%2Fv2%2Fmedia&parent=115644"}],"wp:term":[{"taxonomy":"category","embeddable":true,"href":"https:\/\/www.24baires.com\/index.php?rest_route=%2Fwp%2Fv2%2Fcategories&post=115644"},{"taxonomy":"post_tag","embeddable":true,"href":"https:\/\/www.24baires.com\/index.php?rest_route=%2Fwp%2Fv2%2Ftags&post=115644"}],"curies":[{"name":"wp","href":"https:\/\/api.w.org\/{rel}","templated":true}]}}