{"id":115639,"date":"2020-07-15T17:10:34","date_gmt":"2020-07-15T20:10:34","guid":{"rendered":"http:\/\/www.24baires.com\/?p=115639"},"modified":"2020-07-15T18:12:21","modified_gmt":"2020-07-15T21:12:21","slug":"la-inflacion-de-junio-llego-al-22","status":"publish","type":"post","link":"https:\/\/www.24baires.com\/?p=115639","title":{"rendered":"La inflaci\u00f3n de junio lleg\u00f3 al 2,2%"},"content":{"rendered":"<p><img data-recalc-dims=\"1\" loading=\"lazy\" decoding=\"async\" src=\"https:\/\/i0.wp.com\/www.24baires.com\/wp-content\/uploads\/2020\/05\/supermercado.jpg?resize=560%2C313\" alt=\"\" width=\"560\" height=\"313\" class=\"aligncenter size-full wp-image-115054\" srcset=\"https:\/\/i0.wp.com\/www.24baires.com\/wp-content\/uploads\/2020\/05\/supermercado.jpg?w=560&amp;ssl=1 560w, https:\/\/i0.wp.com\/www.24baires.com\/wp-content\/uploads\/2020\/05\/supermercado.jpg?resize=300%2C168&amp;ssl=1 300w\" sizes=\"auto, (max-width: 560px) 100vw, 560px\" \/>La medici\u00f3n marca una ligera aceleraci\u00f3n con respecto a los dos meses previos y es la tercera marca m\u00e1s alta del a\u00f1o.<!--more--><\/p>\n<p>El Instituto Nacional de Estad\u00edstica y Censos (Indec) inform\u00f3 este mi\u00e9rcoles que el \u00cdndice de Precios al Consumidor (IPC) subi\u00f3 2,2% en junio y de esta forma, el primer semestre del a\u00f1o acumul\u00f3 una inflaci\u00f3n de 13,6%.<\/p>\n<p>Con este incremento, la inflaci\u00f3n de los \u00faltimos doce meses fue de 42,8% inform\u00f3 el organismo.<\/p>\n<p>De acuerdo al informe del INDEC los mayores aumentos se registraron en los rubros \u00abPrendas de vestir y calzado\u00bb (6,6%), \u00abRecreaci\u00f3n y cultura\u00bb (4,2%), y \u00abEquipamiento y mantenimiento del hogar\u00bb (4,1%).<\/p>\n<p>En tanto \u00abAlimentos y bebidas no alcoh\u00f3licas\u00bb subieron un 1% en junio y acumulan un alza del 17,2% en lo que va del a\u00f1o.<\/p>\n<p>El INDEC se\u00f1al\u00f3 en un comunicado que \u00abla cantidad de precios relevados en junio fue superior a la de mayo\u00bb y que \u00abla \u00fanica divisi\u00f3n que debi\u00f3 imputarse por el Nivel general fue &#8216;Restaurantes y hoteles&#8217;, debido a que la mayor\u00eda de los locales que la integran permanecieron cerrados\u00bb a causa de las medidas de aislamiento social.<\/p>\n","protected":false},"excerpt":{"rendered":"<p>La medici\u00f3n marca una ligera aceleraci\u00f3n con respecto a los dos meses previos y es la tercera marca m\u00e1s alta del a\u00f1o.<\/p>\n","protected":false},"author":4,"featured_media":0,"comment_status":"open","ping_status":"open","sticky":false,"template":"","format":"standard","meta":{"_jetpack_newsletter_access":"","_jetpack_dont_email_post_to_subs":false,"_jetpack_newsletter_tier_id":0,"_jetpack_memberships_contains_paywalled_content":false,"_jetpack_memberships_contains_paid_content":false,"footnotes":""},"categories":[45],"tags":[],"class_list":["post-115639","post","type-post","status-publish","format-standard","hentry","category-economia"],"jetpack_featured_media_url":"","jetpack_shortlink":"https:\/\/wp.me\/p2JWE0-u59","jetpack-related-posts":[{"id":86192,"url":"https:\/\/www.24baires.com\/?p=86192","url_meta":{"origin":115639,"position":0},"title":"El Gobierno de CABA midi\u00f3 un 2,2% de inflaci\u00f3n en julio y el IPC Congreso 2,4%","author":"Grupo Sierra","date":"11\/08\/2016","format":false,"excerpt":"El Gobierno de la Ciudad de Buenos Aires inform\u00f3 que la inflaci\u00f3n de julio fue de 2,2%, mientras que el IPC-Congreso reflej\u00f3 un avance de 2,4% respecto de junio, niveles que se encuentran por debajo de la inflaci\u00f3n registrada en los meses previos. En tanto, para viernes est\u00e1 previsto que\u2026","rel":"","context":"En \u00abEconom\u00eda\u00bb","block_context":{"text":"Econom\u00eda","link":"https:\/\/www.24baires.com\/?cat=45"},"img":{"alt_text":"supermercado vac\u00edo","src":"https:\/\/i0.wp.com\/www.24baires.com\/wp-content\/uploads\/2016\/05\/supermercado-vac%C3%ADo.jpg?resize=350%2C200","width":350,"height":200,"srcset":"https:\/\/i0.wp.com\/www.24baires.com\/wp-content\/uploads\/2016\/05\/supermercado-vac%C3%ADo.jpg?resize=350%2C200 1x, https:\/\/i0.wp.com\/www.24baires.com\/wp-content\/uploads\/2016\/05\/supermercado-vac%C3%ADo.jpg?resize=525%2C300 1.5x"},"classes":[]},{"id":111649,"url":"https:\/\/www.24baires.com\/?p=111649","url_meta":{"origin":115639,"position":1},"title":"La inflaci\u00f3n de julio fue del 2,2% y acumul\u00f3 un 54,4% en el \u00faltimo a\u00f1o","author":"AF","date":"15\/08\/2019","format":false,"excerpt":"El nivel general del \u00cdndice de Precios al Consumidor (IPC) representativo del total de hogares del pa\u00eds registr\u00f3 esa variaci\u00f3n con relaci\u00f3n al mes anterior. El \u00edndice de precios al consumidor aument\u00f3 2,2% durante julio, inform\u00f3 hoy el Instituto Nacional de Estad\u00edstica y Censos (Indec). De esta manera la inflaci\u00f3n\u2026","rel":"","context":"En \u00abEconom\u00eda\u00bb","block_context":{"text":"Econom\u00eda","link":"https:\/\/www.24baires.com\/?cat=45"},"img":{"alt_text":"","src":"https:\/\/i0.wp.com\/www.24baires.com\/wp-content\/uploads\/2016\/12\/supermercado.jpg?resize=350%2C200","width":350,"height":200,"srcset":"https:\/\/i0.wp.com\/www.24baires.com\/wp-content\/uploads\/2016\/12\/supermercado.jpg?resize=350%2C200 1x, https:\/\/i0.wp.com\/www.24baires.com\/wp-content\/uploads\/2016\/12\/supermercado.jpg?resize=525%2C300 1.5x"},"classes":[]},{"id":111282,"url":"https:\/\/www.24baires.com\/?p=111282","url_meta":{"origin":115639,"position":2},"title":"Para no ser pobre una familia tipo necesita $31.000","author":"AF","date":"22\/07\/2019","format":false,"excerpt":"La canasta de alimentos y servicios que utiliza la Ciudad de Buenos Aires para determinar el nivel de pobreza escal\u00f3 2,9 por ciento en junio. Las cifras porte\u00f1as acumulan as\u00ed un incremento del 26 por ciento en los primeros seis meses del a\u00f1o. Una pareja compuesta por una mujer y\u2026","rel":"","context":"En \u00abEconom\u00eda\u00bb","block_context":{"text":"Econom\u00eda","link":"https:\/\/www.24baires.com\/?cat=45"},"img":{"alt_text":"","src":"https:\/\/i0.wp.com\/www.24baires.com\/wp-content\/uploads\/2016\/03\/carrito-canasta.jpg?resize=350%2C200","width":350,"height":200,"srcset":"https:\/\/i0.wp.com\/www.24baires.com\/wp-content\/uploads\/2016\/03\/carrito-canasta.jpg?resize=350%2C200 1x, https:\/\/i0.wp.com\/www.24baires.com\/wp-content\/uploads\/2016\/03\/carrito-canasta.jpg?resize=525%2C300 1.5x"},"classes":[]},{"id":111201,"url":"https:\/\/www.24baires.com\/?p=111201","url_meta":{"origin":115639,"position":3},"title":"La inflaci\u00f3n oficial de junio fue de 2,7% y acumula 22,4% en seis meses","author":"AF","date":"16\/07\/2019","format":false,"excerpt":"La inflaci\u00f3n de junio fue de 2,7% y acumula 22,4% en seis meses, seg\u00fan el Indec. En s\u00f3lo 6 meses, la inflaci\u00f3n ya alcanz\u00f3 la meta prevista por el Gobierno para todo 2019 que hab\u00eda estimado en 23%. Los precios minoristas aumentaron 2,7% en junio y acumularon en primer semestre\u2026","rel":"","context":"En \u00abSociedad\u00bb","block_context":{"text":"Sociedad","link":"https:\/\/www.24baires.com\/?cat=1"},"img":{"alt_text":"","src":"https:\/\/i0.wp.com\/www.24baires.com\/wp-content\/uploads\/2018\/08\/supermercado.jpg?resize=350%2C200","width":350,"height":200,"srcset":"https:\/\/i0.wp.com\/www.24baires.com\/wp-content\/uploads\/2018\/08\/supermercado.jpg?resize=350%2C200 1x, https:\/\/i0.wp.com\/www.24baires.com\/wp-content\/uploads\/2018\/08\/supermercado.jpg?resize=525%2C300 1.5x"},"classes":[]},{"id":96624,"url":"https:\/\/www.24baires.com\/?p=96624","url_meta":{"origin":115639,"position":4},"title":"Seg\u00fan el Indec, la inflaci\u00f3n fue del 1,7% en julio","author":"GB","date":"10\/08\/2017","format":false,"excerpt":"Los precios acumularon un avance del 13,8% en los primeros siete meses del a\u00f1o. El costo de vida a nivel nacional subi\u00f3 1,7% en julio respecto al mes anterior. La inflaci\u00f3n estuvo impulsada por alzas en los rubros salud, vivienda y transporte, de acuerdo al informe del INDEC. La suba\u2026","rel":"","context":"En \u00abEconom\u00eda\u00bb","block_context":{"text":"Econom\u00eda","link":"https:\/\/www.24baires.com\/?cat=45"},"img":{"alt_text":"","src":"https:\/\/i0.wp.com\/www.24baires.com\/wp-content\/uploads\/2016\/12\/supermercado.jpg?resize=350%2C200","width":350,"height":200,"srcset":"https:\/\/i0.wp.com\/www.24baires.com\/wp-content\/uploads\/2016\/12\/supermercado.jpg?resize=350%2C200 1x, https:\/\/i0.wp.com\/www.24baires.com\/wp-content\/uploads\/2016\/12\/supermercado.jpg?resize=525%2C300 1.5x"},"classes":[]},{"id":121984,"url":"https:\/\/www.24baires.com\/?p=121984","url_meta":{"origin":115639,"position":5},"title":"Diciembre cierra con una inflaci\u00f3n del 2,7%","author":"GB","date":"15\/01\/2025","format":false,"excerpt":"El Indec inform\u00f3 que la inflaci\u00f3n de diciembre fue del 2,7%, acumulando un 117,8% en 2024. Los precios se mantuvieron estables por tercer mes consecutivo. El Instituto Nacional de Estad\u00edstica y Censos (Indec) inform\u00f3 que el \u00cdndice de Precios al Consumidor (IPC) correspondiente a diciembre de 2024 se ubic\u00f3 en\u2026","rel":"","context":"En \u00abEconom\u00eda\u00bb","block_context":{"text":"Econom\u00eda","link":"https:\/\/www.24baires.com\/?cat=45"},"img":{"alt_text":"","src":"https:\/\/i0.wp.com\/www.24baires.com\/wp-content\/uploads\/2018\/08\/supermercado.jpg?resize=350%2C200","width":350,"height":200,"srcset":"https:\/\/i0.wp.com\/www.24baires.com\/wp-content\/uploads\/2018\/08\/supermercado.jpg?resize=350%2C200 1x, https:\/\/i0.wp.com\/www.24baires.com\/wp-content\/uploads\/2018\/08\/supermercado.jpg?resize=525%2C300 1.5x, https:\/\/i0.wp.com\/www.24baires.com\/wp-content\/uploads\/2018\/08\/supermercado.jpg?resize=700%2C400 2x"},"classes":[]}],"jetpack_sharing_enabled":true,"jetpack_likes_enabled":true,"_links":{"self":[{"href":"https:\/\/www.24baires.com\/index.php?rest_route=\/wp\/v2\/posts\/115639","targetHints":{"allow":["GET"]}}],"collection":[{"href":"https:\/\/www.24baires.com\/index.php?rest_route=\/wp\/v2\/posts"}],"about":[{"href":"https:\/\/www.24baires.com\/index.php?rest_route=\/wp\/v2\/types\/post"}],"author":[{"embeddable":true,"href":"https:\/\/www.24baires.com\/index.php?rest_route=\/wp\/v2\/users\/4"}],"replies":[{"embeddable":true,"href":"https:\/\/www.24baires.com\/index.php?rest_route=%2Fwp%2Fv2%2Fcomments&post=115639"}],"version-history":[{"count":1,"href":"https:\/\/www.24baires.com\/index.php?rest_route=\/wp\/v2\/posts\/115639\/revisions"}],"predecessor-version":[{"id":115640,"href":"https:\/\/www.24baires.com\/index.php?rest_route=\/wp\/v2\/posts\/115639\/revisions\/115640"}],"wp:attachment":[{"href":"https:\/\/www.24baires.com\/index.php?rest_route=%2Fwp%2Fv2%2Fmedia&parent=115639"}],"wp:term":[{"taxonomy":"category","embeddable":true,"href":"https:\/\/www.24baires.com\/index.php?rest_route=%2Fwp%2Fv2%2Fcategories&post=115639"},{"taxonomy":"post_tag","embeddable":true,"href":"https:\/\/www.24baires.com\/index.php?rest_route=%2Fwp%2Fv2%2Ftags&post=115639"}],"curies":[{"name":"wp","href":"https:\/\/api.w.org\/{rel}","templated":true}]}}