{"id":11562,"date":"2013-01-08T08:50:58","date_gmt":"2013-01-08T11:50:58","guid":{"rendered":"http:\/\/www.24baires.com\/?p=11562"},"modified":"2013-01-08T19:05:55","modified_gmt":"2013-01-08T22:05:55","slug":"continua-la-veda-total-de-moluscos-bivalvos-en-la-costa-bonaerense","status":"publish","type":"post","link":"https:\/\/www.24baires.com\/?p=11562","title":{"rendered":"Contin\u00faa la veda total de moluscos bivalvos en la Costa Bonaerense"},"content":{"rendered":"<p>El Ministerio de Asuntos Agrarios de la provincia de Buenos Aires informa que contin\u00faa la veda total para la extracci\u00f3n comercial, artesanal y\/o tur\u00edstica de moluscos bivalvos, en la costa bonaerense.<!--more--><\/p>\n<p>Esta medida se adopt\u00f3 luego del monitoreo que realiza la cartera agropecuaria a trav\u00e9s de la Direcci\u00f3n Provincial de Pesca, sobre moluscos bivalvos y fitoplancton sobre distintos puntos representativos de la costa.<\/p>\n<p>Los an\u00e1lisis realizados por SENASA sobre berberechos recolectados en playas de la localidad de Mar Azul, partido de Villa\u00a0Gesell, y\u00a0mejillones\u00a0recolectados en la localidad de Santa Teresita, partido de la Costa, han dado nuevamente resultado positivo al ensayo para toxinas\u00a0diarreicas\u00a0de moluscos, en concentraciones superiores a los l\u00edmites de seguridad establecidos.<\/p>\n<p>Desde la cartera agraria bonaerense se recomienda a los turistas no recolectar de las playas berberechos, almejas y\u00a0mejillones\u00a0hasta que los an\u00e1lisis arrojen resultados negativos, Consumir solamente moluscos bivalvos provenientes de establecimientos habilitados por la autoridad competente y abstenerse de adquirir y\/o consumir estas especies cuando las mismas no cuenten con su correspondiente certificado sanitario.<\/p>\n","protected":false},"excerpt":{"rendered":"<p>El Ministerio de Asuntos Agrarios de la provincia de Buenos Aires informa que contin\u00faa la veda total para la extracci\u00f3n comercial, artesanal y\/o tur\u00edstica de moluscos bivalvos, en la costa bonaerense.<\/p>\n","protected":false},"author":11,"featured_media":0,"comment_status":"open","ping_status":"open","sticky":false,"template":"","format":"standard","meta":{"_jetpack_newsletter_access":"","_jetpack_dont_email_post_to_subs":false,"_jetpack_newsletter_tier_id":0,"_jetpack_memberships_contains_paywalled_content":false,"_jetpack_memberships_contains_paid_content":false,"footnotes":""},"categories":[40],"tags":[],"class_list":["post-11562","post","type-post","status-publish","format-standard","hentry","category-provincia"],"jetpack_featured_media_url":"","jetpack_shortlink":"https:\/\/wp.me\/p2JWE0-30u","jetpack-related-posts":[{"id":13545,"url":"https:\/\/www.24baires.com\/?p=13545","url_meta":{"origin":11562,"position":0},"title":"Contin\u00faa la veda de moluscos bivalvos en las costas bonaerenses","author":"AF","date":"25\/01\/2013","format":false,"excerpt":"El Ministerio de Asuntos Agrarios de la provincia de Buenos Aires recuerda\u00a0que contin\u00faa la veda total para la extracci\u00f3n comercial, artesanal y\/o\u00a0tur\u00edstica de moluscos bivalvos, en la costa bonaerense. Esta medida se adopt\u00f3 luego del monitoreo que realiza la cartera\u00a0agropecuaria a trav\u00e9s de la Direcci\u00f3n Provincial de Pesca, sobre moluscos\u00a0bivalvos\u2026","rel":"","context":"En \u00abSociedad\u00bb","block_context":{"text":"Sociedad","link":"https:\/\/www.24baires.com\/?cat=1"},"img":{"alt_text":"","src":"","width":0,"height":0},"classes":[]},{"id":8830,"url":"https:\/\/www.24baires.com\/?p=8830","url_meta":{"origin":11562,"position":1},"title":"Veda total para la extracci\u00f3n de moluscos bivalvos desde Samboromb\u00f3n hasta Mar del Plata","author":"AF","date":"12\/12\/2012","format":false,"excerpt":"El Ministerio de Asuntos Agrarios, a trav\u00e9s de la Direcci\u00f3n Provincial de Pesca, informa que por medio de la Disposici\u00f3n 8\/12 se establece una veda total para la extracci\u00f3n comercial, artesanal y\/o tur\u00edstica de moluscos bivalvos, en la zona delimitada por los puntos de la costa desde Punta Piedra, al\u2026","rel":"","context":"En \u00abSociedad\u00bb","block_context":{"text":"Sociedad","link":"https:\/\/www.24baires.com\/?cat=1"},"img":{"alt_text":"","src":"","width":0,"height":0},"classes":[]},{"id":50682,"url":"https:\/\/www.24baires.com\/?p=50682","url_meta":{"origin":11562,"position":2},"title":"Invertir\u00e1n 50 millones de d\u00f3lares para sustentar la explotaci\u00f3n pesquera","author":"GB","date":"28\/07\/2014","format":false,"excerpt":"El Gobierno invertir\u00e1 US$ 50 millones en un proyecto orientado a mejorar la gesti\u00f3n sustentable de la actividad pesquera mar\u00edtima. El Instituto Nacional de Desarrollo Pesquero (INIDEP) con asiento en Mar del Plata absorber\u00e1 el 80% de los recursos del plan. La iniciativa se respaldar\u00e1 en un cr\u00e9dito del Banco\u2026","rel":"","context":"En \u00abEconom\u00eda\u00bb","block_context":{"text":"Econom\u00eda","link":"https:\/\/www.24baires.com\/?cat=45"},"img":{"alt_text":"inidep","src":"https:\/\/i0.wp.com\/www.24baires.com\/wp-content\/uploads\/2014\/07\/inidep-300x225.jpg?resize=350%2C200","width":350,"height":200},"classes":[]},{"id":115841,"url":"https:\/\/www.24baires.com\/?p=115841","url_meta":{"origin":11562,"position":3},"title":"Kicillof volvi\u00f3 a reunir a las entidades del campo","author":"GB","date":"04\/08\/2020","format":false,"excerpt":"El mandatario propuso trabajar en pos de la integraci\u00f3n productiva, industrial y regional de la provincia y los productores agropecuarios coincidieron en la importancia de fortalecer los \u00e1mbitos de dialogo. El gobernador Axel Kicillof, encabez\u00f3, junto al ministro de Desarrollo Agrario, Javier Rodr\u00edguez, el encuentro de la Mesa Agropecuaria provincial,\u2026","rel":"","context":"En \u00abProvincia\u00bb","block_context":{"text":"Provincia","link":"https:\/\/www.24baires.com\/?cat=40"},"img":{"alt_text":"","src":"https:\/\/i0.wp.com\/www.24baires.com\/wp-content\/uploads\/2020\/08\/kici-campo.jpg?resize=350%2C200","width":350,"height":200,"srcset":"https:\/\/i0.wp.com\/www.24baires.com\/wp-content\/uploads\/2020\/08\/kici-campo.jpg?resize=350%2C200 1x, https:\/\/i0.wp.com\/www.24baires.com\/wp-content\/uploads\/2020\/08\/kici-campo.jpg?resize=525%2C300 1.5x"},"classes":[]},{"id":120152,"url":"https:\/\/www.24baires.com\/?p=120152","url_meta":{"origin":11562,"position":4},"title":"Kicillof participa del Congreso Productivo Bonaerense","author":"GB","date":"05\/06\/2023","format":false,"excerpt":"El Gobernador de la Provincia desembarcar\u00e1 en Mar del Plata para participar del Congreso Productivo Bonaerense, que se llevar\u00e1 a cabo martes y mi\u00e9rcoles. Debatir\u00e1n representantes de empresas, sindicatos, universidades y organismos p\u00fablicos nacionales, provinciales y municipales. Con la consigna \"Produciendo el futuro\", el Congreso Productivo Bonaerense tendr\u00e1 lugar el\u2026","rel":"","context":"En \u00abProvincia\u00bb","block_context":{"text":"Provincia","link":"https:\/\/www.24baires.com\/?cat=40"},"img":{"alt_text":"","src":"https:\/\/i0.wp.com\/www.24baires.com\/wp-content\/uploads\/2022\/07\/kicillof.jpg?resize=350%2C200","width":350,"height":200,"srcset":"https:\/\/i0.wp.com\/www.24baires.com\/wp-content\/uploads\/2022\/07\/kicillof.jpg?resize=350%2C200 1x, https:\/\/i0.wp.com\/www.24baires.com\/wp-content\/uploads\/2022\/07\/kicillof.jpg?resize=525%2C300 1.5x, https:\/\/i0.wp.com\/www.24baires.com\/wp-content\/uploads\/2022\/07\/kicillof.jpg?resize=700%2C400 2x"},"classes":[]},{"id":113316,"url":"https:\/\/www.24baires.com\/?p=113316","url_meta":{"origin":11562,"position":5},"title":"\u00abHay una situaci\u00f3n de emergencia en la provincia\u00bb","author":"AF","date":"09\/12\/2019","format":false,"excerpt":"El gobernador bonaerense electo, Axel Kicillof, confirm\u00f3 esta tarde su Gabinete, con Pablo L\u00f3pez como ministro de Hacienda y Sergio Berni al frente de la cartera de Seguridad. En tanto, Augusto Costa ser\u00e1 ministro de Producci\u00f3n, Ciencia e Innovaci\u00f3n Tecnol\u00f3gica; Julio Alak encabezar\u00e1 la cartera de Justicia y Derechos Humanos,\u2026","rel":"","context":"En \u00abProvincia\u00bb","block_context":{"text":"Provincia","link":"https:\/\/www.24baires.com\/?cat=40"},"img":{"alt_text":"","src":"https:\/\/i0.wp.com\/www.24baires.com\/wp-content\/uploads\/2014\/01\/axelkicillof.jpg?resize=350%2C200","width":350,"height":200,"srcset":"https:\/\/i0.wp.com\/www.24baires.com\/wp-content\/uploads\/2014\/01\/axelkicillof.jpg?resize=350%2C200 1x, https:\/\/i0.wp.com\/www.24baires.com\/wp-content\/uploads\/2014\/01\/axelkicillof.jpg?resize=525%2C300 1.5x"},"classes":[]}],"jetpack_sharing_enabled":true,"jetpack_likes_enabled":true,"_links":{"self":[{"href":"https:\/\/www.24baires.com\/index.php?rest_route=\/wp\/v2\/posts\/11562","targetHints":{"allow":["GET"]}}],"collection":[{"href":"https:\/\/www.24baires.com\/index.php?rest_route=\/wp\/v2\/posts"}],"about":[{"href":"https:\/\/www.24baires.com\/index.php?rest_route=\/wp\/v2\/types\/post"}],"author":[{"embeddable":true,"href":"https:\/\/www.24baires.com\/index.php?rest_route=\/wp\/v2\/users\/11"}],"replies":[{"embeddable":true,"href":"https:\/\/www.24baires.com\/index.php?rest_route=%2Fwp%2Fv2%2Fcomments&post=11562"}],"version-history":[{"count":2,"href":"https:\/\/www.24baires.com\/index.php?rest_route=\/wp\/v2\/posts\/11562\/revisions"}],"predecessor-version":[{"id":11564,"href":"https:\/\/www.24baires.com\/index.php?rest_route=\/wp\/v2\/posts\/11562\/revisions\/11564"}],"wp:attachment":[{"href":"https:\/\/www.24baires.com\/index.php?rest_route=%2Fwp%2Fv2%2Fmedia&parent=11562"}],"wp:term":[{"taxonomy":"category","embeddable":true,"href":"https:\/\/www.24baires.com\/index.php?rest_route=%2Fwp%2Fv2%2Fcategories&post=11562"},{"taxonomy":"post_tag","embeddable":true,"href":"https:\/\/www.24baires.com\/index.php?rest_route=%2Fwp%2Fv2%2Ftags&post=11562"}],"curies":[{"name":"wp","href":"https:\/\/api.w.org\/{rel}","templated":true}]}}