{"id":115610,"date":"2020-07-13T10:30:39","date_gmt":"2020-07-13T13:30:39","guid":{"rendered":"http:\/\/www.24baires.com\/?p=115610"},"modified":"2020-07-13T09:11:54","modified_gmt":"2020-07-13T12:11:54","slug":"cicop-evalua-un-plan-de-lucha-ante-el-incumplimiento-de-kicillof","status":"publish","type":"post","link":"https:\/\/www.24baires.com\/?p=115610","title":{"rendered":"Cicop eval\u00faa un plan de lucha ante el \u201cincumplimiento\u201d de Kicillof"},"content":{"rendered":"<p><img data-recalc-dims=\"1\" loading=\"lazy\" decoding=\"async\" src=\"https:\/\/i0.wp.com\/www.24baires.com\/wp-content\/uploads\/2020\/06\/cicop.jpg?resize=560%2C349\" alt=\"\" width=\"560\" height=\"349\" class=\"aligncenter size-full wp-image-115349\" srcset=\"https:\/\/i0.wp.com\/www.24baires.com\/wp-content\/uploads\/2020\/06\/cicop.jpg?w=560&amp;ssl=1 560w, https:\/\/i0.wp.com\/www.24baires.com\/wp-content\/uploads\/2020\/06\/cicop.jpg?resize=300%2C187&amp;ssl=1 300w\" sizes=\"auto, (max-width: 560px) 100vw, 560px\" \/>El gremio que nuclea m\u00e9dicos y profesionales de la salud exigi\u00f3 a la Provincia que los convoque para discutir aumentos salariales.<!--more--><\/p>\n<p>Desde Cicop adelantaron que eval\u00faan la realizaci\u00f3n de un plan de lucha en la provincia de Buenos Aires en caso que el Gobierno de Axel Kicillof contin\u00fae sin convocarlos a discutir paritarias salariales. Desde el gremio recordaron que en abril hab\u00edan acordado que la negociaci\u00f3n se retomar\u00eda en junio, pero hasta el momento no fueron llamados.<\/p>\n<p>A trav\u00e9s de un comunicado, Cicop dio a conocer que tras la paritaria llevada a cabo en abril se incluy\u00f3 el acuerdo con la Provincia de \u201cuna reapertura en el mes de junio, hecho que fue considerado y valorado por las asambleas seccionales como un elemento importante para la aceptaci\u00f3n en disconformidad\u201d.<\/p>\n<p>\u201cPero nada de esto ha ocurrido al d\u00eda de hoy. La pandemia, que puso a la Salud P\u00fablica en la agenda cotidiana como nunca antes, haciendo de sus trabajadores protagonistas que pudieron dar cuenta de las muchas falencias de los lugares en que se desempe\u00f1an y de los problemas estructurales que arrastran, no logr\u00f3, sin embargo, que los reclamos por mejoras salariales, entre otros, fueran o\u00eddos por las autoridades\u201d, a\u00f1adieron.<\/p>\n<p>Asimismo, aseguraron que los \u201csalarios iniciales de $ 46.000, muy por debajo de las cifras que fija como referencia la canasta b\u00e1sica que elabora la junta interna de ATE-INDEC, hicieron que, ante una convocatoria abierta para ingresar a los hospitales provinciales, la respuesta de los profesionales fuera escasa, consiguiendo apenas unos 650 sobre un total de 2500 cargos necesarios\u201d.<\/p>\n<p>Adem\u00e1s, detallaron que \u201ca ello se le agrega una pir\u00e1mide achatada, donde quienes llevan muchos a\u00f1os desempe\u00f1ando su labor o han accedido por concurso a jefaturas de servicios y de salas, tampoco perciben ingresos que se condigan con la responsabilidad de la tarea que realizan\u201d.<\/p>\n<p>M\u00e1s adelante, manifestaron que \u201cfirmar acuerdos para incumplirlos y negarle al personal de Salud su derecho b\u00e1sico a percibir un sueldo adecuado en el medio de una pandemia son decisiones que contradicen las declaraciones de los funcionarios en relaci\u00f3n al rol fundamental de la Salud P\u00fablica en la emergencia sanitaria\u201d.<\/p>\n<p>\u201cPor ello, insistiremos en demandar el reinicio de las negociaciones para abordar una problem\u00e1tica que debiera comenzar a observar visos de resoluci\u00f3n, en tanto a ello se han comprometido las autoridades\u201d, agregaron.<\/p>\n<p>Finalmente, afirmaron que \u201ciniciamos una semana de asambleas y consultas, por todas las v\u00edas posibles y con las limitaciones propias del tiempo que nos toca, en hospitales y centros de salud. Tenemos motivos m\u00e1s que suficientes para avanzar en un plan de lucha que haga visible lo que nos pasa, de acuerdo a lo que debatan, resuelvan y traigan como mandato al Congreso las asambleas seccionales\u201d.<\/p>\n<p>La semana pasada, el gobernador Kicillof anunci\u00f3 mejoras laborales para miles estatales y las mismas incluyeron el pase a planta de trabajadores de la salud.<\/p>\n<p>La medida Incluye los pases a planta permanente que quedaron pendientes de 2019 de 638 agentes; regularizaci\u00f3n de contratos de locaci\u00f3n de servicios para un total de 3724 trabajadores y trabajadoras; pase a planta de 1909 becarios del Ministerio de Salud y un total de 8708 designaciones de personal de carrera hospitalaria. Tambi\u00e9n se anunci\u00f3 la reapertura de las mesas t\u00e9cnicas para la mejora de la carrera administrativa, temas relacionados con teletrabajo y licencias.<\/p>\n","protected":false},"excerpt":{"rendered":"<p>El gremio que nuclea m\u00e9dicos y profesionales de la salud exigi\u00f3 a la Provincia que los convoque para discutir aumentos salariales.<\/p>\n","protected":false},"author":8,"featured_media":0,"comment_status":"open","ping_status":"open","sticky":false,"template":"","format":"standard","meta":{"_jetpack_newsletter_access":"","_jetpack_dont_email_post_to_subs":false,"_jetpack_newsletter_tier_id":0,"_jetpack_memberships_contains_paywalled_content":false,"_jetpack_memberships_contains_paid_content":false,"footnotes":""},"categories":[40],"tags":[],"class_list":["post-115610","post","type-post","status-publish","format-standard","hentry","category-provincia"],"jetpack_shortlink":"https:\/\/wp.me\/p2JWE0-u4G","jetpack-related-posts":[{"id":115348,"url":"https:\/\/www.24baires.com\/?p=115348","url_meta":{"origin":115610,"position":0},"title":"Cicop insiste a Kicillof para la reapertura de paritarias salariales","author":"GB","date":"16\/06\/2020","format":false,"excerpt":"El gremio indic\u00f3 que los sueldos \"contin\u00faan desjerarquizados\" y exigi\u00f3 una \"recomposici\u00f3n urgente\". La Asociaci\u00f3n Sindical de Profesionales de la Salud de la Provincia de Buenos Aires (Cicop) lanz\u00f3 un nuevo reclamo al gobernador Axel Kicillof con el objetivo de la reapertura de paritarias salariales. Recordaron que el acuerdo era\u2026","rel":"","context":"En \u00abProvincia\u00bb","block_context":{"text":"Provincia","link":"https:\/\/www.24baires.com\/?cat=40"},"img":{"alt_text":"","src":"https:\/\/i0.wp.com\/www.24baires.com\/wp-content\/uploads\/2020\/06\/cicop.jpg?resize=350%2C200","width":350,"height":200,"srcset":"https:\/\/i0.wp.com\/www.24baires.com\/wp-content\/uploads\/2020\/06\/cicop.jpg?resize=350%2C200 1x, https:\/\/i0.wp.com\/www.24baires.com\/wp-content\/uploads\/2020\/06\/cicop.jpg?resize=525%2C300 1.5x"},"classes":[]},{"id":115683,"url":"https:\/\/www.24baires.com\/?p=115683","url_meta":{"origin":115610,"position":1},"title":"Cicop iniciar\u00e1 un plan de lucha para reclamar por aumento salarial","author":"GB","date":"20\/07\/2020","format":false,"excerpt":"El gremio que nuclea a m\u00e9dicos y profesionales de la salud bonaerense exigen respuestas al gobierno de Axel Kicillof. Cicop llev\u00f3 a cabo un congreso en el cual defini\u00f3 realizar medidas de acci\u00f3n ante la falta de precisiones en torno a sus reclamos por parte del Gobierno bonaerense. Por ese\u2026","rel":"","context":"En \u00abProvincia\u00bb","block_context":{"text":"Provincia","link":"https:\/\/www.24baires.com\/?cat=40"},"img":{"alt_text":"","src":"https:\/\/i0.wp.com\/www.24baires.com\/wp-content\/uploads\/2020\/06\/cicop.jpg?resize=350%2C200","width":350,"height":200,"srcset":"https:\/\/i0.wp.com\/www.24baires.com\/wp-content\/uploads\/2020\/06\/cicop.jpg?resize=350%2C200 1x, https:\/\/i0.wp.com\/www.24baires.com\/wp-content\/uploads\/2020\/06\/cicop.jpg?resize=525%2C300 1.5x"},"classes":[]},{"id":115410,"url":"https:\/\/www.24baires.com\/?p=115410","url_meta":{"origin":115610,"position":2},"title":"Cicop insiste con el pedido de paritarias y aumento salarial","author":"GB","date":"22\/06\/2020","format":false,"excerpt":"Los m\u00e9dicos y profesionales de la salud tambi\u00e9n reiteraron el rechazo al pago del medio aguinaldo en cuotas. La Asociaci\u00f3n Sindical de Profesionales de la Salud de la Provincia de Buenos Aires (Cicop) sali\u00f3 nuevamente con el reclamo al gobierno de Axel Kicillof para que se los convoque a paritarias\u2026","rel":"","context":"En \u00abProvincia\u00bb","block_context":{"text":"Provincia","link":"https:\/\/www.24baires.com\/?cat=40"},"img":{"alt_text":"","src":"https:\/\/i0.wp.com\/www.24baires.com\/wp-content\/uploads\/2020\/06\/cicop.jpg?resize=350%2C200","width":350,"height":200,"srcset":"https:\/\/i0.wp.com\/www.24baires.com\/wp-content\/uploads\/2020\/06\/cicop.jpg?resize=350%2C200 1x, https:\/\/i0.wp.com\/www.24baires.com\/wp-content\/uploads\/2020\/06\/cicop.jpg?resize=525%2C300 1.5x"},"classes":[]},{"id":114263,"url":"https:\/\/www.24baires.com\/?p=114263","url_meta":{"origin":115610,"position":3},"title":"Los m\u00e9dicos preparan la primera medida de fuerza ante la nueva gesti\u00f3n","author":"GB","date":"02\/03\/2020","format":false,"excerpt":"A menos de tres meses de su asunci\u00f3n, el Gobernador tendr\u00e1 este mi\u00e9rcoles la primera medida de fuerza en su contra. La llevar\u00e1n adelante los profesionales de la salud de la Provincia enrolados en Cicop. Reclaman la urgente convocatoria a paritarias. El pr\u00f3ximo mi\u00e9rcoles 4 de marzo, Cicop realizar\u00e1 la\u2026","rel":"","context":"En \u00abProvincia\u00bb","block_context":{"text":"Provincia","link":"https:\/\/www.24baires.com\/?cat=40"},"img":{"alt_text":"","src":"https:\/\/i0.wp.com\/www.24baires.com\/wp-content\/uploads\/2016\/12\/cicop.jpg?resize=350%2C200","width":350,"height":200,"srcset":"https:\/\/i0.wp.com\/www.24baires.com\/wp-content\/uploads\/2016\/12\/cicop.jpg?resize=350%2C200 1x, https:\/\/i0.wp.com\/www.24baires.com\/wp-content\/uploads\/2016\/12\/cicop.jpg?resize=525%2C300 1.5x"},"classes":[]},{"id":116447,"url":"https:\/\/www.24baires.com\/?p=116447","url_meta":{"origin":115610,"position":4},"title":"M\u00e9dicos vuelven a discutir salarios con la provincia el pr\u00f3ximo lunes","author":"GB","date":"12\/10\/2020","format":false,"excerpt":"El gobierno bonaerense de Axel Kicillof busca acordar con los m\u00e9dicos y trabajadores de la salud, que fueron convocados a rediscutir la paritaria. Tras haber acordado con los estatales y tambi\u00e9n con los docentes, el gobierno de la provincia de Buenos Aires que conduce Axel Kicillof convoc\u00f3 oficialmente a reanudar\u2026","rel":"","context":"En \u00abProvincia\u00bb","block_context":{"text":"Provincia","link":"https:\/\/www.24baires.com\/?cat=40"},"img":{"alt_text":"","src":"https:\/\/i0.wp.com\/www.24baires.com\/wp-content\/uploads\/2020\/08\/medicos.jpg?resize=350%2C200","width":350,"height":200,"srcset":"https:\/\/i0.wp.com\/www.24baires.com\/wp-content\/uploads\/2020\/08\/medicos.jpg?resize=350%2C200 1x, https:\/\/i0.wp.com\/www.24baires.com\/wp-content\/uploads\/2020\/08\/medicos.jpg?resize=525%2C300 1.5x"},"classes":[]},{"id":112563,"url":"https:\/\/www.24baires.com\/?p=112563","url_meta":{"origin":115610,"position":5},"title":"Judiciales y m\u00e9dicos bonaerenses confluyen en un nuevo paro contra Vidal","author":"GB","date":"21\/10\/2019","format":false,"excerpt":"Tanto la AJB como Cicop llevar\u00e1n a cabo este mi\u00e9rcoles 23 una huelga en todo el territorio bonaerense en busca de que el gobierno los convoque a paritarias. A d\u00edas de las elecciones, dos de los gremios estatales bonaerenses revolvieron continuar con sus reclamos hacia la gobernadora, Mar\u00eda Eugenia Vidal.\u2026","rel":"","context":"En \u00abProvincia\u00bb","block_context":{"text":"Provincia","link":"https:\/\/www.24baires.com\/?cat=40"},"img":{"alt_text":"","src":"https:\/\/i0.wp.com\/www.24baires.com\/wp-content\/uploads\/2017\/09\/judiciales-cicop.jpg?resize=350%2C200","width":350,"height":200,"srcset":"https:\/\/i0.wp.com\/www.24baires.com\/wp-content\/uploads\/2017\/09\/judiciales-cicop.jpg?resize=350%2C200 1x, https:\/\/i0.wp.com\/www.24baires.com\/wp-content\/uploads\/2017\/09\/judiciales-cicop.jpg?resize=525%2C300 1.5x"},"classes":[]}],"jetpack_sharing_enabled":true,"jetpack_likes_enabled":true,"jetpack_featured_media_url":"","_links":{"self":[{"href":"https:\/\/www.24baires.com\/index.php?rest_route=\/wp\/v2\/posts\/115610","targetHints":{"allow":["GET"]}}],"collection":[{"href":"https:\/\/www.24baires.com\/index.php?rest_route=\/wp\/v2\/posts"}],"about":[{"href":"https:\/\/www.24baires.com\/index.php?rest_route=\/wp\/v2\/types\/post"}],"author":[{"embeddable":true,"href":"https:\/\/www.24baires.com\/index.php?rest_route=\/wp\/v2\/users\/8"}],"replies":[{"embeddable":true,"href":"https:\/\/www.24baires.com\/index.php?rest_route=%2Fwp%2Fv2%2Fcomments&post=115610"}],"version-history":[{"count":1,"href":"https:\/\/www.24baires.com\/index.php?rest_route=\/wp\/v2\/posts\/115610\/revisions"}],"predecessor-version":[{"id":115611,"href":"https:\/\/www.24baires.com\/index.php?rest_route=\/wp\/v2\/posts\/115610\/revisions\/115611"}],"wp:attachment":[{"href":"https:\/\/www.24baires.com\/index.php?rest_route=%2Fwp%2Fv2%2Fmedia&parent=115610"}],"wp:term":[{"taxonomy":"category","embeddable":true,"href":"https:\/\/www.24baires.com\/index.php?rest_route=%2Fwp%2Fv2%2Fcategories&post=115610"},{"taxonomy":"post_tag","embeddable":true,"href":"https:\/\/www.24baires.com\/index.php?rest_route=%2Fwp%2Fv2%2Ftags&post=115610"}],"curies":[{"name":"wp","href":"https:\/\/api.w.org\/{rel}","templated":true}]}}