{"id":11556,"date":"2013-01-08T09:00:42","date_gmt":"2013-01-08T12:00:42","guid":{"rendered":"http:\/\/www.24baires.com\/?p=11556"},"modified":"2013-01-08T19:00:35","modified_gmt":"2013-01-08T22:00:35","slug":"bajo-amenaza-sindical-la-cnrt-inspecciono-la-terminal-de-micros-de-mar-del-plata","status":"publish","type":"post","link":"https:\/\/www.24baires.com\/?p=11556","title":{"rendered":"Bajo amenaza sindical la CNRT inspeccion\u00f3 la Terminal de Micros de Mar del Plata"},"content":{"rendered":"<p><a href=\"http:\/\/www.24baires.com\/sociedad\/11556-bajo-amenaza-sindical-la-cnrt-inspecciono-la-terminal-de-micros-de-mar-del-plata\/attachment\/cnrt-mdp\/\" rel=\"attachment wp-att-11558\"><img data-recalc-dims=\"1\" loading=\"lazy\" decoding=\"async\" class=\"aligncenter size-full wp-image-11558\" alt=\"cnrt mdp\" src=\"https:\/\/i0.wp.com\/www.24baires.com\/wp-content\/uploads\/2013\/01\/cnrt-mdp.jpg?resize=560%2C373\" width=\"560\" height=\"373\" srcset=\"https:\/\/i0.wp.com\/www.24baires.com\/wp-content\/uploads\/2013\/01\/cnrt-mdp.jpg?w=560&amp;ssl=1 560w, https:\/\/i0.wp.com\/www.24baires.com\/wp-content\/uploads\/2013\/01\/cnrt-mdp.jpg?resize=300%2C199&amp;ssl=1 300w\" sizes=\"auto, (max-width: 560px) 100vw, 560px\" \/><\/a><\/p>\n<p>A pesar de que el viernes pasado la Uni\u00f3n de Tranviarios Automotor (UTA) realiz\u00f3 un paro en la Terminal de \u00d3mnibus de Mar del Plata, <strong>por exceso de control de la CNRT<\/strong>, el ente regulador increment\u00f3 los operativos de fiscalizaci\u00f3n en todo del pa\u00eds, e incluso, el propio interventor del organismo Dr. Ariel Franetovich, supervis\u00f3 que las unidades que part\u00edan de la \u201cciudad feliz\u201d estuvieran debidamente habilitadas para prestar el servicio, y que los choferes tuvieran la Libreta de Trabajo, la Licencia Nacional Habilitante en vigencia y que cumplieran con las horas de descanso.<!--more--><\/p>\n<p>Es as\u00ed, que en el operativo se inspeccionaron 47 colectivos, de los cuales 12 quedaron paralizados por no cumplir con los permisos correspondientes; 8 infraccionados y 1 retenido.<\/p>\n<p>\u201cEstamos llevando a cabo estos operativos en todo el pa\u00eds, y nos resulta llamativa la aprobaci\u00f3n de la mayor\u00eda de los choferes, dado que muchas veces se les exigen m\u00e1s horas de trabajo de las que realmente pueden prestar\u201d expres\u00f3 el Dr. Franetovich y agreg\u00f3: \u201cCreemos que r\u00e1pidamente la UTA advertir\u00e1 esto y terminar\u00e1 apoyando los operativos. Un chofer no puede descasar menos de doce horas, no s\u00f3lo por que lo dice la ley, sino tambi\u00e9n por que sin esas horas de descanso, ninguna persona se encuentra con la capacidad psicof\u00edsica para conducir un veh\u00edculo de pasajeros en el que debe cumplir con horarios y paradas establecidas\u201d.<\/p>\n<p>En referencia al accidente ocurrido esta ma\u00f1ana en cercan\u00edas de la ciudad de Pehuaj\u00f3 -ruta N\u00ba 5 Km. 359, que involucr\u00f3 a un micro de la empresa \u201cV\u00eda Bariloche\u201d y dej\u00f3 como saldo dos personas fallecidas; el interventor record\u00f3 que la CNRT, en el mes de diciembre, notific\u00f3 a todas las empresas de transporte automotor la resoluci\u00f3n que los responsabiliza penalmente, en caso de siniestros, por poner en circulaci\u00f3n veh\u00edculos sin condiciones t\u00e9cnicas de seguridad y sin el debido descanso de los choferes. Adem\u00e1s el Dr. Franetovich expres\u00f3 de manera contundente que: \u201cSi la mec\u00e1nica del accidente sugiere responsabilidad del micro y falta de descanso de los choferes, por exceso de horas de trabajo, los propietarios de la empresa podr\u00edan ir presos. Ya enviamos a los abogados del organismo a ver el sumario que se est\u00e1 realizando sobre el accidente\u201d.<\/p>\n<p>En el transcurso de los \u00faltimos meses, la CNRT, profundiz\u00f3 los controles y la fiscalizaci\u00f3n al transporte de pasajeros en todo el pa\u00eds, siguiendo con la pol\u00edtica del Ministro del Interior y Transporte, Florencio Randazzo, de darle mayor exigencia en materia de seguridad: \u201cEstamos redoblando los esfuerzos, y equipando de mayor instrumental t\u00e9cnico al organismo, ya que pretendemos un cambio cultural a trav\u00e9s de mayor presi\u00f3n en la fiscalizaci\u00f3n. Queremos seguir contribuyendo a generar m\u00e1s seguridad y bajar los \u00edndices de accidentes\u201d concluy\u00f3 el titular del organismo.<\/p>\n<p>&nbsp;<\/p>\n<p>&nbsp;<\/p>\n","protected":false},"excerpt":{"rendered":"<p>A pesar de que el viernes pasado la Uni\u00f3n de Tranviarios Automotor (UTA) realiz\u00f3 un paro en la Terminal de \u00d3mnibus de Mar del Plata, por exceso de control de la CNRT, el ente regulador increment\u00f3 los operativos de fiscalizaci\u00f3n en todo del pa\u00eds, e incluso, el propio interventor del organismo Dr. Ariel Franetovich, supervis\u00f3 que las unidades que part\u00edan [&#8230;]<\/p>\n","protected":false},"author":11,"featured_media":0,"comment_status":"open","ping_status":"open","sticky":false,"template":"","format":"standard","meta":{"_jetpack_newsletter_access":"","_jetpack_dont_email_post_to_subs":false,"_jetpack_newsletter_tier_id":0,"_jetpack_memberships_contains_paywalled_content":false,"_jetpack_memberships_contains_paid_content":false,"footnotes":""},"categories":[1],"tags":[],"class_list":["post-11556","post","type-post","status-publish","format-standard","hentry","category-sociedad"],"jetpack_featured_media_url":"","jetpack_shortlink":"https:\/\/wp.me\/p2JWE0-30o","jetpack-related-posts":[{"id":4939,"url":"https:\/\/www.24baires.com\/?p=4939","url_meta":{"origin":11556,"position":0},"title":"La CNRT secuestr\u00f3 19 colectivos y 7 combis","author":"AF","date":"10\/11\/2012","format":false,"excerpt":"Durante la \u00faltima semana, la Comisi\u00f3n Nacional de Regulaci\u00f3n del Transporte (CNRT) realiz\u00f3 operativos sorpresa al transporte urbano de pasajeros en distintos puntos de la Capital Federal y de la provincia de Buenos Aires, de los cuales fueron secuestrados 19 colectivos urbanos y 7 combis. Los inspectores de la CNRT,\u2026","rel":"","context":"En \u00abSociedad\u00bb","block_context":{"text":"Sociedad","link":"https:\/\/www.24baires.com\/?cat=1"},"img":{"alt_text":"","src":"","width":0,"height":0},"classes":[]},{"id":60229,"url":"https:\/\/www.24baires.com\/?p=60229","url_meta":{"origin":11556,"position":1},"title":"Detectan tres infracciones cada dos horas en micros de larga distancia","author":"Grupo Sierra","date":"16\/01\/2015","format":false,"excerpt":"El Ministerio del Interior y Transporte, encabezado por Florencio Randazzo, encomend\u00f3 a la Comisi\u00f3n Nacional de Regulaci\u00f3n del Transporte (CNRT), realizar operativos de fiscalizaci\u00f3n del transporte automotor en diversos lugares del pa\u00eds, especialmente en aquellos puntos de inter\u00e9s tur\u00edstico, en el marco del \"Operativo Verano 2015\". En este sentido, la\u2026","rel":"","context":"En \u00abSociedad\u00bb","block_context":{"text":"Sociedad","link":"https:\/\/www.24baires.com\/?cat=1"},"img":{"alt_text":"micros","src":"https:\/\/i0.wp.com\/www.24baires.com\/wp-content\/uploads\/2014\/01\/micros.jpg?resize=350%2C200","width":350,"height":200,"srcset":"https:\/\/i0.wp.com\/www.24baires.com\/wp-content\/uploads\/2014\/01\/micros.jpg?resize=350%2C200 1x, https:\/\/i0.wp.com\/www.24baires.com\/wp-content\/uploads\/2014\/01\/micros.jpg?resize=525%2C300 1.5x"},"classes":[]},{"id":36307,"url":"https:\/\/www.24baires.com\/?p=36307","url_meta":{"origin":11556,"position":2},"title":"La CNRT control\u00f3 un 35% m\u00e1s de veh\u00edculos que en 2012","author":"AF","date":"06\/12\/2013","format":false,"excerpt":"Los operativos se realizaron en conjunto con Gendarmer\u00eda Nacional en terminales de \u00f3mnibus y rutas nacionales a fin de verificar que las unidades estuvieran habilitadas para prestar el servicio. La Comisi\u00f3n Nacional de Regulaci\u00f3n de Transporte (CNRT) fiscaliz\u00f3 m\u00e1s de 240 mil veh\u00edculos de transporte automotor de pasajeros y de\u2026","rel":"","context":"En \u00abSociedad\u00bb","block_context":{"text":"Sociedad","link":"https:\/\/www.24baires.com\/?cat=1"},"img":{"alt_text":"","src":"","width":0,"height":0},"classes":[]},{"id":28093,"url":"https:\/\/www.24baires.com\/?p=28093","url_meta":{"origin":11556,"position":3},"title":"Miles de micros salen de Retiro en el inicio de las vacaciones de invierno","author":"AF","date":"12\/07\/2013","format":false,"excerpt":"Un total de 7.300 micros de larga distancia partir\u00e1n desde la estaci\u00f3n Terminal de Retiro durante este fin de semana, en el inicio de las vacaciones de invierno en la Ciudad de Buenos Aires. La Comisi\u00f3n Nacional de Regulaci\u00f3n de Transporte (CNRT) precis\u00f3 que est\u00e1 prevista la partida desde hoy\u2026","rel":"","context":"En \u00abSociedad\u00bb","block_context":{"text":"Sociedad","link":"https:\/\/www.24baires.com\/?cat=1"},"img":{"alt_text":"","src":"","width":0,"height":0},"classes":[]},{"id":28167,"url":"https:\/\/www.24baires.com\/?p=28167","url_meta":{"origin":11556,"position":4},"title":"Gran movimiento de turistas hacia destinos bonaerenses","author":"AF","date":"13\/07\/2013","format":false,"excerpt":"Una gran cantidad de veh\u00edculos se registraron dirigi\u00e9ndose hacia los principales destinos del territorio bonaerense. Asimismo, se estima que alrededor de 13 millones de personas se movilizar\u00e1n por todo el pa\u00eds. La Costa Atl\u00e1ntica bonaerense y tambi\u00e9n hacia destinos serranos son algunos de los puntos m\u00e1s elegidos por los turistas\u2026","rel":"","context":"En \u00abSociedad\u00bb","block_context":{"text":"Sociedad","link":"https:\/\/www.24baires.com\/?cat=1"},"img":{"alt_text":"ruta a mar del plata","src":"https:\/\/i0.wp.com\/www.24baires.com\/wp-content\/uploads\/2013\/07\/ruta-a-mar-del-plata.jpg?resize=350%2C200","width":350,"height":200,"srcset":"https:\/\/i0.wp.com\/www.24baires.com\/wp-content\/uploads\/2013\/07\/ruta-a-mar-del-plata.jpg?resize=350%2C200 1x, https:\/\/i0.wp.com\/www.24baires.com\/wp-content\/uploads\/2013\/07\/ruta-a-mar-del-plata.jpg?resize=525%2C300 1.5x"},"classes":[]},{"id":115417,"url":"https:\/\/www.24baires.com\/?p=115417","url_meta":{"origin":11556,"position":5},"title":"Intensifican los controles en el transporte p\u00fablico","author":"GB","date":"22\/06\/2020","format":false,"excerpt":"Ante el aumento de contagios en el AMBA, el titular de la CNRT, Jos\u00e9 Ram\u00f3n Arteaga coment\u00f3 que el problema \u201cno es el transporte, sino la circulaci\u00f3n de gente en la calle\u201d. La cantidad de contagio de Coronavirus en el \u00c1rea Metropolitana de la provincia de Buenos Aires no cesa.\u2026","rel":"","context":"En \u00abPol\u00edtica\u00bb","block_context":{"text":"Pol\u00edtica","link":"https:\/\/www.24baires.com\/?cat=51"},"img":{"alt_text":"","src":"https:\/\/i0.wp.com\/www.24baires.com\/wp-content\/uploads\/2020\/06\/colectivo-desinfeccion.jpg?resize=350%2C200","width":350,"height":200,"srcset":"https:\/\/i0.wp.com\/www.24baires.com\/wp-content\/uploads\/2020\/06\/colectivo-desinfeccion.jpg?resize=350%2C200 1x, https:\/\/i0.wp.com\/www.24baires.com\/wp-content\/uploads\/2020\/06\/colectivo-desinfeccion.jpg?resize=525%2C300 1.5x"},"classes":[]}],"jetpack_sharing_enabled":true,"jetpack_likes_enabled":true,"_links":{"self":[{"href":"https:\/\/www.24baires.com\/index.php?rest_route=\/wp\/v2\/posts\/11556","targetHints":{"allow":["GET"]}}],"collection":[{"href":"https:\/\/www.24baires.com\/index.php?rest_route=\/wp\/v2\/posts"}],"about":[{"href":"https:\/\/www.24baires.com\/index.php?rest_route=\/wp\/v2\/types\/post"}],"author":[{"embeddable":true,"href":"https:\/\/www.24baires.com\/index.php?rest_route=\/wp\/v2\/users\/11"}],"replies":[{"embeddable":true,"href":"https:\/\/www.24baires.com\/index.php?rest_route=%2Fwp%2Fv2%2Fcomments&post=11556"}],"version-history":[{"count":3,"href":"https:\/\/www.24baires.com\/index.php?rest_route=\/wp\/v2\/posts\/11556\/revisions"}],"predecessor-version":[{"id":11561,"href":"https:\/\/www.24baires.com\/index.php?rest_route=\/wp\/v2\/posts\/11556\/revisions\/11561"}],"wp:attachment":[{"href":"https:\/\/www.24baires.com\/index.php?rest_route=%2Fwp%2Fv2%2Fmedia&parent=11556"}],"wp:term":[{"taxonomy":"category","embeddable":true,"href":"https:\/\/www.24baires.com\/index.php?rest_route=%2Fwp%2Fv2%2Fcategories&post=11556"},{"taxonomy":"post_tag","embeddable":true,"href":"https:\/\/www.24baires.com\/index.php?rest_route=%2Fwp%2Fv2%2Ftags&post=11556"}],"curies":[{"name":"wp","href":"https:\/\/api.w.org\/{rel}","templated":true}]}}