{"id":115435,"date":"2020-06-23T21:55:48","date_gmt":"2020-06-24T00:55:48","guid":{"rendered":"http:\/\/www.24baires.com\/?p=115435"},"modified":"2020-06-23T21:55:48","modified_gmt":"2020-06-24T00:55:48","slug":"esperamos-ser-capaces-de-alcanzar-un-mejor-entendimiento-con-los-acreedores","status":"publish","type":"post","link":"https:\/\/www.24baires.com\/?p=115435","title":{"rendered":"\u00abEsperamos ser capaces de alcanzar un mejor entendimiento con los acreedores\u00bb"},"content":{"rendered":"<p><img data-recalc-dims=\"1\" loading=\"lazy\" decoding=\"async\" src=\"https:\/\/i0.wp.com\/www.24baires.com\/wp-content\/uploads\/2020\/05\/guzman-1.jpg?resize=560%2C313\" alt=\"\" width=\"560\" height=\"313\" class=\"aligncenter size-full wp-image-115099\" srcset=\"https:\/\/i0.wp.com\/www.24baires.com\/wp-content\/uploads\/2020\/05\/guzman-1.jpg?w=560&amp;ssl=1 560w, https:\/\/i0.wp.com\/www.24baires.com\/wp-content\/uploads\/2020\/05\/guzman-1.jpg?resize=300%2C168&amp;ssl=1 300w\" sizes=\"auto, (max-width: 560px) 100vw, 560px\" \/>As\u00ed lo indic\u00f3 el ministro de Econom\u00eda, durante su exposici\u00f3n en un encuentro virtual al que asistieron empresarios de la American Society, organizado por el Council of Americas.<!--more--><\/p>\n<p>El ministro de Econom\u00eda, Martin Guzm\u00e1n, se mostr\u00f3 esperanzado en \u201ccontinuar con las negociaciones de la deuda extranjera, con un proceso constructivo, que sea legitimado por nuestra sociedad\u201d.<\/p>\n<p>\u201cEsperamos ser capaces de alcanzar un mejor entendimiento con los acreedores\u201d, se\u00f1al\u00f3 Guzm\u00e1n, al participar de un encuentro virtual al que asistieron empresarios de la American Society, organizado por el Council of Americas.<\/p>\n<p>El funcionario diferenci\u00f3 a los acreedores en, al menos, dos grandes grupos, y se\u00f1al\u00f3 a uno de ellos, el denominado AD HOC, como el responsable de poner trabas contractuales que van en contra de las normas utilizadas por los pa\u00edses del G20 para los procesos de reestructuraci\u00f3n de la deuda.<\/p>\n<p>Tambi\u00e9n especific\u00f3 que es intenci\u00f3n de Argentina negociar un nuevo programa con el FMI, \u201cdespu\u00e9s de la reestructuraci\u00f3n de deuda\u201d.<\/p>\n<p>Al respecto, dijo que ser\u00e1 un programa diferente al que se encuentra vigente, suscripto por el gobierno de Mauricio Macri, por el que se desembolsaron unos 47.000 millones de d\u00f3lares.<\/p>\n<p>Guzm\u00e1n anticip\u00f3, adem\u00e1s, que \u201c la revisi\u00f3n del programa (con el FMI) no ser\u00e1 cuesti\u00f3n de d\u00edas o semanas, tomar\u00e1 tiempo\u201d.<\/p>\n<p>\u201cTiene que tener la legitimidad de la sociedad argentina como un todo\u201d, agreg\u00f3, al respecto.<\/p>\n<p>\u201cEsperamos ir a un proceso similar al de los acreedores privados en orden de ir alcanzando un acuerdo, como es el proceso con los privados, que tenga legitimidad y ponga al argentina de nuevo de pie\u201d, sostuvo el ministro.<\/p>\n<p>En el tramo de preguntas, Guzm\u00e1n fue consultado por varios empresarios sobre el d\u00eda despu\u00e9s de la cuarentena impuesta por la pandemia y por el rol del Estado con el sector privado, en particular tras el anuncio de expropiaci\u00f3n de Vicentin.<\/p>\n<p>\u00abQueremos ser claros que creemos en un Estado inteligente, con un importante rol en las pol\u00edticas productivas para el sector privado\u201d, respondi\u00f3 el funcionario.<\/p>\n<p>En su exposici\u00f3n, Guzm\u00e1n tambi\u00e9n realiz\u00f3 un paneo sobre pol\u00edticas aplicadas para sortear al crisis de la Covid-19 y sobre los objetivos que se propone la administraci\u00f3n de Alberto Fern\u00e1ndez para sanear las cuentas fiscales y conseguir divisas para la econom\u00eda argentina.<\/p>\n","protected":false},"excerpt":{"rendered":"<p>As\u00ed lo indic\u00f3 el ministro de Econom\u00eda, durante su exposici\u00f3n en un encuentro virtual al que asistieron empresarios de la American Society, organizado por el Council of Americas.<\/p>\n","protected":false},"author":4,"featured_media":0,"comment_status":"open","ping_status":"open","sticky":false,"template":"","format":"standard","meta":{"_jetpack_newsletter_access":"","_jetpack_dont_email_post_to_subs":false,"_jetpack_newsletter_tier_id":0,"_jetpack_memberships_contains_paywalled_content":false,"_jetpack_memberships_contains_paid_content":false,"footnotes":""},"categories":[45],"tags":[],"class_list":["post-115435","post","type-post","status-publish","format-standard","hentry","category-economia"],"jetpack_featured_media_url":"","jetpack_shortlink":"https:\/\/wp.me\/p2JWE0-u1R","jetpack-related-posts":[{"id":114731,"url":"https:\/\/www.24baires.com\/?p=114731","url_meta":{"origin":115435,"position":0},"title":"\u201cNo habr\u00e1 desembolsos en los pr\u00f3ximos tres a\u00f1os\u201d","author":"AF","date":"16\/04\/2020","format":false,"excerpt":"El ministro de Econom\u00eda, Mart\u00edn Guzm\u00e1n, asegur\u00f3 hoy que la Argentina tiene \"una situaci\u00f3n de deuda que no podemos enfrentar con el Fondo Monetario Internacional\" y que el Gobierno nacional trabaja \"un nuevo programa que implique no hacer ning\u00fan desembolso de capital adeudado en los pr\u00f3ximos tres a\u00f1os\". Los detalles\u2026","rel":"","context":"En \u00abEconom\u00eda\u00bb","block_context":{"text":"Econom\u00eda","link":"https:\/\/www.24baires.com\/?cat=45"},"img":{"alt_text":"","src":"https:\/\/i0.wp.com\/www.24baires.com\/wp-content\/uploads\/2016\/04\/fmi.jpg?resize=350%2C200","width":350,"height":200,"srcset":"https:\/\/i0.wp.com\/www.24baires.com\/wp-content\/uploads\/2016\/04\/fmi.jpg?resize=350%2C200 1x, https:\/\/i0.wp.com\/www.24baires.com\/wp-content\/uploads\/2016\/04\/fmi.jpg?resize=525%2C300 1.5x"},"classes":[]},{"id":115177,"url":"https:\/\/www.24baires.com\/?p=115177","url_meta":{"origin":115435,"position":1},"title":"El Gobierno anunci\u00f3 avances con un grupo de bonistas","author":"GB","date":"29\/05\/2020","format":false,"excerpt":"El Ministerio de Econom\u00eda de la Naci\u00f3n detall\u00f3 las reuniones que mantuvieron con los acreedores en los \u00faltimos d\u00edas. El ministro de Econom\u00eda, Mart\u00edn Guzm\u00e1n, asegur\u00f3 el jueves por la tarde que logr\u00f3 avanzar en la renegociaci\u00f3n de la deuda con un grupo de bonistas. No obstante, aclar\u00f3 que todav\u00eda\u2026","rel":"","context":"En \u00abEconom\u00eda\u00bb","block_context":{"text":"Econom\u00eda","link":"https:\/\/www.24baires.com\/?cat=45"},"img":{"alt_text":"","src":"https:\/\/i0.wp.com\/www.24baires.com\/wp-content\/uploads\/2020\/05\/guzman-1.jpg?resize=350%2C200","width":350,"height":200,"srcset":"https:\/\/i0.wp.com\/www.24baires.com\/wp-content\/uploads\/2020\/05\/guzman-1.jpg?resize=350%2C200 1x, https:\/\/i0.wp.com\/www.24baires.com\/wp-content\/uploads\/2020\/05\/guzman-1.jpg?resize=525%2C300 1.5x"},"classes":[]},{"id":116115,"url":"https:\/\/www.24baires.com\/?p=116115","url_meta":{"origin":115435,"position":2},"title":"La adhesi\u00f3n al canje fue del 93,5% y el 99% de deuda fue reestructurada","author":"AF","date":"31\/08\/2020","format":false,"excerpt":"Acompa\u00f1ado por el ministro de Econom\u00eda Mart\u00edn Guzm\u00e1n y la vicepresidenta de la Naci\u00f3n Cristina Fern\u00e1ndez, Alberto Fern\u00e1ndez oficializ\u00f3 la finalizaci\u00f3n del proceso del canje de deuda. El presidente Alberto Fern\u00e1ndez y el ministro de Econom\u00eda, Mart\u00edn Guzm\u00e1n, anunciaron hoy que el canje de deuda alcanz\u00f3 un nivel de adhesi\u00f3n\u2026","rel":"","context":"En \u00abEconom\u00eda\u00bb","block_context":{"text":"Econom\u00eda","link":"https:\/\/www.24baires.com\/?cat=45"},"img":{"alt_text":"","src":"https:\/\/i0.wp.com\/www.24baires.com\/wp-content\/uploads\/2020\/08\/fern%C3%A1ndez-massa.jpg?resize=350%2C200","width":350,"height":200,"srcset":"https:\/\/i0.wp.com\/www.24baires.com\/wp-content\/uploads\/2020\/08\/fern%C3%A1ndez-massa.jpg?resize=350%2C200 1x, https:\/\/i0.wp.com\/www.24baires.com\/wp-content\/uploads\/2020\/08\/fern%C3%A1ndez-massa.jpg?resize=525%2C300 1.5x"},"classes":[]},{"id":113357,"url":"https:\/\/www.24baires.com\/?p=113357","url_meta":{"origin":115435,"position":3},"title":"Guzm\u00e1n anticip\u00f3 el reperfilamiento de la deuda","author":"AF","date":"11\/12\/2019","format":false,"excerpt":"El funcionario fue contundente al remarcar que el programa econ\u00f3mico ser\u00e1 el del Gobierno y no el del FMI. En su primera conferencia de prensa como ministro de Econom\u00eda, Mart\u00edn Guzm\u00e1n anticip\u00f3 que se reunir\u00e1n con acreedores para dise\u00f1ar un programa de reestructuraci\u00f3n de pagos. Adem\u00e1s, sostuvo que el FMI\u2026","rel":"","context":"En \u00abPol\u00edtica\u00bb","block_context":{"text":"Pol\u00edtica","link":"https:\/\/www.24baires.com\/?cat=51"},"img":{"alt_text":"","src":"https:\/\/i0.wp.com\/www.24baires.com\/wp-content\/uploads\/2019\/08\/fmi.jpg?resize=350%2C200","width":350,"height":200,"srcset":"https:\/\/i0.wp.com\/www.24baires.com\/wp-content\/uploads\/2019\/08\/fmi.jpg?resize=350%2C200 1x, https:\/\/i0.wp.com\/www.24baires.com\/wp-content\/uploads\/2019\/08\/fmi.jpg?resize=525%2C300 1.5x"},"classes":[]},{"id":115230,"url":"https:\/\/www.24baires.com\/?p=115230","url_meta":{"origin":115435,"position":4},"title":"FMI respalda a Argentina: \u00abNadie se beneficia de un pa\u00eds que cae al precipio de la deuda\u00bb","author":"AF","date":"03\/06\/2020","format":false,"excerpt":"La titular del FMI advirti\u00f3 a los acreedores que se arriesgan a no recuperar su dinero y advirti\u00f3 que \"en ocasiones es necesario realizar una reestructuraci\u00f3n reflexiva\". La directora Gerente del Fondo Monetario Internacional (FMI), Kristalina Georgieva, volvi\u00f3 a manifestar este mi\u00e9rcoles su respaldo al proceso de reestructuraci\u00f3n que lleva\u2026","rel":"","context":"En \u00abEconom\u00eda\u00bb","block_context":{"text":"Econom\u00eda","link":"https:\/\/www.24baires.com\/?cat=45"},"img":{"alt_text":"","src":"https:\/\/i0.wp.com\/www.24baires.com\/wp-content\/uploads\/2016\/04\/fmi.jpg?resize=350%2C200","width":350,"height":200,"srcset":"https:\/\/i0.wp.com\/www.24baires.com\/wp-content\/uploads\/2016\/04\/fmi.jpg?resize=350%2C200 1x, https:\/\/i0.wp.com\/www.24baires.com\/wp-content\/uploads\/2016\/04\/fmi.jpg?resize=525%2C300 1.5x"},"classes":[]},{"id":116121,"url":"https:\/\/www.24baires.com\/?p=116121","url_meta":{"origin":115435,"position":5},"title":"Guzm\u00e1n: \u00abRestauramos la sostenibilidad de la deuda p\u00fablica con acreedores privados\u00bb","author":"AF","date":"01\/09\/2020","format":false,"excerpt":"El ministro de Econom\u00eda destac\u00f3 el alcance de la reestructuraci\u00f3n de la deuda con los bonistas privados. A trav\u00e9s de sus cuentas en las redes sociales, el ministro de Econom\u00eda de la Naci\u00f3n, Mart\u00edn Guzm\u00e1n, destac\u00f3 este martes el acuerdo alcanzado con los bonistas privados para reestructurar parte de la\u2026","rel":"","context":"En \u00abEconom\u00eda\u00bb","block_context":{"text":"Econom\u00eda","link":"https:\/\/www.24baires.com\/?cat=45"},"img":{"alt_text":"","src":"https:\/\/i0.wp.com\/www.24baires.com\/wp-content\/uploads\/2020\/05\/guzman-1.jpg?resize=350%2C200","width":350,"height":200,"srcset":"https:\/\/i0.wp.com\/www.24baires.com\/wp-content\/uploads\/2020\/05\/guzman-1.jpg?resize=350%2C200 1x, https:\/\/i0.wp.com\/www.24baires.com\/wp-content\/uploads\/2020\/05\/guzman-1.jpg?resize=525%2C300 1.5x"},"classes":[]}],"jetpack_sharing_enabled":true,"jetpack_likes_enabled":true,"_links":{"self":[{"href":"https:\/\/www.24baires.com\/index.php?rest_route=\/wp\/v2\/posts\/115435","targetHints":{"allow":["GET"]}}],"collection":[{"href":"https:\/\/www.24baires.com\/index.php?rest_route=\/wp\/v2\/posts"}],"about":[{"href":"https:\/\/www.24baires.com\/index.php?rest_route=\/wp\/v2\/types\/post"}],"author":[{"embeddable":true,"href":"https:\/\/www.24baires.com\/index.php?rest_route=\/wp\/v2\/users\/4"}],"replies":[{"embeddable":true,"href":"https:\/\/www.24baires.com\/index.php?rest_route=%2Fwp%2Fv2%2Fcomments&post=115435"}],"version-history":[{"count":1,"href":"https:\/\/www.24baires.com\/index.php?rest_route=\/wp\/v2\/posts\/115435\/revisions"}],"predecessor-version":[{"id":115436,"href":"https:\/\/www.24baires.com\/index.php?rest_route=\/wp\/v2\/posts\/115435\/revisions\/115436"}],"wp:attachment":[{"href":"https:\/\/www.24baires.com\/index.php?rest_route=%2Fwp%2Fv2%2Fmedia&parent=115435"}],"wp:term":[{"taxonomy":"category","embeddable":true,"href":"https:\/\/www.24baires.com\/index.php?rest_route=%2Fwp%2Fv2%2Fcategories&post=115435"},{"taxonomy":"post_tag","embeddable":true,"href":"https:\/\/www.24baires.com\/index.php?rest_route=%2Fwp%2Fv2%2Ftags&post=115435"}],"curies":[{"name":"wp","href":"https:\/\/api.w.org\/{rel}","templated":true}]}}