{"id":11540,"date":"2013-01-08T17:57:11","date_gmt":"2013-01-08T20:57:11","guid":{"rendered":"http:\/\/www.24baires.com\/?p=11540"},"modified":"2013-01-08T17:58:10","modified_gmt":"2013-01-08T20:58:10","slug":"abuelas-de-plaza-de-mayo-es-absurdo-reclamar-las-renuncias-del-ministro-de-alak","status":"publish","type":"post","link":"https:\/\/www.24baires.com\/?p=11540","title":{"rendered":"Abuelas de Plaza de Mayo: \u00abEs absurdo reclamar la renuncia del ministro Alak\u00bb"},"content":{"rendered":"<p>La asociaci\u00f3n que conduce Estela de Carlotto reiter\u00f3 su respaldo al ministro de Justicia por las cr\u00edticas que recibi\u00f3 debido al acto realizado en la ex Esma. \u00abLa jornada de trabajo institucional realizada el 27 de diciembre, fue un tema sobredimensionado por medios y pol\u00edticos especuladores\u00bb, consideraron.<!--more--><\/p>\n<p>La asociaci\u00f3n Abuelas de Plaza de Mayo manifest\u00f3 hoy que \u00abes absurdo reclamar las renuncias del ministro de Justicia, Julio Alak, y del secretario de DDHH, Mart\u00edn Fresneda, aduciendo alg\u00fan tipo de comisi\u00f3n de delito\u00bb, por la \u00abjornada institucional realizada en la ex Esma para todos los empleados del Ministerio de Justicia y Derechos Humanos de la Naci\u00f3n\u00bb.<\/p>\n<p>Mediante un comunicado, la asociaci\u00f3n expres\u00f3 que \u00abla jornada de trabajo institucional realizada el 27 de diciembre en el Espacio Memoria y Derechos Humanos (ex Esma), fue un tema sobredimensionado por medios y pol\u00edticos especuladores\u00bb.<\/p>\n<p>En este sentido, resaltaron que \u00abAbuelas de Plaza de Mayo es profundamente respetuosa de las opiniones de los sobrevivientes y familiares de ex detenidos de la Esma que manifestaron su desacuerdo con la realizaci\u00f3n del mencionado encuentro\u00bb.<\/p>\n<p>\u00abA\u00fan en la diferencia, como lo hemos hecho siempre, nos sentimos parte de una misma historia de lucha, a pesar, insistimos, de los disensos que podamos mantener en torno a las pol\u00edticas de memoria, que cada uno crea que es necesario o deseable implementar\u00bb, se\u00f1alaron.<\/p>\n<p>Sin embargo, insistieron en que \u201ces absurdo reclamar las renuncias del Ministro de Justicia y del Secretario de DDHH aduciendo alg\u00fan tipo de comisi\u00f3n de delito\u00bb.<\/p>\n<p>\u00abQueremos dejar constancia que en la jornada\u00bb, que se realiz\u00f3 espec\u00edficamente \u00aben la Casa de la Militancia de la agrupaci\u00f3n Hijos, los participantes discutieron, reflexionaron y escucharon de boca del titular del Ministerio, Julio Alak, y del secretario de Derechos Humanos, Mart\u00edn Fresneda, los balances y los objetivos institucionales del organismo\u00bb, puntualizaron.<\/p>\n<p>Con respecto a la elecci\u00f3n de ese sitio, aseguraron que \u00abfue elegido dada su disponibilidad en esa fecha y su capacidad para albergar a los 2.000 trabajadores de la Secretar\u00eda\u00bb.<\/p>\n<p>En este sentido, destacaron que \u00abtrat\u00e1ndose de una jornada de varias horas de duraci\u00f3n, l\u00f3gicamente se ofreci\u00f3 una vianda a los trabajadores, y por otra parte, como sabe cualquiera que haya visitado la ex Esma, en el predio no se vende comida y las distancias hasta los comercios que s\u00ed lo hacen, fuera del predio, son considerables\u00bb.<\/p>\n<p>&nbsp;<\/p>\n<p>&nbsp;<\/p>\n<p>&nbsp;<\/p>\n<p>&nbsp;<\/p>\n<p>&nbsp;<\/p>\n<p>&nbsp;<\/p>\n<p>&nbsp;<\/p>\n<p>&nbsp;<\/p>\n<p>&nbsp;<\/p>\n<p>&nbsp;<\/p>\n<p>&nbsp;<\/p>\n<p>&nbsp;<\/p>\n<p>&nbsp;<\/p>\n<p>&nbsp;<\/p>\n<p>&nbsp;<\/p>\n<p>&nbsp;<\/p>\n<p>&nbsp;<\/p>\n<p>&nbsp;<\/p>\n<p>&nbsp;<\/p>\n","protected":false},"excerpt":{"rendered":"<p>La asociaci\u00f3n que conduce Estela de Carlotto reiter\u00f3 su respaldo al ministro de Justicia por las cr\u00edticas que recibi\u00f3 debido al acto realizado en la ex Esma. \u00abLa jornada de trabajo institucional realizada el 27 de diciembre, fue un tema sobredimensionado por medios y pol\u00edticos especuladores\u00bb, consideraron.<\/p>\n","protected":false},"author":4,"featured_media":0,"comment_status":"open","ping_status":"open","sticky":false,"template":"","format":"standard","meta":{"_jetpack_newsletter_access":"","_jetpack_dont_email_post_to_subs":false,"_jetpack_newsletter_tier_id":0,"_jetpack_memberships_contains_paywalled_content":false,"_jetpack_memberships_contains_paid_content":false,"footnotes":""},"categories":[1],"tags":[],"class_list":["post-11540","post","type-post","status-publish","format-standard","hentry","category-sociedad"],"jetpack_featured_media_url":"","jetpack_shortlink":"https:\/\/wp.me\/p2JWE0-308","jetpack-related-posts":[{"id":42702,"url":"https:\/\/www.24baires.com\/?p=42702","url_meta":{"origin":11540,"position":0},"title":"\u00abLa democracia debe ser defendida con u\u00f1as y dientes\u00bb","author":"GB","date":"24\/03\/2014","format":false,"excerpt":"La presidenta de la Asociaci\u00f3n Abuelas de Plaza de Mayo, Estela de Carlotto, consider\u00f3 que \u201cla democracia debe ser defendida con u\u00f1as y dientes\u201d, durante la ceremonia en la que se inaugur\u00f3 la Casa de la Identidad que gestionar\u00e1 ese organismo de derechos humanos y que funcionar\u00e1 en el predio\u2026","rel":"","context":"En \u00abMemoria\u00bb","block_context":{"text":"Memoria","link":"https:\/\/www.24baires.com\/?cat=50"},"img":{"alt_text":"carloto y alak","src":"https:\/\/i0.wp.com\/www.24baires.com\/wp-content\/uploads\/2014\/03\/carloto-y-alak-300x199.jpg?resize=350%2C200","width":350,"height":200},"classes":[]},{"id":107348,"url":"https:\/\/www.24baires.com\/?p=107348","url_meta":{"origin":11540,"position":1},"title":"En el D\u00eda de la Memoria, miles de personas se movilizar\u00e1n en todo el pa\u00eds","author":"AF","date":"24\/03\/2019","format":false,"excerpt":"A 43 a\u00f1os del golpe de Estado que diera inicio a la m\u00e1s cruenta y atroz dictadura de la historia argentinas, se renuevan los reclamos de Justicia. Una vez m\u00e1s, este 24 de Marzo indica que es el D\u00eda Nacional de la Memoria por la Verdad y la Justicia, en\u2026","rel":"","context":"En \u00abSociedad\u00bb","block_context":{"text":"Sociedad","link":"https:\/\/www.24baires.com\/?cat=1"},"img":{"alt_text":"","src":"https:\/\/i0.wp.com\/www.24baires.com\/wp-content\/uploads\/2017\/03\/24-de-marzo.jpg?resize=350%2C200","width":350,"height":200,"srcset":"https:\/\/i0.wp.com\/www.24baires.com\/wp-content\/uploads\/2017\/03\/24-de-marzo.jpg?resize=350%2C200 1x, https:\/\/i0.wp.com\/www.24baires.com\/wp-content\/uploads\/2017\/03\/24-de-marzo.jpg?resize=525%2C300 1.5x"},"classes":[]},{"id":119551,"url":"https:\/\/www.24baires.com\/?p=119551","url_meta":{"origin":11540,"position":2},"title":"Kicillof: \u00abLa pol\u00edtica penitenciara de Cambiemos fue un absoluto fracaso\u00bb","author":"GB","date":"17\/11\/2022","format":false,"excerpt":"Con cr\u00edticas al gobierno anterior y estad\u00edsticas lapidarias, el gobernador Axel Kicillof present\u00f3 un programa que busca llevar la educaci\u00f3n a todas las c\u00e1rceles gobernador bonaerense, Axel Kicillof, encabez\u00f3 el lanzamiento del Programa Educativo en Contexto de Encierro 2023 realizado en la Unidad Penitenciaria 58. La jornada, cargada de expectativa\u2026","rel":"","context":"En \u00abProvincia\u00bb","block_context":{"text":"Provincia","link":"https:\/\/www.24baires.com\/?cat=40"},"img":{"alt_text":"","src":"https:\/\/i0.wp.com\/www.24baires.com\/wp-content\/uploads\/2022\/11\/20221117113324__ab_2786_2jpg.jpg?resize=350%2C200","width":350,"height":200,"srcset":"https:\/\/i0.wp.com\/www.24baires.com\/wp-content\/uploads\/2022\/11\/20221117113324__ab_2786_2jpg.jpg?resize=350%2C200 1x, https:\/\/i0.wp.com\/www.24baires.com\/wp-content\/uploads\/2022\/11\/20221117113324__ab_2786_2jpg.jpg?resize=525%2C300 1.5x, https:\/\/i0.wp.com\/www.24baires.com\/wp-content\/uploads\/2022\/11\/20221117113324__ab_2786_2jpg.jpg?resize=700%2C400 2x"},"classes":[]},{"id":33927,"url":"https:\/\/www.24baires.com\/?p=33927","url_meta":{"origin":11540,"position":3},"title":"Abuelas de Plaza de Mayo conmemora hoy su 36\u00ba aniversario","author":"AF","date":"22\/10\/2013","format":false,"excerpt":"El acto se realizar\u00e1 hoy a las 18 en el Centro Cultural Haroldo Conti, donde brindar\u00e1n por los 109 nietos que recuperaron su identidad gracias a su incansable b\u00fasqueda. La asociaci\u00f3n Abuelas de Plaza de Mayo celebrar\u00e1 hoy sus 36 a\u00f1os de vida en el espacio de memoria de la\u2026","rel":"","context":"En \u00abMemoria\u00bb","block_context":{"text":"Memoria","link":"https:\/\/www.24baires.com\/?cat=50"},"img":{"alt_text":"abuelas","src":"https:\/\/i0.wp.com\/www.24baires.com\/wp-content\/uploads\/2013\/10\/abuelas-300x199.jpg?resize=350%2C200","width":350,"height":200},"classes":[]},{"id":45756,"url":"https:\/\/www.24baires.com\/?p=45756","url_meta":{"origin":11540,"position":4},"title":"\u00abLa muerte de Carmen Argibay es una p\u00e9rdida para el sistema democr\u00e1tico\u00bb","author":"AF","date":"11\/05\/2014","format":false,"excerpt":"Lo dijo el ministro de Justicia, Julio Alak, en el homenaje p\u00fablico que se realiz\u00f3 en Tribunales. Al ser consultado por la reacci\u00f3n de Cristina Kirchner, afirm\u00f3 que \"para la Presidenta es una p\u00e9rdida institucional muy grande\". El presidente de la Corte, Ricardo Lorenzetti, dijo que \"Carmen Argibay represent\u00f3 a\u2026","rel":"","context":"En \u00abPol\u00edtica\u00bb","block_context":{"text":"Pol\u00edtica","link":"https:\/\/www.24baires.com\/?cat=51"},"img":{"alt_text":"alak ley medios","src":"https:\/\/i0.wp.com\/www.24baires.com\/wp-content\/uploads\/2012\/12\/alak-ley-medios.jpg?resize=350%2C200","width":350,"height":200,"srcset":"https:\/\/i0.wp.com\/www.24baires.com\/wp-content\/uploads\/2012\/12\/alak-ley-medios.jpg?resize=350%2C200 1x, https:\/\/i0.wp.com\/www.24baires.com\/wp-content\/uploads\/2012\/12\/alak-ley-medios.jpg?resize=525%2C300 1.5x"},"classes":[]},{"id":113316,"url":"https:\/\/www.24baires.com\/?p=113316","url_meta":{"origin":11540,"position":5},"title":"\u00abHay una situaci\u00f3n de emergencia en la provincia\u00bb","author":"AF","date":"09\/12\/2019","format":false,"excerpt":"El gobernador bonaerense electo, Axel Kicillof, confirm\u00f3 esta tarde su Gabinete, con Pablo L\u00f3pez como ministro de Hacienda y Sergio Berni al frente de la cartera de Seguridad. En tanto, Augusto Costa ser\u00e1 ministro de Producci\u00f3n, Ciencia e Innovaci\u00f3n Tecnol\u00f3gica; Julio Alak encabezar\u00e1 la cartera de Justicia y Derechos Humanos,\u2026","rel":"","context":"En \u00abProvincia\u00bb","block_context":{"text":"Provincia","link":"https:\/\/www.24baires.com\/?cat=40"},"img":{"alt_text":"","src":"https:\/\/i0.wp.com\/www.24baires.com\/wp-content\/uploads\/2014\/01\/axelkicillof.jpg?resize=350%2C200","width":350,"height":200,"srcset":"https:\/\/i0.wp.com\/www.24baires.com\/wp-content\/uploads\/2014\/01\/axelkicillof.jpg?resize=350%2C200 1x, https:\/\/i0.wp.com\/www.24baires.com\/wp-content\/uploads\/2014\/01\/axelkicillof.jpg?resize=525%2C300 1.5x"},"classes":[]}],"jetpack_sharing_enabled":true,"jetpack_likes_enabled":true,"_links":{"self":[{"href":"https:\/\/www.24baires.com\/index.php?rest_route=\/wp\/v2\/posts\/11540","targetHints":{"allow":["GET"]}}],"collection":[{"href":"https:\/\/www.24baires.com\/index.php?rest_route=\/wp\/v2\/posts"}],"about":[{"href":"https:\/\/www.24baires.com\/index.php?rest_route=\/wp\/v2\/types\/post"}],"author":[{"embeddable":true,"href":"https:\/\/www.24baires.com\/index.php?rest_route=\/wp\/v2\/users\/4"}],"replies":[{"embeddable":true,"href":"https:\/\/www.24baires.com\/index.php?rest_route=%2Fwp%2Fv2%2Fcomments&post=11540"}],"version-history":[{"count":3,"href":"https:\/\/www.24baires.com\/index.php?rest_route=\/wp\/v2\/posts\/11540\/revisions"}],"predecessor-version":[{"id":11544,"href":"https:\/\/www.24baires.com\/index.php?rest_route=\/wp\/v2\/posts\/11540\/revisions\/11544"}],"wp:attachment":[{"href":"https:\/\/www.24baires.com\/index.php?rest_route=%2Fwp%2Fv2%2Fmedia&parent=11540"}],"wp:term":[{"taxonomy":"category","embeddable":true,"href":"https:\/\/www.24baires.com\/index.php?rest_route=%2Fwp%2Fv2%2Fcategories&post=11540"},{"taxonomy":"post_tag","embeddable":true,"href":"https:\/\/www.24baires.com\/index.php?rest_route=%2Fwp%2Fv2%2Ftags&post=11540"}],"curies":[{"name":"wp","href":"https:\/\/api.w.org\/{rel}","templated":true}]}}