{"id":115318,"date":"2020-06-11T16:46:30","date_gmt":"2020-06-11T19:46:30","guid":{"rendered":"http:\/\/www.24baires.com\/?p=115318"},"modified":"2020-06-11T16:46:30","modified_gmt":"2020-06-11T19:46:30","slug":"la-inflacion-de-mayo-fue-de-15-y-acumula-111-en-lo-que-va-del-ano","status":"publish","type":"post","link":"https:\/\/www.24baires.com\/?p=115318","title":{"rendered":"La inflaci\u00f3n de mayo fue de 1,5% y acumula 11,1% en lo que va del a\u00f1o"},"content":{"rendered":"<p><img data-recalc-dims=\"1\" loading=\"lazy\" decoding=\"async\" src=\"https:\/\/i0.wp.com\/www.24baires.com\/wp-content\/uploads\/2020\/04\/supermercado.jpg?resize=560%2C373\" alt=\"\" width=\"560\" height=\"373\" class=\"aligncenter size-full wp-image-114714\" srcset=\"https:\/\/i0.wp.com\/www.24baires.com\/wp-content\/uploads\/2020\/04\/supermercado.jpg?w=560&amp;ssl=1 560w, https:\/\/i0.wp.com\/www.24baires.com\/wp-content\/uploads\/2020\/04\/supermercado.jpg?resize=300%2C200&amp;ssl=1 300w\" sizes=\"auto, (max-width: 560px) 100vw, 560px\" \/>Lo inform\u00f3 el Indec. Vestimenta y calzado subi\u00f3 7,5%, que en el AMBA la atenci\u00f3n al p\u00fablico estuvo prohibida por 80 d\u00edas. Los alimentos subieron 0,7%, en el contexto de precios m\u00e1ximos.<!--more--><\/p>\n<p>La inflaci\u00f3n de mayo fue del 1,5%, seg\u00fan notific\u00f3 este jueves por la tarde el Instituto Nacional de Estad\u00edstica y Censos (INDEC). De acuerdo con el organismo oficial, entre enero y el mes pasado, la suba generalizada de precios acumul\u00f3 un 11,1% y a nivel interanual trep\u00f3 al 43,4%.<br \/>\nDe acuerdo con el INDEC, el rubro Alimentos y bebidas experiment\u00f3 una suba de 0,7%: \u00abLa baja en carnes y derivados, frutas, y bebidas no alcoh\u00f3licas en algunas regiones incidieron negativamente y compensaron las subas observadas en verduras, tub\u00e9rculos y legumbres, y leche, productos l\u00e1cteos y huevos\u00bb.<\/p>\n<p>Adem\u00e1s, los rubros que sufrieron una inflaci\u00f3n m\u00e1s fuerte seg\u00fan el INDEC fueron: Prendas de Vestir y Calzado con el 7,5% y Equipamiento y Mantenimiento del Hogar, 2,8%.<\/p>\n<p>En el texto del informe de abril, el INDEC explic\u00f3 que \u00abante la continuidad de las restricciones de circulaci\u00f3n de las personas ratificadas hasta el 26 de abril mediante el decreto n\u00b0 355\/2020, y luego extendidas por normas posteriores hasta el 28 de junio inclusive\u00bb se agregaron \u00abmodalidades no presenciales de relevamiento, en l\u00ednea con lo sugerido por los organismos internacionales en la materia y las oficinas de estad\u00edstica de otros pa\u00edses (Comisi\u00f3n Econ\u00f3mica para Am\u00e9rica Latina y el Caribe, Fondo Monetario Internacional, Eurostat, entre otros)\u00bb.<\/p>\n<p>Respecto al tipo de modalidad para recabar los precios, INDEC agreg\u00f3 que \u00abla flexibilizaci\u00f3n parcial de las restricciones para la circulaci\u00f3n de las personas en algunas localidades del pa\u00eds permiti\u00f3 que el relevamiento presencial de precios se incrementara en mayo con relaci\u00f3n a abril. De hecho, el porcentaje de informantes contactados personalmente subi\u00f3 a 9,8% en mayo para el total nacional (cuando el mes anterior hab\u00eda sido de 7,1%), y en algunas provincias dicho relevamiento alcanz\u00f3 a todos los informantes abiertos\u00bb.<\/p>\n<p>\u00abDe esta manera, gracias a la incorporaci\u00f3n de nuevas modalidades de relevamiento no presencial y la mayor cantidad de rubros habilitados para operar, se logr\u00f3 ampliar el relevamiento respecto del mes anterior (en abril se cubri\u00f3 el 61% del total original de informantes)\u00bb, agreg\u00f3 el INDEC sobre la medici\u00f3n de la inflaci\u00f3n del mes pasado.<\/p>\n<p>El relevamiento de precios est\u00e1 distribuido en 39 aglomerados urbanos de todas las provincias del pa\u00eds. La selecci\u00f3n de estos aglomerados abarca las cabeceras de provincia: La Plata, C\u00f3rdoba, Santa Rosa, Paran\u00e1, Santa Fe, San Salvador de Jujuy, Salta, San Miguel de Tucum\u00e1n, San Fernando del Valle de Catamarca, La Rioja, Santiago del Estero, Corrientes, Posadas, Resistencia, Formosa, Gran Mendoza, San Juan, San Luis, Neuqu\u00e9n, Viedma, Rawson-Trelew, R\u00edo Gallegos y Ushuaia.<\/p>\n<p>Adem\u00e1s, se cuenta con informaci\u00f3n de las siguientes localidades: Bah\u00eda Blanca, Z\u00e1rate, Campana, Mar del Plata, Tandil, R\u00edo Cuarto, Villa Mar\u00eda, Concordia, Rosario, Rafaela, San Ram\u00f3n de la Nueva Or\u00e1n, Presidencia Roque S\u00e1enz Pe\u00f1a, San Rafael, San Carlos de Bariloche, Comodoro Rivadavia, Puerto Madryn y R\u00edo Grande. A este conjunto se agrega el relevamiento en la Ciudad Aut\u00f3noma de Buenos Aires y los 24 partidos del Gran Buenos Aires.<\/p>\n","protected":false},"excerpt":{"rendered":"<p>Lo inform\u00f3 el Indec. Vestimenta y calzado subi\u00f3 7,5%, que en el AMBA la atenci\u00f3n al p\u00fablico estuvo prohibida por 80 d\u00edas. Los alimentos subieron 0,7%, en el contexto de precios m\u00e1ximos.<\/p>\n","protected":false},"author":4,"featured_media":0,"comment_status":"open","ping_status":"open","sticky":false,"template":"","format":"standard","meta":{"_jetpack_newsletter_access":"","_jetpack_dont_email_post_to_subs":false,"_jetpack_newsletter_tier_id":0,"_jetpack_memberships_contains_paywalled_content":false,"_jetpack_memberships_contains_paid_content":false,"footnotes":""},"categories":[45],"tags":[],"class_list":["post-115318","post","type-post","status-publish","format-standard","hentry","category-economia"],"jetpack_featured_media_url":"","jetpack_shortlink":"https:\/\/wp.me\/p2JWE0-tZY","jetpack-related-posts":[{"id":66008,"url":"https:\/\/www.24baires.com\/?p=66008","url_meta":{"origin":115318,"position":0},"title":"La inflaci\u00f3n de abril fue de 1,1%, seg\u00fan el INDEC","author":"GB","date":"15\/05\/2015","format":false,"excerpt":"El \u00cdndice de Precios al Consumidor Nacional Urbano registr\u00f3 en abril un avance de 1,1% y acumula un alza del 4,6% en el primer cuatrimestre del a\u00f1o, inform\u00f3 el Instituto Nacional de Estad\u00edstica y Censos (Indec). La dependencia oficial detall\u00f3 adem\u00e1s que el \u00edndice de precios mayoristas subi\u00f3 0,7% en\u2026","rel":"","context":"En \u00abEconom\u00eda\u00bb","block_context":{"text":"Econom\u00eda","link":"https:\/\/www.24baires.com\/?cat=45"},"img":{"alt_text":"precios acordados g\u00f3ndola super","src":"https:\/\/i0.wp.com\/www.24baires.com\/wp-content\/uploads\/2015\/02\/precios-acordados-g%C3%B3ndola-super.jpg?resize=350%2C200","width":350,"height":200,"srcset":"https:\/\/i0.wp.com\/www.24baires.com\/wp-content\/uploads\/2015\/02\/precios-acordados-g%C3%B3ndola-super.jpg?resize=350%2C200 1x, https:\/\/i0.wp.com\/www.24baires.com\/wp-content\/uploads\/2015\/02\/precios-acordados-g%C3%B3ndola-super.jpg?resize=525%2C300 1.5x"},"classes":[]},{"id":63122,"url":"https:\/\/www.24baires.com\/?p=63122","url_meta":{"origin":115318,"position":1},"title":"Seg\u00fan INDEC, la inflaci\u00f3n arroj\u00f3 un 0,9% en Febrero","author":"Grupo Sierra","date":"14\/03\/2015","format":false,"excerpt":"La suba en el \u00cdndice de Precios al Consumidor Nacional Urbano fue impulsada por los \u00edtems transportes, atenci\u00f3n m\u00e9dica, y gastos vinculados al turismo. Con este aumento, los precios minoristas acumulan un alza del 2,1% durante el primer bimestre del a\u00f1o. El INDEC dio cuenta dem\u00e1s que el \u00cdndice de\u2026","rel":"","context":"En \u00abEconom\u00eda\u00bb","block_context":{"text":"Econom\u00eda","link":"https:\/\/www.24baires.com\/?cat=45"},"img":{"alt_text":"precios acordados g\u00f3ndola super","src":"https:\/\/i0.wp.com\/www.24baires.com\/wp-content\/uploads\/2015\/02\/precios-acordados-g%C3%B3ndola-super.jpg?resize=350%2C200","width":350,"height":200,"srcset":"https:\/\/i0.wp.com\/www.24baires.com\/wp-content\/uploads\/2015\/02\/precios-acordados-g%C3%B3ndola-super.jpg?resize=350%2C200 1x, https:\/\/i0.wp.com\/www.24baires.com\/wp-content\/uploads\/2015\/02\/precios-acordados-g%C3%B3ndola-super.jpg?resize=525%2C300 1.5x"},"classes":[]},{"id":98731,"url":"https:\/\/www.24baires.com\/?p=98731","url_meta":{"origin":115318,"position":2},"title":"La inflaci\u00f3n en octubre fue del 1,5% y acumula 19,4% en el a\u00f1o","author":"AF","date":"14\/11\/2017","format":false,"excerpt":"El Banco Central sigue subiendo las tasas pero la inflaci\u00f3n no detiene su marcha. Cuando todav\u00eda quedan dos meses para que termine el a\u00f1o ya super\u00f3 holgadamente la meta fijada para todo 2017. El Indice de Precios al Consumidor (IPC-Costo de Vida) aument\u00f3 durante octubre un 1,5 por ciento, impulsado\u2026","rel":"","context":"En \u00abEconom\u00eda\u00bb","block_context":{"text":"Econom\u00eda","link":"https:\/\/www.24baires.com\/?cat=45"},"img":{"alt_text":"","src":"https:\/\/i0.wp.com\/www.24baires.com\/wp-content\/uploads\/2013\/03\/supermercado2.jpg?resize=350%2C200","width":350,"height":200,"srcset":"https:\/\/i0.wp.com\/www.24baires.com\/wp-content\/uploads\/2013\/03\/supermercado2.jpg?resize=350%2C200 1x, https:\/\/i0.wp.com\/www.24baires.com\/wp-content\/uploads\/2013\/03\/supermercado2.jpg?resize=525%2C300 1.5x"},"classes":[]},{"id":91537,"url":"https:\/\/www.24baires.com\/?p=91537","url_meta":{"origin":115318,"position":3},"title":"Seg\u00fan Indec, la inflaci\u00f3n de diciembre fue 1.2%","author":"GB","date":"11\/01\/2017","format":false,"excerpt":"D\u00edas atr\u00e1s estudios privados que la suba de precios de todo el 2016 fue del 40% y alcanz\u00f3 el nivel m\u00e1s alto en 14 a\u00f1os. El \u00edndice de precios al consumidor (IPC) registr\u00f3 en diciembre una suba de 1,2% en la Ciudad de Buenos Aires y el Conurbano bonaerense, seg\u00fan\u2026","rel":"","context":"En \u00abEconom\u00eda\u00bb","block_context":{"text":"Econom\u00eda","link":"https:\/\/www.24baires.com\/?cat=45"},"img":{"alt_text":"","src":"https:\/\/i0.wp.com\/www.24baires.com\/wp-content\/uploads\/2013\/02\/indec-300x225.jpg?resize=350%2C200","width":350,"height":200},"classes":[]},{"id":31809,"url":"https:\/\/www.24baires.com\/?p=31809","url_meta":{"origin":115318,"position":4},"title":"La inflaci\u00f3n de agosto fue del 0,8% seg\u00fan datos del INDEC","author":"GB","date":"13\/09\/2013","format":false,"excerpt":"El Costo de Vida avanz\u00f3 esa cifra impulsado por los rubros de Alimentos y Bebidas, y Equipamiento y Mantenimiento del hogar. Adem\u00e1s, el organismo anunci\u00f3 que los precios mayoristas aumentaron 1.1 por ciento en el \u00faltimo mes. En lo que va del a\u00f1o, los precios al consumidor marcaron un avance\u2026","rel":"","context":"En \u00abEconom\u00eda\u00bb","block_context":{"text":"Econom\u00eda","link":"https:\/\/www.24baires.com\/?cat=45"},"img":{"alt_text":"","src":"","width":0,"height":0},"classes":[]},{"id":89704,"url":"https:\/\/www.24baires.com\/?p=89704","url_meta":{"origin":115318,"position":5},"title":"Seg\u00fan el Indec, la inflaci\u00f3n trep\u00f3 al 2.4% en octubre","author":"GB","date":"10\/11\/2016","format":false,"excerpt":"La suba de las tarifas de gas hizo acelerar el alza del \u00edndice de precios, seg\u00fan el Instituto Nacional de Censos y Estad\u00edsticas. La inflaci\u00f3n de octubre se aceler\u00f3 al 2,4%, seg\u00fan inform\u00f3 el Instituto Nacional de Estad\u00edstica y Censos (INDEC). La suba de precios denominada \"n\u00facleo\" creci\u00f3 a 1,8%,\u2026","rel":"","context":"En \u00abEconom\u00eda\u00bb","block_context":{"text":"Econom\u00eda","link":"https:\/\/www.24baires.com\/?cat=45"},"img":{"alt_text":"indec","src":"https:\/\/i0.wp.com\/www.24baires.com\/wp-content\/uploads\/2013\/02\/indec-300x225.jpg?resize=350%2C200","width":350,"height":200},"classes":[]}],"jetpack_sharing_enabled":true,"jetpack_likes_enabled":true,"_links":{"self":[{"href":"https:\/\/www.24baires.com\/index.php?rest_route=\/wp\/v2\/posts\/115318","targetHints":{"allow":["GET"]}}],"collection":[{"href":"https:\/\/www.24baires.com\/index.php?rest_route=\/wp\/v2\/posts"}],"about":[{"href":"https:\/\/www.24baires.com\/index.php?rest_route=\/wp\/v2\/types\/post"}],"author":[{"embeddable":true,"href":"https:\/\/www.24baires.com\/index.php?rest_route=\/wp\/v2\/users\/4"}],"replies":[{"embeddable":true,"href":"https:\/\/www.24baires.com\/index.php?rest_route=%2Fwp%2Fv2%2Fcomments&post=115318"}],"version-history":[{"count":1,"href":"https:\/\/www.24baires.com\/index.php?rest_route=\/wp\/v2\/posts\/115318\/revisions"}],"predecessor-version":[{"id":115319,"href":"https:\/\/www.24baires.com\/index.php?rest_route=\/wp\/v2\/posts\/115318\/revisions\/115319"}],"wp:attachment":[{"href":"https:\/\/www.24baires.com\/index.php?rest_route=%2Fwp%2Fv2%2Fmedia&parent=115318"}],"wp:term":[{"taxonomy":"category","embeddable":true,"href":"https:\/\/www.24baires.com\/index.php?rest_route=%2Fwp%2Fv2%2Fcategories&post=115318"},{"taxonomy":"post_tag","embeddable":true,"href":"https:\/\/www.24baires.com\/index.php?rest_route=%2Fwp%2Fv2%2Ftags&post=115318"}],"curies":[{"name":"wp","href":"https:\/\/api.w.org\/{rel}","templated":true}]}}