{"id":115280,"date":"2020-06-09T10:20:12","date_gmt":"2020-06-09T13:20:12","guid":{"rendered":"http:\/\/www.24baires.com\/?p=115280"},"modified":"2020-06-09T10:20:12","modified_gmt":"2020-06-09T13:20:12","slug":"kicillof-dijo-que-la-cuarentena-no-es-una-competencia-para-ver-quien-abre-o-cierra-mas","status":"publish","type":"post","link":"https:\/\/www.24baires.com\/?p=115280","title":{"rendered":"Kicillof dijo que la cuarentena \u00abno es una competencia para ver quien abre o cierra m\u00e1s\u00bb"},"content":{"rendered":"<p><img data-recalc-dims=\"1\" loading=\"lazy\" decoding=\"async\" src=\"https:\/\/i0.wp.com\/www.24baires.com\/wp-content\/uploads\/2020\/06\/kici.jpg?resize=560%2C313\" alt=\"\" width=\"560\" height=\"313\" class=\"aligncenter size-full wp-image-115281\" srcset=\"https:\/\/i0.wp.com\/www.24baires.com\/wp-content\/uploads\/2020\/06\/kici.jpg?w=560&amp;ssl=1 560w, https:\/\/i0.wp.com\/www.24baires.com\/wp-content\/uploads\/2020\/06\/kici.jpg?resize=300%2C168&amp;ssl=1 300w\" sizes=\"auto, (max-width: 560px) 100vw, 560px\" \/>Durante una video conferencia con periodista bonaerenses, el gobernador considero que hubo un \u00abclamor aperturista\u00bb de los intendentes opositores que se inscribi\u00f3 en la discusi\u00f3n pol\u00edtica.<!--more--><\/p>\n<p>El gobernador bonaerense, Axel Kicillof, destac\u00f3 el trabajo en conjunto que viene realizando su gobierno con los 135 intendentes de la provincia para habilitar actividades de acuerdo a la fase de la cuarentena en la que se encuentre cada distrito y advirtio \u00abno es una competencia para ver quien abre o cierra m\u00e1s sino de c\u00f3mo cuidamos la salud de la gente\u00bb<\/p>\n<p>El gobernador explic\u00f3 que \u00ablo que est\u00e1 permitido dentro de la fase en la que se encuentra el municipio se puede hacer en forma autom\u00e1tica\u00bb y aclar\u00f3 que \u00absi hay ciertas particularidades el intendente eleva la propuesta al gobierno provincial para que la analicemos y se le da una respuesta\u00bb.<\/p>\n<p>Asegur\u00f3 que es partidario de que \u00abse puedan retomar la mayor cantidad de actividades posibles\u00bb pero resalt\u00f3 que \u00abhay que seguir guardando la prevenci\u00f3n y los protocolos para evitar posibles brotes\u00bb fundamentalmente en el interior bonaerense y en ese sentido adelant\u00f3 que nuevamente este mes habr\u00e1 asistencia financiera para los municipios que tengan dificultades para hacer frente a sus gastos corrientes.<\/p>\n<p>Kicillof se refiri\u00f3 adem\u00e1s ala pol\u00e9mica desatada por el pedido de algunos alcaldes que hasta amagaron con levantar las restricciones isin autorizaci\u00f3n y en ese sentido dio por saldadas las diferencias y las atribuy\u00f3 a \u00abun clamor aperturista inscripto en una discusi\u00f3n pol\u00edtica\u00bb.<\/p>\n<p>\u00abYo no tengo enojo con los intendentes, hubo un clima pol\u00edtico para que se abra todo. Es parte de la convivencia democr\u00e1tica. La idea es acompa\u00f1ar la decisi\u00f3n de los intendentes con los recaudos y an\u00e1lisis necesarios\u00bb, grafic\u00f3.<\/p>\n<p>Kicillof ratific\u00f3 adem\u00e1s que en junio continuar\u00e1 la asistencia financiera a los municipios para que puedan mantener su nivel de actividad y para el pago de salarios y el medio aguinaldo.<\/p>\n<p>\u00abEn junio va a haber otra nueva asistencia a todos los municipios. Lo hicimos en todo este tiempo en el que destinamos cerca de 10 mil millones de pesos distribuidos entre abril y mayo. La idea es hacerlo nuevamente y estamos evaluando el efecto sobre los recursos municipales y la recaudaci\u00f3n provincial\u00bb, concluy\u00f3.<\/p>\n","protected":false},"excerpt":{"rendered":"<p>Durante una video conferencia con periodista bonaerenses, el gobernador considero que hubo un \u00abclamor aperturista\u00bb de los intendentes opositores que se inscribi\u00f3 en la discusi\u00f3n pol\u00edtica.<\/p>\n","protected":false},"author":8,"featured_media":0,"comment_status":"open","ping_status":"open","sticky":false,"template":"","format":"standard","meta":{"_jetpack_newsletter_access":"","_jetpack_dont_email_post_to_subs":false,"_jetpack_newsletter_tier_id":0,"_jetpack_memberships_contains_paywalled_content":false,"_jetpack_memberships_contains_paid_content":false,"footnotes":""},"categories":[40],"tags":[],"class_list":["post-115280","post","type-post","status-publish","format-standard","hentry","category-provincia"],"jetpack_shortlink":"https:\/\/wp.me\/p2JWE0-tZm","jetpack-related-posts":[{"id":115628,"url":"https:\/\/www.24baires.com\/?p=115628","url_meta":{"origin":115280,"position":0},"title":"Provincia eval\u00faa como continuar\u00e1n las cuarentenas de los distritos m\u00e1s afectados","author":"AF","date":"14\/07\/2020","format":false,"excerpt":"El viernes finaliza la etapa m\u00e1s restrictiva de la cuarentena y la Provincia analiza c\u00f3mo contin\u00faa el aislamiento en los distritos m\u00e1s afectadas por el coronavirus. El gobernador Axel Kicillof mantiene una reuni\u00f3n v\u00eda teleconferencia con los 35 intendentes del \u00c1rea Metropolitana de Buenos Aires, luego del encuentro con el\u2026","rel":"","context":"En \u00abProvincia\u00bb","block_context":{"text":"Provincia","link":"https:\/\/www.24baires.com\/?cat=40"},"img":{"alt_text":"","src":"https:\/\/i0.wp.com\/www.24baires.com\/wp-content\/uploads\/2020\/05\/barbijos.jpg?resize=350%2C200","width":350,"height":200,"srcset":"https:\/\/i0.wp.com\/www.24baires.com\/wp-content\/uploads\/2020\/05\/barbijos.jpg?resize=350%2C200 1x, https:\/\/i0.wp.com\/www.24baires.com\/wp-content\/uploads\/2020\/05\/barbijos.jpg?resize=525%2C300 1.5x"},"classes":[]},{"id":114968,"url":"https:\/\/www.24baires.com\/?p=114968","url_meta":{"origin":115280,"position":1},"title":"Kicillof: \u00abSigue la cuarentena en la Provincia\u00bb porque \u00abun error se paga en vidas\u00bb","author":"AF","date":"09\/05\/2020","format":false,"excerpt":"El Gobernador apunt\u00f3 tambi\u00e9n contra los que \"presionan\" y \"hacen lobby\" para que haya mayores actividades liberadas. El gobernador Axel Kicillof estuvo junto al presidente Alberto Fern\u00e1ndez en torno a la decisi\u00f3n de extender la cuarentena hasta el 24 de mayo y del paso a la fase 4 a excepci\u00f3n\u2026","rel":"","context":"En \u00abProvincia\u00bb","block_context":{"text":"Provincia","link":"https:\/\/www.24baires.com\/?cat=40"},"img":{"alt_text":"","src":"https:\/\/i0.wp.com\/www.24baires.com\/wp-content\/uploads\/2020\/05\/kicilof.jpg?resize=350%2C200","width":350,"height":200,"srcset":"https:\/\/i0.wp.com\/www.24baires.com\/wp-content\/uploads\/2020\/05\/kicilof.jpg?resize=350%2C200 1x, https:\/\/i0.wp.com\/www.24baires.com\/wp-content\/uploads\/2020\/05\/kicilof.jpg?resize=525%2C300 1.5x"},"classes":[]},{"id":114747,"url":"https:\/\/www.24baires.com\/?p=114747","url_meta":{"origin":115280,"position":2},"title":"Kicillof y Cafiero avanzan con los detalles de la \u00abcuarentena focalizada\u00bb","author":"AF","date":"17\/04\/2020","format":false,"excerpt":"El Gobernador bonaerense y el Jefe de Gabinete de la Naci\u00f3n ultimaron detalles sobre los cambios que habr\u00e1 desde el lunes en la provincia. Tras las sugerencias y pedidos de los gobernadores y gobernadoras, el Gobierno a partir del lunes permitir\u00e1 nuevas actividades en aquellas jurisdicciones donde no hay circulaci\u00f3n\u2026","rel":"","context":"En \u00abProvincia\u00bb","block_context":{"text":"Provincia","link":"https:\/\/www.24baires.com\/?cat=40"},"img":{"alt_text":"","src":"https:\/\/i0.wp.com\/www.24baires.com\/wp-content\/uploads\/2020\/04\/kicillof-cafiero-barbijo.jpg?resize=350%2C200","width":350,"height":200,"srcset":"https:\/\/i0.wp.com\/www.24baires.com\/wp-content\/uploads\/2020\/04\/kicillof-cafiero-barbijo.jpg?resize=350%2C200 1x, https:\/\/i0.wp.com\/www.24baires.com\/wp-content\/uploads\/2020\/04\/kicillof-cafiero-barbijo.jpg?resize=525%2C300 1.5x"},"classes":[]},{"id":114781,"url":"https:\/\/www.24baires.com\/?p=114781","url_meta":{"origin":115280,"position":3},"title":"Kicillof adelant\u00f3 un programa de ayuda financiera para municipios","author":"AF","date":"21\/04\/2020","format":false,"excerpt":"Luego de los anuncios del lunes, el Gobernador analiz\u00f3 los casos presentados por los jefes comunales y puso el foco en las arcas municipales. Tras anunciar un endurecimiento de la cuarentena, el gobernador Axel Kicillof y su equipo recibieron este martes a intendentes del oficialismo y de la oposici\u00f3n, para\u2026","rel":"","context":"En \u00abProvincia\u00bb","block_context":{"text":"Provincia","link":"https:\/\/www.24baires.com\/?cat=40"},"img":{"alt_text":"","src":"https:\/\/i0.wp.com\/www.24baires.com\/wp-content\/uploads\/2020\/04\/kicillof-intendentes-barbijo.jpg?resize=350%2C200","width":350,"height":200,"srcset":"https:\/\/i0.wp.com\/www.24baires.com\/wp-content\/uploads\/2020\/04\/kicillof-intendentes-barbijo.jpg?resize=350%2C200 1x, https:\/\/i0.wp.com\/www.24baires.com\/wp-content\/uploads\/2020\/04\/kicillof-intendentes-barbijo.jpg?resize=525%2C300 1.5x"},"classes":[]},{"id":115245,"url":"https:\/\/www.24baires.com\/?p=115245","url_meta":{"origin":115280,"position":4},"title":"Casi la mitad de los distritos bonaerense entrar\u00e1n en la nueva fase de la cuarentena","author":"GB","date":"05\/06\/2020","format":false,"excerpt":"Aquellos municipios que no tengan circulaci\u00f3n comunitaria y hayan pasado 21 d\u00edas sin nuevos casos podr\u00e1n habilitar todas las actividades, siempre cumpliendo protocolos de seguridad sanitaria. El gobernador Ael Kicillof anunci\u00f3 que se impementar\u00e1 en la provinica un sistema de \"fases\" para determinar en que distritos por fuera de la\u2026","rel":"","context":"En \u00abProvincia\u00bb","block_context":{"text":"Provincia","link":"https:\/\/www.24baires.com\/?cat=40"},"img":{"alt_text":"","src":"https:\/\/i0.wp.com\/www.24baires.com\/wp-content\/uploads\/2020\/06\/controles.jpg?resize=350%2C200","width":350,"height":200,"srcset":"https:\/\/i0.wp.com\/www.24baires.com\/wp-content\/uploads\/2020\/06\/controles.jpg?resize=350%2C200 1x, https:\/\/i0.wp.com\/www.24baires.com\/wp-content\/uploads\/2020\/06\/controles.jpg?resize=525%2C300 1.5x"},"classes":[]},{"id":114552,"url":"https:\/\/www.24baires.com\/?p=114552","url_meta":{"origin":115280,"position":5},"title":"Kicillof visit\u00f3 tres distritos del conurbano para dar respuesta a la pandemia","author":"AF","date":"30\/03\/2020","format":false,"excerpt":"Acompa\u00f1ado por Sergio Berni, el gobernador bonaerense visit\u00f3 los comit\u00e9s de emergencia de Almirante Brown, Lomas de Zamora y Esteban Echeverr\u00eda. El gobernador bonaerense, Axel Kicillof, desembarc\u00f3 este lunes en el Conurbano, con visitas a los comit\u00e9s de emergencia de Almirante Brown, Lomas de Zamora y Esteban Echeverr\u00eda, desde donde\u2026","rel":"","context":"En \u00abProvincia\u00bb","block_context":{"text":"Provincia","link":"https:\/\/www.24baires.com\/?cat=40"},"img":{"alt_text":"","src":"https:\/\/i0.wp.com\/www.24baires.com\/wp-content\/uploads\/2020\/03\/kicillofff.jpg?resize=350%2C200","width":350,"height":200,"srcset":"https:\/\/i0.wp.com\/www.24baires.com\/wp-content\/uploads\/2020\/03\/kicillofff.jpg?resize=350%2C200 1x, https:\/\/i0.wp.com\/www.24baires.com\/wp-content\/uploads\/2020\/03\/kicillofff.jpg?resize=525%2C300 1.5x"},"classes":[]}],"jetpack_sharing_enabled":true,"jetpack_likes_enabled":true,"jetpack_featured_media_url":"","_links":{"self":[{"href":"https:\/\/www.24baires.com\/index.php?rest_route=\/wp\/v2\/posts\/115280","targetHints":{"allow":["GET"]}}],"collection":[{"href":"https:\/\/www.24baires.com\/index.php?rest_route=\/wp\/v2\/posts"}],"about":[{"href":"https:\/\/www.24baires.com\/index.php?rest_route=\/wp\/v2\/types\/post"}],"author":[{"embeddable":true,"href":"https:\/\/www.24baires.com\/index.php?rest_route=\/wp\/v2\/users\/8"}],"replies":[{"embeddable":true,"href":"https:\/\/www.24baires.com\/index.php?rest_route=%2Fwp%2Fv2%2Fcomments&post=115280"}],"version-history":[{"count":1,"href":"https:\/\/www.24baires.com\/index.php?rest_route=\/wp\/v2\/posts\/115280\/revisions"}],"predecessor-version":[{"id":115282,"href":"https:\/\/www.24baires.com\/index.php?rest_route=\/wp\/v2\/posts\/115280\/revisions\/115282"}],"wp:attachment":[{"href":"https:\/\/www.24baires.com\/index.php?rest_route=%2Fwp%2Fv2%2Fmedia&parent=115280"}],"wp:term":[{"taxonomy":"category","embeddable":true,"href":"https:\/\/www.24baires.com\/index.php?rest_route=%2Fwp%2Fv2%2Fcategories&post=115280"},{"taxonomy":"post_tag","embeddable":true,"href":"https:\/\/www.24baires.com\/index.php?rest_route=%2Fwp%2Fv2%2Ftags&post=115280"}],"curies":[{"name":"wp","href":"https:\/\/api.w.org\/{rel}","templated":true}]}}