{"id":11524,"date":"2013-01-08T20:59:36","date_gmt":"2013-01-08T23:59:36","guid":{"rendered":"http:\/\/www.24baires.com\/?p=11524"},"modified":"2013-01-09T12:25:09","modified_gmt":"2013-01-09T15:25:09","slug":"la-fragata-libertad-ya-esta-a-nueve-kilometros-de-mar-del-plata","status":"publish","type":"post","link":"https:\/\/www.24baires.com\/?p=11524","title":{"rendered":"La Fragata Libertad ya est\u00e1 a nueve kil\u00f3metros de Mar del Plata"},"content":{"rendered":"<p style=\"text-align: center;\"><a href=\"http:\/\/www.24baires.com\/sociedad\/10813-la-fragata-libertad-cada-vez-mas-cerca-de-mar-del-plata\/attachment\/fragata-libertad-2\/\" rel=\"attachment wp-att-10814\"><img data-recalc-dims=\"1\" loading=\"lazy\" decoding=\"async\" class=\"aligncenter  wp-image-10814\" alt=\"fragata libertad\" src=\"https:\/\/i0.wp.com\/www.24baires.com\/wp-content\/uploads\/2012\/12\/fragata-libertad.jpg?resize=560%2C370\" width=\"560\" height=\"370\" \/><\/a><\/p>\n<p>El corresponsal naval de la Armada, Oscar Filippi, adelant\u00f3 que la Fragata Libertad ya \u201cse encuentra frente a la ciudad de Mar del Plata, a unos 9 kil\u00f3metros de la costa\u201d.<!--more--><br \/>\nFilippi, quien cumple destino en el Area Naval Atl\u00e1ntica, Base Naval Mar del Plata, asegur\u00f3 que \u00abya se est\u00e1 diagramando todo para el arribo de la Fragata Libertad ma\u00f1ana por la tarde\u00bb.<\/p>\n<p>El corresponsal indic\u00f3 que la Fragata \u00abdebe haber llegado a esa posici\u00f3n cerca de las 9\u00bb y aclar\u00f3 que a\u00fan no se la puede divisar desde la costa.<\/p>\n<p>En cuanto a los trabajos que est\u00e1n haciendo para recibir al buque escuela, Filippi dijo que \u201cse acondicion\u00f3 el predio que est\u00e1 frente al muelle oeste y se est\u00e1 haciendo toda la organizaci\u00f3n que tiene que ver con el ingreso de la Fragata\u201d.<\/p>\n<p>Aclar\u00f3 que la Armada est\u00e1 a cargo de \u00abla actividad n\u00e1utica para escoltarla hasta su ingreso a puerto\u201d.<\/p>\n<p>Sobre el acceso para el p\u00fablico en general, Filippi precis\u00f3 que \u201cel ingreso estar\u00e1 en el port\u00f3n pegado al Instituto Nacional de Investigaci\u00f3n y Desarrollo Pesquero (ubicado en Paseo Victoria Ocampo 1, Escollera Norte) y el vallado finaliza donde est\u00e1 la capillita Stella Maris, hacia el norte\u201d.<\/p>\n<p>&nbsp;<\/p>\n<p>&nbsp;<\/p>\n<p>&nbsp;<\/p>\n<p>&nbsp;<\/p>\n<p>&nbsp;<\/p>\n<p>&nbsp;<\/p>\n<p>&nbsp;<\/p>\n<p>&nbsp;<\/p>\n<p>&nbsp;<\/p>\n<p>&nbsp;<\/p>\n<p>&nbsp;<\/p>\n<p>&nbsp;<\/p>\n<p>&nbsp;<\/p>\n<p>&nbsp;<\/p>\n<p>&nbsp;<\/p>\n<p>&nbsp;<\/p>\n<p>&nbsp;<\/p>\n<p>&nbsp;<\/p>\n<p>&nbsp;<\/p>\n<p>&nbsp;<\/p>\n<p>&nbsp;<\/p>\n<p>&nbsp;<\/p>\n<p>&nbsp;<\/p>\n<p>&nbsp;<\/p>\n<p>&nbsp;<\/p>\n<p>&nbsp;<\/p>\n<p>&nbsp;<\/p>\n<p>&nbsp;<\/p>\n","protected":false},"excerpt":{"rendered":"<p>El corresponsal naval de la Armada, Oscar Filippi, adelant\u00f3 que la Fragata Libertad ya \u201cse encuentra frente a la ciudad de Mar del Plata, a unos 9 kil\u00f3metros de la costa\u201d.<\/p>\n","protected":false},"author":4,"featured_media":0,"comment_status":"open","ping_status":"open","sticky":false,"template":"","format":"standard","meta":{"_jetpack_newsletter_access":"","_jetpack_dont_email_post_to_subs":false,"_jetpack_newsletter_tier_id":0,"_jetpack_memberships_contains_paywalled_content":false,"_jetpack_memberships_contains_paid_content":false,"footnotes":""},"categories":[1],"tags":[],"class_list":["post-11524","post","type-post","status-publish","format-standard","hentry","category-sociedad"],"jetpack_featured_media_url":"","jetpack_shortlink":"https:\/\/wp.me\/p2JWE0-2ZS","jetpack-related-posts":[{"id":11628,"url":"https:\/\/www.24baires.com\/?p=11628","url_meta":{"origin":11524,"position":0},"title":"Ya est\u00e1 todo listo para recibir a la Fragata Libertad","author":"AF","date":"09\/01\/2013","format":false,"excerpt":"Con sol a pleno y un mar que se presenta como un espejo de agua, la ciudad ya est\u00e1 lista para la gran recepci\u00f3n de la Fragata Libertad, que est\u00e1 aguardando anclada a 9 kil\u00f3metros de la costa. Desde Prefectura y el Consorcio Portuario Regional manifestaron que el puerto de\u2026","rel":"","context":"En \u00abSociedad\u00bb","block_context":{"text":"Sociedad","link":"https:\/\/www.24baires.com\/?cat=1"},"img":{"alt_text":"fragata-libertad_4","src":"https:\/\/i0.wp.com\/www.24baires.com\/wp-content\/uploads\/2012\/12\/fragata-libertad_4.jpg?resize=350%2C200","width":350,"height":200,"srcset":"https:\/\/i0.wp.com\/www.24baires.com\/wp-content\/uploads\/2012\/12\/fragata-libertad_4.jpg?resize=350%2C200 1x, https:\/\/i0.wp.com\/www.24baires.com\/wp-content\/uploads\/2012\/12\/fragata-libertad_4.jpg?resize=525%2C300 1.5x"},"classes":[]},{"id":11362,"url":"https:\/\/www.24baires.com\/?p=11362","url_meta":{"origin":11524,"position":1},"title":"Llegada de la Fragata: la Presidenta encabezar\u00e1 el acto de recibimiento","author":"AF","date":"06\/01\/2013","format":false,"excerpt":"MAR DEL PLATA - Cristina Fern\u00e1ndez de Kirchner encabezar\u00e1 el mi\u00e9rcoles 9 el acto de recibimiento a la Fragata ARA Libertad que arribar\u00e1 al puerto de Mar del Plata procedente de Ghana. Los detalles de c\u00f3mo ser\u00e1 la recepci\u00f3n de la embarcaci\u00f3n insignia de la armada argentina se terminar\u00e1n de\u2026","rel":"","context":"En \u00abSociedad\u00bb","block_context":{"text":"Sociedad","link":"https:\/\/www.24baires.com\/?cat=1"},"img":{"alt_text":"c fern\u00e1ndez","src":"https:\/\/i0.wp.com\/www.24baires.com\/wp-content\/uploads\/2012\/12\/c-fern%C3%A1ndez.jpg?resize=350%2C200","width":350,"height":200},"classes":[]},{"id":59625,"url":"https:\/\/www.24baires.com\/?p=59625","url_meta":{"origin":11524,"position":2},"title":"Llega este mi\u00e9rcoles a Mar del Plata la Fragata Libertad","author":"AF","date":"06\/01\/2015","format":false,"excerpt":"La Fragata Libertad, la embarcaci\u00f3n emblema de la Armada Argentina, llegar\u00e1 ma\u00f1ana a la Base Naval marplatense para poder ser visitada por los turistas que se encuentran de vacaciones en la ciudad. Fuentes de la Armada anunciaron que arribar\u00e1 a la ciudad a las 9 y que podr\u00e1 ser visitada\u2026","rel":"","context":"En \u00abSociedad\u00bb","block_context":{"text":"Sociedad","link":"https:\/\/www.24baires.com\/?cat=1"},"img":{"alt_text":"fragata-libertad_4","src":"https:\/\/i0.wp.com\/www.24baires.com\/wp-content\/uploads\/2012\/12\/fragata-libertad_4.jpg?resize=350%2C200","width":350,"height":200,"srcset":"https:\/\/i0.wp.com\/www.24baires.com\/wp-content\/uploads\/2012\/12\/fragata-libertad_4.jpg?resize=350%2C200 1x, https:\/\/i0.wp.com\/www.24baires.com\/wp-content\/uploads\/2012\/12\/fragata-libertad_4.jpg?resize=525%2C300 1.5x"},"classes":[]},{"id":11679,"url":"https:\/\/www.24baires.com\/?p=11679","url_meta":{"origin":11524,"position":3},"title":"200 mil personas en el acto y cerca de 500 mil en los alrededores","author":"Grupo Sierra","date":"09\/01\/2013","format":false,"excerpt":"Una multitud se congreg\u00f3 frente a la base naval de Mar del Plata para participar del acto del recibimiento de la Fragata Libertad encabezado por la presidenta Cristina Fern\u00e1ndez de Kirchner. En tanto, en los alrededores, unas 500 mil personas siguieron el arribo de la Fragata durante su trayectoria hacia\u2026","rel":"","context":"En \u00abPol\u00edtica\u00bb","block_context":{"text":"Pol\u00edtica","link":"https:\/\/www.24baires.com\/?cat=51"},"img":{"alt_text":"","src":"","width":0,"height":0},"classes":[]},{"id":10949,"url":"https:\/\/www.24baires.com\/?p=10949","url_meta":{"origin":11524,"position":4},"title":"La Fragata Libertad se acerca a Mar del Plata y comienzan los preparativos para recibirla","author":"AF","date":"02\/01\/2013","format":false,"excerpt":"El buque, que regresa a la Argentina luego de estar retenida en Ghana por un presentaci\u00f3n judicial del fondos buitre, navega a una velocidad de ocho nudos y pasar\u00e1 este mi\u00e9rcoles por la ciudad brasile\u00f1a de R\u00edo de Janeiro. Seg\u00fan inform\u00f3 el Ministerio de Defensa, la Fragata ARA Libertad navega\u2026","rel":"","context":"En \u00abSociedad\u00bb","block_context":{"text":"Sociedad","link":"https:\/\/www.24baires.com\/?cat=1"},"img":{"alt_text":"fragata libertad","src":"https:\/\/i0.wp.com\/www.24baires.com\/wp-content\/uploads\/2012\/12\/fragata-libertad.jpg?resize=350%2C200","width":350,"height":200},"classes":[]},{"id":11455,"url":"https:\/\/www.24baires.com\/?p=11455","url_meta":{"origin":11524,"position":5},"title":"Ya navega en aguas argentinas la Fragata Libertad","author":"Grupo Sierra","date":"07\/01\/2013","format":false,"excerpt":"La cartera de Defensa, que encabeza Arturo Puricelli, precis\u00f3 que la Fragata Libertad a las 03.32 de la madrugada de hoy cruz\u00f3 el l\u00edmite lateral mar\u00edtimo e ingres\u00f3 en aguas de jurisdicci\u00f3n argentina. Reiter\u00f3 que se espera su arribo a la Base Naval Mar del Plata el mi\u00e9rcoles a la\u2026","rel":"","context":"En \u00abSociedad\u00bb","block_context":{"text":"Sociedad","link":"https:\/\/www.24baires.com\/?cat=1"},"img":{"alt_text":"fragata libertad","src":"https:\/\/i0.wp.com\/www.24baires.com\/wp-content\/uploads\/2012\/12\/fragata-libertad.jpg?resize=350%2C200","width":350,"height":200,"srcset":"https:\/\/i0.wp.com\/www.24baires.com\/wp-content\/uploads\/2012\/12\/fragata-libertad.jpg?resize=350%2C200 1x, https:\/\/i0.wp.com\/www.24baires.com\/wp-content\/uploads\/2012\/12\/fragata-libertad.jpg?resize=525%2C300 1.5x"},"classes":[]}],"jetpack_sharing_enabled":true,"jetpack_likes_enabled":true,"_links":{"self":[{"href":"https:\/\/www.24baires.com\/index.php?rest_route=\/wp\/v2\/posts\/11524","targetHints":{"allow":["GET"]}}],"collection":[{"href":"https:\/\/www.24baires.com\/index.php?rest_route=\/wp\/v2\/posts"}],"about":[{"href":"https:\/\/www.24baires.com\/index.php?rest_route=\/wp\/v2\/types\/post"}],"author":[{"embeddable":true,"href":"https:\/\/www.24baires.com\/index.php?rest_route=\/wp\/v2\/users\/4"}],"replies":[{"embeddable":true,"href":"https:\/\/www.24baires.com\/index.php?rest_route=%2Fwp%2Fv2%2Fcomments&post=11524"}],"version-history":[{"count":3,"href":"https:\/\/www.24baires.com\/index.php?rest_route=\/wp\/v2\/posts\/11524\/revisions"}],"predecessor-version":[{"id":11526,"href":"https:\/\/www.24baires.com\/index.php?rest_route=\/wp\/v2\/posts\/11524\/revisions\/11526"}],"wp:attachment":[{"href":"https:\/\/www.24baires.com\/index.php?rest_route=%2Fwp%2Fv2%2Fmedia&parent=11524"}],"wp:term":[{"taxonomy":"category","embeddable":true,"href":"https:\/\/www.24baires.com\/index.php?rest_route=%2Fwp%2Fv2%2Fcategories&post=11524"},{"taxonomy":"post_tag","embeddable":true,"href":"https:\/\/www.24baires.com\/index.php?rest_route=%2Fwp%2Fv2%2Ftags&post=11524"}],"curies":[{"name":"wp","href":"https:\/\/api.w.org\/{rel}","templated":true}]}}