{"id":115230,"date":"2020-06-03T18:26:03","date_gmt":"2020-06-03T21:26:03","guid":{"rendered":"http:\/\/www.24baires.com\/?p=115230"},"modified":"2020-06-03T20:27:41","modified_gmt":"2020-06-03T23:27:41","slug":"fmi-respalda-a-argentina-nadie-se-beneficia-de-un-pais-que-cae-al-precipio-de-la-deuda","status":"publish","type":"post","link":"https:\/\/www.24baires.com\/?p=115230","title":{"rendered":"FMI respalda a Argentina: \u00abNadie se beneficia de un pa\u00eds que cae al precipio de la deuda\u00bb"},"content":{"rendered":"<p><img data-recalc-dims=\"1\" loading=\"lazy\" decoding=\"async\" src=\"https:\/\/i0.wp.com\/www.24baires.com\/wp-content\/uploads\/2016\/04\/fmi.jpg?resize=560%2C362\" alt=\"\" width=\"560\" height=\"362\" class=\"aligncenter size-full wp-image-81554\" srcset=\"https:\/\/i0.wp.com\/www.24baires.com\/wp-content\/uploads\/2016\/04\/fmi.jpg?w=560&amp;ssl=1 560w, https:\/\/i0.wp.com\/www.24baires.com\/wp-content\/uploads\/2016\/04\/fmi.jpg?resize=300%2C194&amp;ssl=1 300w\" sizes=\"auto, (max-width: 560px) 100vw, 560px\" \/>La titular del FMI advirti\u00f3 a los acreedores que se arriesgan a no recuperar su dinero y advirti\u00f3 que \u00aben ocasiones es necesario realizar una reestructuraci\u00f3n reflexiva\u00bb.<!--more--><\/p>\n<p>La directora Gerente del Fondo Monetario Internacional (FMI), Kristalina Georgieva, volvi\u00f3 a manifestar este mi\u00e9rcoles su respaldo al proceso de reestructuraci\u00f3n que lleva adelante la Argentina, al sostener que \u00abnadie se beneficia de un pa\u00eds que cae del precipicio de la deuda\u00bb y afirmar que el objetivo es que alcance un entendimiento de \u00abmanera que pueda pagarla\u00bb.<\/p>\n<p>\u00abEl objetivo es reestructurar la deuda de una manera que Argentina pueda pagarla. Nadie se beneficia de un pa\u00eds que cae al precipicio de la deuda. El pa\u00eds quedar\u00eda excluido de los mercados, el crecimiento sufrir\u00eda, la gente sufrir\u00eda y los acreedores no recuperar\u00edan su dinero. En ocasiones, es necesario realizar una reestructuraci\u00f3n reflexiva\u00bb, sostuvo la titular del FMI durante un encuentro organizado por The Washington Post.<\/p>\n<p>Esta declaraci\u00f3n se suma al comunicado que public\u00f3 el organismo el lunes pasado, donde afirm\u00f3 que la \u00faltima oferta presentada a los bonistas por el ministro de Econom\u00eda, Mart\u00edn Guzm\u00e1n, est\u00e1 dentro de un marco de sustentabilidad y que \u00abexiste s\u00f3lo un margen limitado para incrementar pagos a los acreedores privados\u00bb.<\/p>\n<p>El Gobierno logr\u00f3 un amplio respaldo de la comunidad acad\u00e9mica y de los organismos multilaterales de cr\u00e9dito a favor de su propuesta de reestructuraci\u00f3n de la deuda. La \u00faltima reformulaci\u00f3n contempla que los bonistas recuperen cerca de 45 d\u00f3lares por cada l\u00e1mina de 100 (calculando una tasa de descuento de 10%).<\/p>\n<p>Los acreedores tambi\u00e9n redujeron sus demandas y formularon propuestas del orden de los 53 d\u00f3lares. Si bien todav\u00eda queda un camino por recorrer, seg\u00fan coment\u00f3 el ministro Guzm\u00e1n, la expectativa de los mercados es que finalmente se logre un acuerdo.<\/p>\n<p>Las \u00faltimas versiones, en este sentido, dan cuenta que se est\u00e1 trabajando en instrumentos atados a la variaci\u00f3n del producto bruto interno (cl\u00e1usulas semejantes a las ofrecidas en el canje de 2005) para hacer m\u00e1s atractiva la oferta argentina, pero sin poner el riesgo la sustentabilidad de la deuda en el tiempo.<\/p>\n","protected":false},"excerpt":{"rendered":"<p>La titular del FMI advirti\u00f3 a los acreedores que se arriesgan a no recuperar su dinero y advirti\u00f3 que \u00aben ocasiones es necesario realizar una reestructuraci\u00f3n reflexiva\u00bb.<\/p>\n","protected":false},"author":4,"featured_media":0,"comment_status":"open","ping_status":"open","sticky":false,"template":"","format":"standard","meta":{"_jetpack_newsletter_access":"","_jetpack_dont_email_post_to_subs":false,"_jetpack_newsletter_tier_id":0,"_jetpack_memberships_contains_paywalled_content":false,"_jetpack_memberships_contains_paid_content":false,"footnotes":""},"categories":[45],"tags":[],"class_list":["post-115230","post","type-post","status-publish","format-standard","hentry","category-economia"],"jetpack_featured_media_url":"","jetpack_shortlink":"https:\/\/wp.me\/p2JWE0-tYy","jetpack-related-posts":[{"id":118112,"url":"https:\/\/www.24baires.com\/?p=118112","url_meta":{"origin":115230,"position":0},"title":"Guzm\u00e1n: \u00abLas cargas de deuda impiden la recuperaci\u00f3n y crean una din\u00e1mica desestabilizadora\u00bb","author":"AF","date":"06\/10\/2021","format":false,"excerpt":"El ministro de Econom\u00eda particip\u00f3 de la XV Conferencia de las Naciones Unidas sobre Comercio y Desarrollo (Unctad) y habl\u00f3 sobre la reestructuraci\u00f3n llevada adelante por Argentina el a\u00f1o pasado. \"Hacen falta reformas en la arquitectura financiera internacional\", expres\u00f3. El ministro de Econom\u00eda, Mart\u00edn Guzm\u00e1n, advirti\u00f3 este mi\u00e9rcoles que \"las\u2026","rel":"","context":"En \u00abEconom\u00eda\u00bb","block_context":{"text":"Econom\u00eda","link":"https:\/\/www.24baires.com\/?cat=45"},"img":{"alt_text":"","src":"https:\/\/i0.wp.com\/www.24baires.com\/wp-content\/uploads\/2020\/05\/guzman-1.jpg?resize=350%2C200","width":350,"height":200,"srcset":"https:\/\/i0.wp.com\/www.24baires.com\/wp-content\/uploads\/2020\/05\/guzman-1.jpg?resize=350%2C200 1x, https:\/\/i0.wp.com\/www.24baires.com\/wp-content\/uploads\/2020\/05\/guzman-1.jpg?resize=525%2C300 1.5x"},"classes":[]},{"id":118417,"url":"https:\/\/www.24baires.com\/?p=118417","url_meta":{"origin":115230,"position":1},"title":"Fern\u00e1ndez: \u00abAjustar la econom\u00eda es dejar de crecer\u00bb","author":"AF","date":"05\/01\/2022","format":false,"excerpt":"El Presidente encabez\u00f3 una reuni\u00f3n con gobernadores en el Museo del Bicentenario de Casa de Gobierno, donde el ministro Mart\u00edn Guzm\u00e1n les inform\u00f3 sobre las negociaciones. El presidente Alberto Fern\u00e1ndez advirti\u00f3 que \"ajustar la econom\u00eda es dejar de crecer\" y que para el Gobierno argentino \"la palabra ajuste est\u00e1 desterrada\u2026","rel":"","context":"En \u00abPol\u00edtica\u00bb","block_context":{"text":"Pol\u00edtica","link":"https:\/\/www.24baires.com\/?cat=51"},"img":{"alt_text":"","src":"https:\/\/i0.wp.com\/www.24baires.com\/wp-content\/uploads\/2020\/08\/alberto-fern%C3%A1ndez.jpg?resize=350%2C200","width":350,"height":200,"srcset":"https:\/\/i0.wp.com\/www.24baires.com\/wp-content\/uploads\/2020\/08\/alberto-fern%C3%A1ndez.jpg?resize=350%2C200 1x, https:\/\/i0.wp.com\/www.24baires.com\/wp-content\/uploads\/2020\/08\/alberto-fern%C3%A1ndez.jpg?resize=525%2C300 1.5x"},"classes":[]},{"id":112255,"url":"https:\/\/www.24baires.com\/?p=112255","url_meta":{"origin":115230,"position":2},"title":"\u00abLa deuda se deber\u00e1 afrontar de manera seria y sensata\u00bb","author":"AF","date":"26\/09\/2019","format":false,"excerpt":"Durante su sexta visita a C\u00f3rdoba desde que fue ungido candidato del Frente de Todos, el ex jefe de Gabinete afirm\u00f3 esta tarde que el objetivo del pacto que impulsa con distintos sectores es \"ordenar a la Argentina\". \"Ordenar a la Argentina es la condici\u00f3n central de ese acuerdo\", subray\u00f3\u2026","rel":"","context":"En \u00abPol\u00edtica\u00bb","block_context":{"text":"Pol\u00edtica","link":"https:\/\/www.24baires.com\/?cat=51"},"img":{"alt_text":"","src":"https:\/\/i0.wp.com\/www.24baires.com\/wp-content\/uploads\/2019\/08\/albertoo.jpg?resize=350%2C200","width":350,"height":200,"srcset":"https:\/\/i0.wp.com\/www.24baires.com\/wp-content\/uploads\/2019\/08\/albertoo.jpg?resize=350%2C200 1x, https:\/\/i0.wp.com\/www.24baires.com\/wp-content\/uploads\/2019\/08\/albertoo.jpg?resize=525%2C300 1.5x"},"classes":[]},{"id":115435,"url":"https:\/\/www.24baires.com\/?p=115435","url_meta":{"origin":115230,"position":3},"title":"\u00abEsperamos ser capaces de alcanzar un mejor entendimiento con los acreedores\u00bb","author":"AF","date":"23\/06\/2020","format":false,"excerpt":"As\u00ed lo indic\u00f3 el ministro de Econom\u00eda, durante su exposici\u00f3n en un encuentro virtual al que asistieron empresarios de la American Society, organizado por el Council of Americas. El ministro de Econom\u00eda, Martin Guzm\u00e1n, se mostr\u00f3 esperanzado en \u201ccontinuar con las negociaciones de la deuda extranjera, con un proceso constructivo,\u2026","rel":"","context":"En \u00abEconom\u00eda\u00bb","block_context":{"text":"Econom\u00eda","link":"https:\/\/www.24baires.com\/?cat=45"},"img":{"alt_text":"","src":"https:\/\/i0.wp.com\/www.24baires.com\/wp-content\/uploads\/2020\/05\/guzman-1.jpg?resize=350%2C200","width":350,"height":200,"srcset":"https:\/\/i0.wp.com\/www.24baires.com\/wp-content\/uploads\/2020\/05\/guzman-1.jpg?resize=350%2C200 1x, https:\/\/i0.wp.com\/www.24baires.com\/wp-content\/uploads\/2020\/05\/guzman-1.jpg?resize=525%2C300 1.5x"},"classes":[]},{"id":113357,"url":"https:\/\/www.24baires.com\/?p=113357","url_meta":{"origin":115230,"position":4},"title":"Guzm\u00e1n anticip\u00f3 el reperfilamiento de la deuda","author":"AF","date":"11\/12\/2019","format":false,"excerpt":"El funcionario fue contundente al remarcar que el programa econ\u00f3mico ser\u00e1 el del Gobierno y no el del FMI. En su primera conferencia de prensa como ministro de Econom\u00eda, Mart\u00edn Guzm\u00e1n anticip\u00f3 que se reunir\u00e1n con acreedores para dise\u00f1ar un programa de reestructuraci\u00f3n de pagos. Adem\u00e1s, sostuvo que el FMI\u2026","rel":"","context":"En \u00abPol\u00edtica\u00bb","block_context":{"text":"Pol\u00edtica","link":"https:\/\/www.24baires.com\/?cat=51"},"img":{"alt_text":"","src":"https:\/\/i0.wp.com\/www.24baires.com\/wp-content\/uploads\/2019\/08\/fmi.jpg?resize=350%2C200","width":350,"height":200,"srcset":"https:\/\/i0.wp.com\/www.24baires.com\/wp-content\/uploads\/2019\/08\/fmi.jpg?resize=350%2C200 1x, https:\/\/i0.wp.com\/www.24baires.com\/wp-content\/uploads\/2019\/08\/fmi.jpg?resize=525%2C300 1.5x"},"classes":[]},{"id":111869,"url":"https:\/\/www.24baires.com\/?p=111869","url_meta":{"origin":115230,"position":5},"title":"Alberto Fern\u00e1ndez: \u00abLa Argentina est\u00e1 en un default virtual\u00bb","author":"AF","date":"30\/08\/2019","format":false,"excerpt":"El candidato a presidente del Frente de Todos responsabiliz\u00f3 de la situaci\u00f3n no solo a la actual administraci\u00f3n de Mauricio Macri sino tambi\u00e9n al FMI, que le concedi\u00f3 el mayor cr\u00e9dito de su historia a \"un gastador compulsivo\". Alberto Fern\u00e1ndez consider\u00f3 hoy que la Argentina \"est\u00e1 en un default virtual\"\u2026","rel":"","context":"En \u00abPol\u00edtica\u00bb","block_context":{"text":"Pol\u00edtica","link":"https:\/\/www.24baires.com\/?cat=51"},"img":{"alt_text":"","src":"https:\/\/i0.wp.com\/www.24baires.com\/wp-content\/uploads\/2019\/07\/fern%C3%A1ndezz.jpg?resize=350%2C200","width":350,"height":200,"srcset":"https:\/\/i0.wp.com\/www.24baires.com\/wp-content\/uploads\/2019\/07\/fern%C3%A1ndezz.jpg?resize=350%2C200 1x, https:\/\/i0.wp.com\/www.24baires.com\/wp-content\/uploads\/2019\/07\/fern%C3%A1ndezz.jpg?resize=525%2C300 1.5x"},"classes":[]}],"jetpack_sharing_enabled":true,"jetpack_likes_enabled":true,"_links":{"self":[{"href":"https:\/\/www.24baires.com\/index.php?rest_route=\/wp\/v2\/posts\/115230","targetHints":{"allow":["GET"]}}],"collection":[{"href":"https:\/\/www.24baires.com\/index.php?rest_route=\/wp\/v2\/posts"}],"about":[{"href":"https:\/\/www.24baires.com\/index.php?rest_route=\/wp\/v2\/types\/post"}],"author":[{"embeddable":true,"href":"https:\/\/www.24baires.com\/index.php?rest_route=\/wp\/v2\/users\/4"}],"replies":[{"embeddable":true,"href":"https:\/\/www.24baires.com\/index.php?rest_route=%2Fwp%2Fv2%2Fcomments&post=115230"}],"version-history":[{"count":1,"href":"https:\/\/www.24baires.com\/index.php?rest_route=\/wp\/v2\/posts\/115230\/revisions"}],"predecessor-version":[{"id":115231,"href":"https:\/\/www.24baires.com\/index.php?rest_route=\/wp\/v2\/posts\/115230\/revisions\/115231"}],"wp:attachment":[{"href":"https:\/\/www.24baires.com\/index.php?rest_route=%2Fwp%2Fv2%2Fmedia&parent=115230"}],"wp:term":[{"taxonomy":"category","embeddable":true,"href":"https:\/\/www.24baires.com\/index.php?rest_route=%2Fwp%2Fv2%2Fcategories&post=115230"},{"taxonomy":"post_tag","embeddable":true,"href":"https:\/\/www.24baires.com\/index.php?rest_route=%2Fwp%2Fv2%2Ftags&post=115230"}],"curies":[{"name":"wp","href":"https:\/\/api.w.org\/{rel}","templated":true}]}}