{"id":115220,"date":"2020-06-03T11:21:20","date_gmt":"2020-06-03T14:21:20","guid":{"rendered":"http:\/\/www.24baires.com\/?p=115220"},"modified":"2020-06-03T10:24:39","modified_gmt":"2020-06-03T13:24:39","slug":"autorizan-la-reapertura-de-mas-actividades-industriales-y-comerciales","status":"publish","type":"post","link":"https:\/\/www.24baires.com\/?p=115220","title":{"rendered":"Autorizan la reapertura de m\u00e1s actividades industriales y comerciales"},"content":{"rendered":"<p><img data-recalc-dims=\"1\" loading=\"lazy\" decoding=\"async\" src=\"https:\/\/i0.wp.com\/www.24baires.com\/wp-content\/uploads\/2018\/05\/industriales.jpg?resize=560%2C373\" alt=\"\" width=\"560\" height=\"373\" class=\"aligncenter size-full wp-image-102252\" srcset=\"https:\/\/i0.wp.com\/www.24baires.com\/wp-content\/uploads\/2018\/05\/industriales.jpg?w=560&amp;ssl=1 560w, https:\/\/i0.wp.com\/www.24baires.com\/wp-content\/uploads\/2018\/05\/industriales.jpg?resize=300%2C200&amp;ssl=1 300w\" sizes=\"auto, (max-width: 560px) 100vw, 560px\" \/>Se trata de los partidos de Almirante Brown, Avellaneda, Berazategui, Ca\u00f1uelas, Exaltaci\u00f3n de la Cruz, Ezeiza, General Rodr\u00edguez, Pilar y Tigre.<!--more--><\/p>\n<p>El Gobierno nacional oficializ\u00f3 este mi\u00e9rcoles nuevas excepciones al aislamiento social, preventivo y obligatorio por la pandemia del coronavirus, y autoriz\u00f3 diversas actividades y rubros en nueve distritos del conurbano bonaerense.<\/p>\n<p>A trav\u00e9s de la decisi\u00f3n administrativas 965\/2020 publicada en el Bolet\u00edn Oficial y firmada por el jefe de Gabinete, Santiago Cafiero, fueron habilitadas una serie de actividades en los partidos de Almirante Brown, Avellaneda, Berazategui, Ca\u00f1uelas, Exaltaci\u00f3n de la Cruz, Ezeiza, General Rodr\u00edguez, Pilar y Tigre.<\/p>\n<p>Tal cual sucede en estos casos, el Gobierno se\u00f1al\u00f3 que \u201cse deber\u00e1 garantizar la organizaci\u00f3n de turnos, si correspondiere y los modos de trabajo y de traslado que garanticen las medidas de distanciamiento e higiene necesarias para disminuir el riesgo de contagio del covid-19\u201d.<\/p>\n<p>Asimismo, indic\u00f3 que \u201clos desplazamientos de las personas alcanzadas por el presente art\u00edculo deber\u00e1n limitarse al estricto cumplimiento de la actividad o industria, exceptuadas por la presente\u201d.<\/p>\n<p>Adem\u00e1s, \u201clas empleadoras y los empleadores deber\u00e1n garantizar las condiciones de higiene, seguridad y traslado establecidas por las respectivas jurisdicciones para preservar la salud de las trabajadoras y de los trabajadores, y que estos lleguen a sus lugares de trabajo sin la utilizaci\u00f3n del servicio p\u00fablico de transporte de pasajeros\u201d.<\/p>\n","protected":false},"excerpt":{"rendered":"<p>Se trata de los partidos de Almirante Brown, Avellaneda, Berazategui, Ca\u00f1uelas, Exaltaci\u00f3n de la Cruz, Ezeiza, General Rodr\u00edguez, Pilar y Tigre.<\/p>\n","protected":false},"author":8,"featured_media":0,"comment_status":"open","ping_status":"open","sticky":false,"template":"","format":"standard","meta":{"_jetpack_newsletter_access":"","_jetpack_dont_email_post_to_subs":false,"_jetpack_newsletter_tier_id":0,"_jetpack_memberships_contains_paywalled_content":false,"_jetpack_memberships_contains_paid_content":false,"footnotes":""},"categories":[40],"tags":[],"class_list":["post-115220","post","type-post","status-publish","format-standard","hentry","category-provincia"],"jetpack_shortlink":"https:\/\/wp.me\/p2JWE0-tYo","jetpack-related-posts":[{"id":115678,"url":"https:\/\/www.24baires.com\/?p=115678","url_meta":{"origin":115220,"position":0},"title":"Comienza una nueva etapa de la cuarentena para los bonaerenses","author":"GB","date":"20\/07\/2020","format":false,"excerpt":"Del total de los 135 municipios que tiene la provincia, 59 est\u00e1n en la fase 5 del aislamiento, con la mayor\u00eda de sus actividades habilitadas, mientras que las 38 ciudades que integran el AMBA y se encuentran en la fase 3 inician hoy una flexibilizaci\u00f3n escalonada. Un total de 59\u2026","rel":"","context":"En \u00abProvincia\u00bb","block_context":{"text":"Provincia","link":"https:\/\/www.24baires.com\/?cat=40"},"img":{"alt_text":"","src":"https:\/\/i0.wp.com\/www.24baires.com\/wp-content\/uploads\/2020\/05\/cuarentena.jpeg?resize=350%2C200","width":350,"height":200,"srcset":"https:\/\/i0.wp.com\/www.24baires.com\/wp-content\/uploads\/2020\/05\/cuarentena.jpeg?resize=350%2C200 1x, https:\/\/i0.wp.com\/www.24baires.com\/wp-content\/uploads\/2020\/05\/cuarentena.jpeg?resize=525%2C300 1.5x"},"classes":[]},{"id":59665,"url":"https:\/\/www.24baires.com\/?p=59665","url_meta":{"origin":115220,"position":1},"title":"Alerta meteorol\u00f3gico en el norte de la Provincia de Buenos Aires","author":"GB","date":"06\/01\/2015","format":false,"excerpt":"Es por tormentas intensas y fuertes r\u00e1fagas de viento. Afecta al norte bonaerense, a la Ciudad Aut\u00f3noma de Buenos Aires, al R\u00edo de La Plata y a Entre R\u00edos. Pronostican ocasional ca\u00edda de granizo y fuerte actividad el\u00e9ctrica. \"Una masa de aire h\u00famedo y muy inestable prevalece en la regi\u00f3n,\u2026","rel":"","context":"En \u00abSociedad\u00bb","block_context":{"text":"Sociedad","link":"https:\/\/www.24baires.com\/?cat=1"},"img":{"alt_text":"","src":"","width":0,"height":0},"classes":[]},{"id":118527,"url":"https:\/\/www.24baires.com\/?p=118527","url_meta":{"origin":115220,"position":2},"title":"\u00abLa noche de las vacunas\u00bb, posta por posta","author":"AF","date":"04\/02\/2022","format":false,"excerpt":"La jornada se desplegar\u00e1 a partir de las 20 horas con el fin de que los ciudadanos y ciudadanas puedan completar sus esquemas de inoculaci\u00f3n y contar\u00e1 con postas distribuidas en todo el territorio bonaerense. El Gobierno de la provincia de Buenos Aires record\u00f3 que este viernes a partir de\u2026","rel":"","context":"En \u00abSociedad\u00bb","block_context":{"text":"Sociedad","link":"https:\/\/www.24baires.com\/?cat=1"},"img":{"alt_text":"","src":"https:\/\/i0.wp.com\/www.24baires.com\/wp-content\/uploads\/2021\/08\/vacunaci%C3%B3n.jpg?resize=350%2C200","width":350,"height":200,"srcset":"https:\/\/i0.wp.com\/www.24baires.com\/wp-content\/uploads\/2021\/08\/vacunaci%C3%B3n.jpg?resize=350%2C200 1x, https:\/\/i0.wp.com\/www.24baires.com\/wp-content\/uploads\/2021\/08\/vacunaci%C3%B3n.jpg?resize=525%2C300 1.5x"},"classes":[]},{"id":115240,"url":"https:\/\/www.24baires.com\/?p=115240","url_meta":{"origin":115220,"position":3},"title":"Kicillof recibi\u00f3 a los intendentes de municipios complicado por el coronavirus","author":"AF","date":"04\/06\/2020","format":false,"excerpt":"Se trata de los jefes comunales de la tercera secci\u00f3n electoral, donde se concentra la mayor cantidad de casos del AMBA. El gobernador, Axel Kicillof, recibi\u00f3 a los intendentes de los distritos donde se concentra la mayor cantidad de casos del AMBA. Se trata de los jefes comunales de la\u2026","rel":"","context":"En \u00abProvincia\u00bb","block_context":{"text":"Provincia","link":"https:\/\/www.24baires.com\/?cat=40"},"img":{"alt_text":"","src":"https:\/\/i0.wp.com\/www.24baires.com\/wp-content\/uploads\/2020\/05\/kicilof.jpg?resize=350%2C200","width":350,"height":200,"srcset":"https:\/\/i0.wp.com\/www.24baires.com\/wp-content\/uploads\/2020\/05\/kicilof.jpg?resize=350%2C200 1x, https:\/\/i0.wp.com\/www.24baires.com\/wp-content\/uploads\/2020\/05\/kicilof.jpg?resize=525%2C300 1.5x"},"classes":[]},{"id":121551,"url":"https:\/\/www.24baires.com\/?p=121551","url_meta":{"origin":115220,"position":4},"title":"Kicillof: \u00abNosotros no podemos salir a dar conferencias, estamos con los intendentes\u00bb","author":"GB","date":"16\/08\/2024","format":false,"excerpt":"El gobernador Axel Kicilof reuni\u00f3 a casi un centenar de alcaldes de todos los colores pol\u00edticos y sell\u00f3 el pago de otra cuota del fondo de fortalecimiento. Una foto de la unidad frente a Milei y una deuda con la Provincia de \"1 mill\u00f3n 800 mil millones de pesos\". El\u2026","rel":"","context":"En \u00abProvincia\u00bb","block_context":{"text":"Provincia","link":"https:\/\/www.24baires.com\/?cat=40"},"img":{"alt_text":"","src":"https:\/\/i0.wp.com\/www.24baires.com\/wp-content\/uploads\/2023\/10\/kicillof.webp?resize=350%2C200","width":350,"height":200,"srcset":"https:\/\/i0.wp.com\/www.24baires.com\/wp-content\/uploads\/2023\/10\/kicillof.webp?resize=350%2C200 1x, https:\/\/i0.wp.com\/www.24baires.com\/wp-content\/uploads\/2023\/10\/kicillof.webp?resize=525%2C300 1.5x, https:\/\/i0.wp.com\/www.24baires.com\/wp-content\/uploads\/2023\/10\/kicillof.webp?resize=700%2C400 2x"},"classes":[]},{"id":115120,"url":"https:\/\/www.24baires.com\/?p=115120","url_meta":{"origin":115220,"position":5},"title":"El gobierno habilit\u00f3 a varios sectores productivos en 9 localidades del Conurbano","author":"GB","date":"25\/05\/2020","format":false,"excerpt":"Se tratan de nuevas aperturas a trav\u00e9s del \u00faltimo DNU tras la postergaci\u00f3n de la cuarentena por el Coronavirus. 9 localidades tendr\u00e1n permiso de reactivar varias industrias, pero al mismo tiempo, el gobierno se las prohibi\u00f3 a otras cinco ciudades bonaerenses. El gobierno nacional autoriz\u00f3 otras actividades comerciales en 9\u2026","rel":"","context":"En \u00abPol\u00edtica\u00bb","block_context":{"text":"Pol\u00edtica","link":"https:\/\/www.24baires.com\/?cat=51"},"img":{"alt_text":"","src":"https:\/\/i0.wp.com\/www.24baires.com\/wp-content\/uploads\/2018\/05\/industriales.jpg?resize=350%2C200","width":350,"height":200,"srcset":"https:\/\/i0.wp.com\/www.24baires.com\/wp-content\/uploads\/2018\/05\/industriales.jpg?resize=350%2C200 1x, https:\/\/i0.wp.com\/www.24baires.com\/wp-content\/uploads\/2018\/05\/industriales.jpg?resize=525%2C300 1.5x"},"classes":[]}],"jetpack_sharing_enabled":true,"jetpack_likes_enabled":true,"jetpack_featured_media_url":"","_links":{"self":[{"href":"https:\/\/www.24baires.com\/index.php?rest_route=\/wp\/v2\/posts\/115220","targetHints":{"allow":["GET"]}}],"collection":[{"href":"https:\/\/www.24baires.com\/index.php?rest_route=\/wp\/v2\/posts"}],"about":[{"href":"https:\/\/www.24baires.com\/index.php?rest_route=\/wp\/v2\/types\/post"}],"author":[{"embeddable":true,"href":"https:\/\/www.24baires.com\/index.php?rest_route=\/wp\/v2\/users\/8"}],"replies":[{"embeddable":true,"href":"https:\/\/www.24baires.com\/index.php?rest_route=%2Fwp%2Fv2%2Fcomments&post=115220"}],"version-history":[{"count":1,"href":"https:\/\/www.24baires.com\/index.php?rest_route=\/wp\/v2\/posts\/115220\/revisions"}],"predecessor-version":[{"id":115221,"href":"https:\/\/www.24baires.com\/index.php?rest_route=\/wp\/v2\/posts\/115220\/revisions\/115221"}],"wp:attachment":[{"href":"https:\/\/www.24baires.com\/index.php?rest_route=%2Fwp%2Fv2%2Fmedia&parent=115220"}],"wp:term":[{"taxonomy":"category","embeddable":true,"href":"https:\/\/www.24baires.com\/index.php?rest_route=%2Fwp%2Fv2%2Fcategories&post=115220"},{"taxonomy":"post_tag","embeddable":true,"href":"https:\/\/www.24baires.com\/index.php?rest_route=%2Fwp%2Fv2%2Ftags&post=115220"}],"curies":[{"name":"wp","href":"https:\/\/api.w.org\/{rel}","templated":true}]}}