{"id":11522,"date":"2013-01-08T13:37:07","date_gmt":"2013-01-08T16:37:07","guid":{"rendered":"http:\/\/www.24baires.com\/?p=11522"},"modified":"2013-01-08T13:37:07","modified_gmt":"2013-01-08T16:37:07","slug":"detienen-a-un-oficial-de-la-bonaerense-por-la-desaparicion-de-luciano-arruga","status":"publish","type":"post","link":"https:\/\/www.24baires.com\/?p=11522","title":{"rendered":"Detienen a un oficial de la Bonaerense por la desaparici\u00f3n de Luciano Arruga"},"content":{"rendered":"<p><strong>LA MATANZA &#8211;<\/strong> Se trata de un oficial principal de la polic\u00eda bonaerense, sospechado de haber participado en la desaparici\u00f3n del adolescente de 16 a\u00f1os, ocurrida el 31 de enero de 2009.<!--more--><br \/>\nSe trata del oficial Julio Diego Torales, quien fue detenido por personal de Asuntos Internos del Ministerio de Justicia y Seguridad bonaerense, cartera que dispuso adem\u00e1s su pase a disponibilidad.<\/p>\n<p>El efectivo policial, que se desempe\u00f1aba en la comisar\u00eda segunda de la localidad de Gregorio de Laferrere, est\u00e1 acusado de haber inferido torturas y malos tratos al joven meses antes de su desaparici\u00f3n.<\/p>\n<p>&nbsp;<\/p>\n<p>&nbsp;<\/p>\n<p>&nbsp;<\/p>\n<p>&nbsp;<\/p>\n<p>&nbsp;<\/p>\n<p>&nbsp;<\/p>\n<p>&nbsp;<\/p>\n<p>&nbsp;<\/p>\n<p>&nbsp;<\/p>\n<p>&nbsp;<\/p>\n<p>&nbsp;<\/p>\n<p>&nbsp;<\/p>\n<p>&nbsp;<\/p>\n<p>&nbsp;<\/p>\n<p>&nbsp;<\/p>\n<p>&nbsp;<\/p>\n<p>&nbsp;<\/p>\n<p>&nbsp;<\/p>\n<p>&nbsp;<\/p>\n<p>&nbsp;<\/p>\n<p>&nbsp;<\/p>\n<p>&nbsp;<\/p>\n<p>&nbsp;<\/p>\n<p>&nbsp;<\/p>\n<p>&nbsp;<\/p>\n<p>&nbsp;<\/p>\n<p>&nbsp;<\/p>\n","protected":false},"excerpt":{"rendered":"<p>LA MATANZA &#8211; Se trata de un oficial principal de la polic\u00eda bonaerense, sospechado de haber participado en la desaparici\u00f3n del adolescente de 16 a\u00f1os, ocurrida el 31 de enero de 2009.<\/p>\n","protected":false},"author":4,"featured_media":0,"comment_status":"open","ping_status":"open","sticky":false,"template":"","format":"standard","meta":{"_jetpack_newsletter_access":"","_jetpack_dont_email_post_to_subs":false,"_jetpack_newsletter_tier_id":0,"_jetpack_memberships_contains_paywalled_content":false,"_jetpack_memberships_contains_paid_content":false,"footnotes":""},"categories":[1],"tags":[],"class_list":["post-11522","post","type-post","status-publish","format-standard","hentry","category-sociedad"],"jetpack_featured_media_url":"","jetpack_shortlink":"https:\/\/wp.me\/p2JWE0-2ZQ","jetpack-related-posts":[{"id":115951,"url":"https:\/\/www.24baires.com\/?p=115951","url_meta":{"origin":11522,"position":0},"title":"Hallan una foto del DNI de Facundo Astudillo en el tel\u00e9fono de una polic\u00eda","author":"GB","date":"14\/08\/2020","format":false,"excerpt":"Luego de que los oficiales que dijeron haber visto a Facundo, negaran que el joven haya circulado con DNI, encontraron la foto del DNI del joven en el tel\u00e9fono de una de las oficiales implicadas. El fiscal sigue neg\u00e1ndose a detener a los polic\u00edas. Hay m\u00e1s pruebas, cada vez m\u00e1s\u2026","rel":"","context":"En \u00abSociedad\u00bb","block_context":{"text":"Sociedad","link":"https:\/\/www.24baires.com\/?cat=1"},"img":{"alt_text":"","src":"https:\/\/i0.wp.com\/www.24baires.com\/wp-content\/uploads\/2020\/08\/dni-facundo.jpg?resize=350%2C200","width":350,"height":200,"srcset":"https:\/\/i0.wp.com\/www.24baires.com\/wp-content\/uploads\/2020\/08\/dni-facundo.jpg?resize=350%2C200 1x, https:\/\/i0.wp.com\/www.24baires.com\/wp-content\/uploads\/2020\/08\/dni-facundo.jpg?resize=525%2C300 1.5x"},"classes":[]},{"id":115828,"url":"https:\/\/www.24baires.com\/?p=115828","url_meta":{"origin":11522,"position":1},"title":"Encontraron un elemento perteneciente a Facundo Astudillo en una comisar\u00eda","author":"GB","date":"03\/08\/2020","format":false,"excerpt":"El perro rastreador utilizado por la polic\u00eda federal dio con elemento que habr\u00eda llevado el joven y que adem\u00e1s, reconoci\u00f3 su madre. Fue encontrado en un dep\u00f3sito de la comisar\u00eda de Teniente Origone. Un nuevo allanamiento en el marco de la desaparici\u00f3n de Facundo Astudillo Castro dio con un elemento\u2026","rel":"","context":"En \u00abPol\u00edtica\u00bb","block_context":{"text":"Pol\u00edtica","link":"https:\/\/www.24baires.com\/?cat=51"},"img":{"alt_text":"","src":"https:\/\/i0.wp.com\/www.24baires.com\/wp-content\/uploads\/2020\/08\/facundo-astudillo.jpg?resize=350%2C200","width":350,"height":200,"srcset":"https:\/\/i0.wp.com\/www.24baires.com\/wp-content\/uploads\/2020\/08\/facundo-astudillo.jpg?resize=350%2C200 1x, https:\/\/i0.wp.com\/www.24baires.com\/wp-content\/uploads\/2020\/08\/facundo-astudillo.jpg?resize=525%2C300 1.5x"},"classes":[]},{"id":115959,"url":"https:\/\/www.24baires.com\/?p=115959","url_meta":{"origin":11522,"position":2},"title":"Encontraron un cuerpo en la zona donde buscaban a Facundo Astudillo Castro","author":"GB","date":"16\/08\/2020","format":false,"excerpt":"Se trata de un cad\u00e1ver semienterrado en un curso de agua, cerca de una orilla entre las localidades bonaerenses de General Daniel Cerri y Villarino. Este domingo, viajar\u00e1 un grupo de integrantes del Equipo Argentino de Antropolog\u00eda Forense (EAAF) para determinar si los restos se tratan o no del joven\u2026","rel":"","context":"En \u00abSociedad\u00bb","block_context":{"text":"Sociedad","link":"https:\/\/www.24baires.com\/?cat=1"},"img":{"alt_text":"","src":"https:\/\/i0.wp.com\/www.24baires.com\/wp-content\/uploads\/2020\/08\/facundo-astudillo.jpg?resize=350%2C200","width":350,"height":200,"srcset":"https:\/\/i0.wp.com\/www.24baires.com\/wp-content\/uploads\/2020\/08\/facundo-astudillo.jpg?resize=350%2C200 1x, https:\/\/i0.wp.com\/www.24baires.com\/wp-content\/uploads\/2020\/08\/facundo-astudillo.jpg?resize=525%2C300 1.5x"},"classes":[]},{"id":12140,"url":"https:\/\/www.24baires.com\/?p=12140","url_meta":{"origin":11522,"position":3},"title":"Comienzan las excavaciones en destacamento policial en busca de Luciano Arruga","author":"AF","date":"14\/01\/2013","format":false,"excerpt":"LA MATANZA - La orden fue impartida por el Juez de Garant\u00edas de La Matanza, Gustavo Banco en base a una pista que indica que el joven, desaparecido en enero de 2009, podr\u00eda haber sido enterrado all\u00ed. En la \u00faltima semana detuvieron a un oficial de la pol\u00edc\u00eda bonaerense y\u2026","rel":"","context":"En \u00abPoliciales\u00bb","block_context":{"text":"Policiales","link":"https:\/\/www.24baires.com\/?cat=49"},"img":{"alt_text":"ARRUGA LUCIANO river","src":"https:\/\/i0.wp.com\/www.24baires.com\/wp-content\/uploads\/2012\/12\/ARRUGA-LUCIANO-river-300x205.jpg?resize=350%2C200","width":350,"height":200},"classes":[]},{"id":118009,"url":"https:\/\/www.24baires.com\/?p=118009","url_meta":{"origin":11522,"position":4},"title":"Homenajes a 15 a\u00f1os de la segunda desaparici\u00f3n de Jorge Julio L\u00f3pez","author":"GB","date":"18\/09\/2021","format":false,"excerpt":"La desaparici\u00f3n se dio el 18 de septiembre de 2006, la noche anterior a que fuera le\u00edda la sentencia al represo Miguel Etchecolatz. El 18 de septiembre de 2006 fue denunciada la desaparici\u00f3n de Jorge Julio L\u00f3pez, principal testigo en la causa por la que el represor Miguel Etchecolatz fue\u2026","rel":"","context":"En \u00abMemoria\u00bb","block_context":{"text":"Memoria","link":"https:\/\/www.24baires.com\/?cat=50"},"img":{"alt_text":"","src":"https:\/\/i0.wp.com\/www.24baires.com\/wp-content\/uploads\/2012\/09\/julio-lopez.jpg?resize=350%2C200","width":350,"height":200,"srcset":"https:\/\/i0.wp.com\/www.24baires.com\/wp-content\/uploads\/2012\/09\/julio-lopez.jpg?resize=350%2C200 1x, https:\/\/i0.wp.com\/www.24baires.com\/wp-content\/uploads\/2012\/09\/julio-lopez.jpg?resize=525%2C300 1.5x"},"classes":[]},{"id":116499,"url":"https:\/\/www.24baires.com\/?p=116499","url_meta":{"origin":11522,"position":5},"title":"Hallaron ADN de Facundo en un m\u00f3vil policial","author":"GB","date":"20\/10\/2020","format":false,"excerpt":"Es compatible 100% con el de su madre. Se trata de un veh\u00edculo de la polic\u00eda de Teniente Origone, donde ya hab\u00eda aparecido un amuleto de Facundo. Hay novedades importantes en el caso Facundo Astudillo Castro. Ahora, dos fiscales de la causa \u2013Andr\u00e9s Heim y Horacio Azzol\u00edn- pidieron una serie\u2026","rel":"","context":"En \u00abPoliciales\u00bb","block_context":{"text":"Policiales","link":"https:\/\/www.24baires.com\/?cat=49"},"img":{"alt_text":"","src":"https:\/\/i0.wp.com\/www.24baires.com\/wp-content\/uploads\/2020\/08\/mama-facundo.jpg?resize=350%2C200","width":350,"height":200,"srcset":"https:\/\/i0.wp.com\/www.24baires.com\/wp-content\/uploads\/2020\/08\/mama-facundo.jpg?resize=350%2C200 1x, https:\/\/i0.wp.com\/www.24baires.com\/wp-content\/uploads\/2020\/08\/mama-facundo.jpg?resize=525%2C300 1.5x"},"classes":[]}],"jetpack_sharing_enabled":true,"jetpack_likes_enabled":true,"_links":{"self":[{"href":"https:\/\/www.24baires.com\/index.php?rest_route=\/wp\/v2\/posts\/11522","targetHints":{"allow":["GET"]}}],"collection":[{"href":"https:\/\/www.24baires.com\/index.php?rest_route=\/wp\/v2\/posts"}],"about":[{"href":"https:\/\/www.24baires.com\/index.php?rest_route=\/wp\/v2\/types\/post"}],"author":[{"embeddable":true,"href":"https:\/\/www.24baires.com\/index.php?rest_route=\/wp\/v2\/users\/4"}],"replies":[{"embeddable":true,"href":"https:\/\/www.24baires.com\/index.php?rest_route=%2Fwp%2Fv2%2Fcomments&post=11522"}],"version-history":[{"count":1,"href":"https:\/\/www.24baires.com\/index.php?rest_route=\/wp\/v2\/posts\/11522\/revisions"}],"predecessor-version":[{"id":11523,"href":"https:\/\/www.24baires.com\/index.php?rest_route=\/wp\/v2\/posts\/11522\/revisions\/11523"}],"wp:attachment":[{"href":"https:\/\/www.24baires.com\/index.php?rest_route=%2Fwp%2Fv2%2Fmedia&parent=11522"}],"wp:term":[{"taxonomy":"category","embeddable":true,"href":"https:\/\/www.24baires.com\/index.php?rest_route=%2Fwp%2Fv2%2Fcategories&post=11522"},{"taxonomy":"post_tag","embeddable":true,"href":"https:\/\/www.24baires.com\/index.php?rest_route=%2Fwp%2Fv2%2Ftags&post=11522"}],"curies":[{"name":"wp","href":"https:\/\/api.w.org\/{rel}","templated":true}]}}