{"id":115216,"date":"2020-06-02T19:23:01","date_gmt":"2020-06-02T22:23:01","guid":{"rendered":"http:\/\/www.24baires.com\/?p=115216"},"modified":"2020-06-02T19:23:01","modified_gmt":"2020-06-02T22:23:01","slug":"la-economia-cayo-un-185-durante-abril","status":"publish","type":"post","link":"https:\/\/www.24baires.com\/?p=115216","title":{"rendered":"La econom\u00eda cay\u00f3 un 18,5% durante abril"},"content":{"rendered":"<p><img data-recalc-dims=\"1\" loading=\"lazy\" decoding=\"async\" src=\"https:\/\/i0.wp.com\/www.24baires.com\/wp-content\/uploads\/2020\/05\/supermercado.jpg?resize=560%2C313\" alt=\"\" width=\"560\" height=\"313\" class=\"aligncenter size-full wp-image-115054\" srcset=\"https:\/\/i0.wp.com\/www.24baires.com\/wp-content\/uploads\/2020\/05\/supermercado.jpg?w=560&amp;ssl=1 560w, https:\/\/i0.wp.com\/www.24baires.com\/wp-content\/uploads\/2020\/05\/supermercado.jpg?resize=300%2C168&amp;ssl=1 300w\" sizes=\"auto, (max-width: 560px) 100vw, 560px\" \/>La medici\u00f3n de la Fundaci\u00f3n Germ\u00e1n Abdala muestra ca\u00eddas significativas en todos los rubros. Lo mismo ocurre en otros pa\u00edses. Estados Unidos, sin cuarentena, registra una baja de la industria del 30 por ciento.<!--more--><\/p>\n<p>El Instituto de Trabajo y Econom\u00eda de la Fundaci\u00f3n Germ\u00e1n Abdala midi\u00f3 una ca\u00edda de  la actividad econ\u00f3mica del 18,5 por ciento durante abril con respecto al mismo mes del a\u00f1o pasado. El \u00edndice marc\u00f3 adem\u00e1s una baja anual acumulada para los primeros cuatro meses del 8,3 por ciento en la comparaci\u00f3n interanual. En t\u00e9rminos estad\u00edsticos, abril refleja la ca\u00edda m\u00e1s pronunciada desde el inicio de la serie, en 1997.<br \/>\nLos n\u00fameros de Argentina no resaltan dentro del oscuro panorama de la econom\u00eda mundial desatado por la pandemia, independientemente de la pol\u00edtica de aislamiento adoptada. La actividad industrial manufacturera (medida por el \u00edndice PMI) se contrajo fuertemente en Estados Unidos (31,4 por ciento), Brasil (30,1 por ciento) y la Eurozona (30,3 por ciento) de manera interanual en abril. <\/p>\n<p>En estos d\u00edas se revelaron n\u00fameros poco felices para la econom\u00eda argentina: los niveles de actividad de los distintos sectores econ\u00f3micos durante abril mostraron bajas hist\u00f3ricas por la paralizaci\u00f3n de actividades por la emergencia sanitaria. El \u00cdndice de Actividad que calcula el ITE se elabora a partir del an\u00e1lisis de diferentes series como despachos de cemento, IVA-DGI en t\u00e9rminos reales, demanda de energ\u00eda el\u00e9ctrica no residencial, exportaciones en cantidades, ventas minoristas de CAME, \u00edndice de producci\u00f3n industrial de FIEL, impuestos a d\u00e9bitos y cr\u00e9ditos en cuenta corriente en t\u00e9rminos reales, entre otras.<\/p>\n<p>La din\u00e1mica de abril, mes marcado por una cuarentena que fue flexibiliz\u00e1ndose de a poco, mostr\u00f3 una ca\u00edda en todos los componentes del indicador, a excepci\u00f3n de los pr\u00e9stamos comerciales. El crecimiento de estos \u00faltimos se explica por los nuevos cr\u00e9ditos otorgados o autoliquidados como adelantos en cuenta corriente, pero tambi\u00e9n por la disminuci\u00f3n de las cancelaciones de pr\u00e9stamos que quedaron rezagadas por la ca\u00edda de los ingresos de las familias.<br \/>\nLos n\u00fameros de Argentina no resaltan dentro del oscuro panorama de la econom\u00eda mundial desatado por la pandemia, independientemente de la pol\u00edtica de aislamiento adoptada. La actividad industrial manufacturera (medida por el \u00edndice PMI) se contrajo fuertemente en Estados Unidos (31,4 por ciento), Brasil (30,1 por ciento) y la Eurozona (30,3 por ciento) de manera interanual en abril. <\/p>\n<p>En estos d\u00edas se revelaron n\u00fameros poco felices para la econom\u00eda argentina: los niveles de actividad de los distintos sectores econ\u00f3micos durante abril mostraron bajas hist\u00f3ricas por la paralizaci\u00f3n de actividades por la emergencia sanitaria. El \u00cdndice de Actividad que calcula el ITE se elabora a partir del an\u00e1lisis de diferentes series como despachos de cemento, IVA-DGI en t\u00e9rminos reales, demanda de energ\u00eda el\u00e9ctrica no residencial, exportaciones en cantidades, ventas minoristas de CAME, \u00edndice de producci\u00f3n industrial de FIEL, impuestos a d\u00e9bitos y cr\u00e9ditos en cuenta corriente en t\u00e9rminos reales, entre otras.<\/p>\n<p>La din\u00e1mica de abril, mes marcado por una cuarentena que fue flexibiliz\u00e1ndose de a poco, mostr\u00f3 una ca\u00edda en todos los componentes del indicador, a excepci\u00f3n de los pr\u00e9stamos comerciales. El crecimiento de estos \u00faltimos se explica por los nuevos cr\u00e9ditos otorgados o autoliquidados como adelantos en cuenta corriente, pero tambi\u00e9n por la disminuci\u00f3n de las cancelaciones de pr\u00e9stamos que quedaron rezagadas por la ca\u00edda de los ingresos de las familias. <\/p>\n<p>En particular, destacan por su magnitud las bajas de los despachos de cemento, uno de los principales indicadores de la actividad de la construcci\u00f3n (-55 por ciento), el \u00edndice de producci\u00f3n industrial de FIEL (-26 por ciento), la recaudaci\u00f3n de la seguridad social (-24 por ciento) y las cantidades importadas (-20 por ciento). Las ventas minoristas  disminuyeron 58 por ciento promedio, aunque la mayor\u00eda de los rubros tuvieron ca\u00eddas superiores al 75 por ciento. Los m\u00e1s afectados fueron joyer\u00eda, calzado y marroquiner\u00eda, bazar, indumentaria, muebler\u00eda, electrodom\u00e9sticos y art\u00edculos electr\u00f3nicos. Por su parte, la demanda de energ\u00eda el\u00e9ctrica no residencial cay\u00f3 28 por ciento, sobre todo en la rama industrial, m\u00e1s precisamente en aquellas actividades relacionadas con la industria de la construcci\u00f3n y la de productos met\u00e1licos no automotores.<\/p>\n","protected":false},"excerpt":{"rendered":"<p>La medici\u00f3n de la Fundaci\u00f3n Germ\u00e1n Abdala muestra ca\u00eddas significativas en todos los rubros. Lo mismo ocurre en otros pa\u00edses. Estados Unidos, sin cuarentena, registra una baja de la industria del 30 por ciento.<\/p>\n","protected":false},"author":4,"featured_media":0,"comment_status":"open","ping_status":"open","sticky":false,"template":"","format":"standard","meta":{"_jetpack_newsletter_access":"","_jetpack_dont_email_post_to_subs":false,"_jetpack_newsletter_tier_id":0,"_jetpack_memberships_contains_paywalled_content":false,"_jetpack_memberships_contains_paid_content":false,"footnotes":""},"categories":[45],"tags":[],"class_list":["post-115216","post","type-post","status-publish","format-standard","hentry","category-economia"],"jetpack_featured_media_url":"","jetpack_shortlink":"https:\/\/wp.me\/p2JWE0-tYk","jetpack-related-posts":[{"id":107341,"url":"https:\/\/www.24baires.com\/?p=107341","url_meta":{"origin":115216,"position":0},"title":"Aseguran que cae el consumo pero no la inflaci\u00f3n","author":"AF","date":"22\/03\/2019","format":false,"excerpt":"Las estimaciones de consumo del ITE se\u00f1alan un retroceso del 10,2 por ciento interanual en febrero, que sigue retrocediendo mes a mes. La p\u00e9rdida en el poder adquisitivo de los salarios y el incremento en el desempleo arrasan sobre la demanda interna. El consumo se contrajo en febrero 10,2 por\u2026","rel":"","context":"En \u00abSociedad\u00bb","block_context":{"text":"Sociedad","link":"https:\/\/www.24baires.com\/?cat=1"},"img":{"alt_text":"","src":"https:\/\/i0.wp.com\/www.24baires.com\/wp-content\/uploads\/2018\/08\/supermercado.jpg?resize=350%2C200","width":350,"height":200,"srcset":"https:\/\/i0.wp.com\/www.24baires.com\/wp-content\/uploads\/2018\/08\/supermercado.jpg?resize=350%2C200 1x, https:\/\/i0.wp.com\/www.24baires.com\/wp-content\/uploads\/2018\/08\/supermercado.jpg?resize=525%2C300 1.5x"},"classes":[]},{"id":108547,"url":"https:\/\/www.24baires.com\/?p=108547","url_meta":{"origin":115216,"position":1},"title":"La deuda argentina corresponde al 61% de los cr\u00e9ditos del FMI","author":"GB","date":"03\/06\/2019","format":false,"excerpt":"Seg\u00fan el Centro de Estudios Econ\u00f3micos y Sociales Scalabrini Ortiz y tras el acuerdo stand-by, el gobierno de Mauricio Macri llev\u00f3 al pa\u00eds a concentrar m\u00e1s del 61 por ciento de la deuda que tienen los pa\u00edses con el FMI. Si a esto se le suman la fuga de capitales\u2026","rel":"","context":"En \u00abEconom\u00eda\u00bb","block_context":{"text":"Econom\u00eda","link":"https:\/\/www.24baires.com\/?cat=45"},"img":{"alt_text":"","src":"https:\/\/i0.wp.com\/www.24baires.com\/wp-content\/uploads\/2015\/04\/fmi.jpg?resize=350%2C200","width":350,"height":200,"srcset":"https:\/\/i0.wp.com\/www.24baires.com\/wp-content\/uploads\/2015\/04\/fmi.jpg?resize=350%2C200 1x, https:\/\/i0.wp.com\/www.24baires.com\/wp-content\/uploads\/2015\/04\/fmi.jpg?resize=525%2C300 1.5x"},"classes":[]},{"id":105733,"url":"https:\/\/www.24baires.com\/?p=105733","url_meta":{"origin":115216,"position":2},"title":"Los patentamientos de 0 km retrocedieron un 45,9%","author":"AF","date":"03\/12\/2018","format":false,"excerpt":"El aumento de precios de los autos por la devaluaci\u00f3n, la suba de costos financieros por las mayores tasas de inter\u00e9s y la p\u00e9rdida de poder adquisitivo de los salarios deprimen el mercado automotor. Noviembre fue el peor mes desde que gobierna Macri. La venta de veh\u00edculos cero kil\u00f3metro se\u2026","rel":"","context":"En \u00abEconom\u00eda\u00bb","block_context":{"text":"Econom\u00eda","link":"https:\/\/www.24baires.com\/?cat=45"},"img":{"alt_text":"","src":"https:\/\/i0.wp.com\/www.24baires.com\/wp-content\/uploads\/2014\/07\/f%C3%A1brica-auto.jpg?resize=350%2C200","width":350,"height":200,"srcset":"https:\/\/i0.wp.com\/www.24baires.com\/wp-content\/uploads\/2014\/07\/f%C3%A1brica-auto.jpg?resize=350%2C200 1x, https:\/\/i0.wp.com\/www.24baires.com\/wp-content\/uploads\/2014\/07\/f%C3%A1brica-auto.jpg?resize=525%2C300 1.5x"},"classes":[]},{"id":105584,"url":"https:\/\/www.24baires.com\/?p=105584","url_meta":{"origin":115216,"position":3},"title":"La econom\u00eda registr\u00f3 una ca\u00edda interanual del 5,8%","author":"AF","date":"23\/11\/2018","format":false,"excerpt":"De acuerdo a las cifras del Indec, es la segunda mayor baja del a\u00f1o y la sexta consecutiva. En lo que va de 2018 la econom\u00eda se contrajo 1,5 por ciento. La econom\u00eda registr\u00f3 en septiembre una ca\u00edda interanual del 5,8 por ciento, seg\u00fan los datos del Estimador Mensual de\u2026","rel":"","context":"En \u00abEconom\u00eda\u00bb","block_context":{"text":"Econom\u00eda","link":"https:\/\/www.24baires.com\/?cat=45"},"img":{"alt_text":"","src":"https:\/\/i0.wp.com\/www.24baires.com\/wp-content\/uploads\/2018\/11\/industria.jpg?resize=350%2C200","width":350,"height":200,"srcset":"https:\/\/i0.wp.com\/www.24baires.com\/wp-content\/uploads\/2018\/11\/industria.jpg?resize=350%2C200 1x, https:\/\/i0.wp.com\/www.24baires.com\/wp-content\/uploads\/2018\/11\/industria.jpg?resize=525%2C300 1.5x"},"classes":[]},{"id":110955,"url":"https:\/\/www.24baires.com\/?p=110955","url_meta":{"origin":115216,"position":4},"title":"La actividad econ\u00f3mica cay\u00f3 un 1,3% en abril","author":"AF","date":"26\/06\/2019","format":false,"excerpt":"De esta manera, la actividad econ\u00f3mica cay\u00f3 en el cuarto mes del a\u00f1o por duod\u00e9cima vez consecutiva, aunque la contracci\u00f3n fue la menos lesiva de todas las precedentes. La actividad econ\u00f3mica se redujo en abril un 1,3 por ciento respecto del mismo mes de 2018, aunque la agricultura y la\u2026","rel":"","context":"En \u00abEconom\u00eda\u00bb","block_context":{"text":"Econom\u00eda","link":"https:\/\/www.24baires.com\/?cat=45"},"img":{"alt_text":"","src":"https:\/\/i0.wp.com\/www.24baires.com\/wp-content\/uploads\/2018\/05\/industriales.jpg?resize=350%2C200","width":350,"height":200,"srcset":"https:\/\/i0.wp.com\/www.24baires.com\/wp-content\/uploads\/2018\/05\/industriales.jpg?resize=350%2C200 1x, https:\/\/i0.wp.com\/www.24baires.com\/wp-content\/uploads\/2018\/05\/industriales.jpg?resize=525%2C300 1.5x"},"classes":[]},{"id":115491,"url":"https:\/\/www.24baires.com\/?p=115491","url_meta":{"origin":115216,"position":5},"title":"La econom\u00eda se derrumb\u00f3 26,4% en abril","author":"AF","date":"29\/06\/2020","format":false,"excerpt":"El Indec inform\u00f3 el feroz derrumbe de la actividad econ\u00f3mica en el mes donde el aislamiento obligatorio fue extensivo en todo el pa\u00eds. El nivel de actividad econ\u00f3mica retrocedi\u00f3 26,4% a nivel interanual durante abril, primer mes en que se aplicaron a pleno las medidas de aislamiento para morigerar el\u2026","rel":"","context":"En \u00abSociedad\u00bb","block_context":{"text":"Sociedad","link":"https:\/\/www.24baires.com\/?cat=1"},"img":{"alt_text":"","src":"https:\/\/i0.wp.com\/www.24baires.com\/wp-content\/uploads\/2018\/11\/industria.jpg?resize=350%2C200","width":350,"height":200,"srcset":"https:\/\/i0.wp.com\/www.24baires.com\/wp-content\/uploads\/2018\/11\/industria.jpg?resize=350%2C200 1x, https:\/\/i0.wp.com\/www.24baires.com\/wp-content\/uploads\/2018\/11\/industria.jpg?resize=525%2C300 1.5x"},"classes":[]}],"jetpack_sharing_enabled":true,"jetpack_likes_enabled":true,"_links":{"self":[{"href":"https:\/\/www.24baires.com\/index.php?rest_route=\/wp\/v2\/posts\/115216","targetHints":{"allow":["GET"]}}],"collection":[{"href":"https:\/\/www.24baires.com\/index.php?rest_route=\/wp\/v2\/posts"}],"about":[{"href":"https:\/\/www.24baires.com\/index.php?rest_route=\/wp\/v2\/types\/post"}],"author":[{"embeddable":true,"href":"https:\/\/www.24baires.com\/index.php?rest_route=\/wp\/v2\/users\/4"}],"replies":[{"embeddable":true,"href":"https:\/\/www.24baires.com\/index.php?rest_route=%2Fwp%2Fv2%2Fcomments&post=115216"}],"version-history":[{"count":1,"href":"https:\/\/www.24baires.com\/index.php?rest_route=\/wp\/v2\/posts\/115216\/revisions"}],"predecessor-version":[{"id":115217,"href":"https:\/\/www.24baires.com\/index.php?rest_route=\/wp\/v2\/posts\/115216\/revisions\/115217"}],"wp:attachment":[{"href":"https:\/\/www.24baires.com\/index.php?rest_route=%2Fwp%2Fv2%2Fmedia&parent=115216"}],"wp:term":[{"taxonomy":"category","embeddable":true,"href":"https:\/\/www.24baires.com\/index.php?rest_route=%2Fwp%2Fv2%2Fcategories&post=115216"},{"taxonomy":"post_tag","embeddable":true,"href":"https:\/\/www.24baires.com\/index.php?rest_route=%2Fwp%2Fv2%2Ftags&post=115216"}],"curies":[{"name":"wp","href":"https:\/\/api.w.org\/{rel}","templated":true}]}}