{"id":115183,"date":"2020-05-29T18:38:40","date_gmt":"2020-05-29T21:38:40","guid":{"rendered":"http:\/\/www.24baires.com\/?p=115183"},"modified":"2020-05-29T20:40:32","modified_gmt":"2020-05-29T23:40:32","slug":"segun-el-indec-los-salarios-subieron-134-y-le-ganaron-a-la-inflacion","status":"publish","type":"post","link":"https:\/\/www.24baires.com\/?p=115183","title":{"rendered":"Seg\u00fan el Indec, los salarios subieron 13,4% y le ganaron a la inflaci\u00f3n"},"content":{"rendered":"<p><img data-recalc-dims=\"1\" loading=\"lazy\" decoding=\"async\" class=\"aligncenter  wp-image-15897\" src=\"https:\/\/i0.wp.com\/www.24baires.com\/wp-content\/uploads\/2013\/02\/indec.jpg?resize=560%2C421\" alt=\"\" width=\"560\" height=\"421\" srcset=\"https:\/\/i0.wp.com\/www.24baires.com\/wp-content\/uploads\/2013\/02\/indec.jpg?w=500&amp;ssl=1 500w, https:\/\/i0.wp.com\/www.24baires.com\/wp-content\/uploads\/2013\/02\/indec.jpg?resize=300%2C225&amp;ssl=1 300w\" sizes=\"auto, (max-width: 560px) 100vw, 560px\" \/>Se espera que los datos de abril comiencen a mostrar un retroceso y ca\u00edda frente al avance de los precios merced del impacto de la cuarentena en la econom\u00eda.<!--more--><\/p>\n<p>El Instituto Nacional de Estad\u00edsticas y Censos (Indec) inform\u00f3 este viernes que durante el primer trimestre del a\u00f1o, justo antes del inicio de la cuarentena decretada para morigerar el avance de la pandemia de coronavirus Covid-19, el \u00cdndice de Salarios aument\u00f3 13,4% y se hab\u00eda colocado de esta manera por encima de la inflaci\u00f3n, que fue del 7,8% en ese mismo per\u00edodo.<\/p>\n<p>En los tres primeros meses del a\u00f1o, el salario del sector privado registrado hab\u00eda acumulado una suba del 16,2%, los sueldos de los empleados p\u00fablicos el 10,1% y los ingresos de los trabajadores no registrados el 11,2%.<\/p>\n<p>Estos niveles de suba se alcanzaron luego de que en marzo los ingresos del sector privado registrado aumentaran 2,3%, los sueldos de los empleados p\u00fablicos el 4,2% y los ingresos de los trabajadores \u201cen negro\u201d el 3,5%, por lo que el \u00cdndice de Salarios promedio un alza del 3%, por debajo de la inflaci\u00f3n de ese mes que fue del 3,3%.<\/p>\n<p>Entre marzo de este a\u00f1o e igual mes del a\u00f1o pasado, la inflaci\u00f3n acumulada fue del 48,4%, mientras que el \u00edndice de Salario aument\u00f3 45,3% productos de las subas del 52,1% en el sector privado, del 41,7% en el P\u00fablico, y del 33.2% en los ingresos de los trabajadores no registrados.<\/p>\n<p>Se espera que los datos de marzo se vayan deterior\u00e1ndose a partir de abril en la mayor\u00eda de los sectores econ\u00f3micos por el freno de las paritarias y los acuerdos entre gremios y empresas, sobre reducci\u00f3n de ingresos para trabajadores que no desempe\u00f1an tareas por la cuarentena.<\/p>\n<p>El Gobierno tambi\u00e9n convalid\u00f3 desde abril reducciones salariales del orden del 25% para los trabajadores registrados que est\u00e1n suspendidos.<\/p>\n","protected":false},"excerpt":{"rendered":"<p>Se espera que los datos de abril comiencen a mostrar un retroceso y ca\u00edda frente al avance de los precios merced del impacto de la cuarentena en la econom\u00eda.<\/p>\n","protected":false},"author":4,"featured_media":0,"comment_status":"open","ping_status":"open","sticky":false,"template":"","format":"standard","meta":{"_jetpack_newsletter_access":"","_jetpack_dont_email_post_to_subs":false,"_jetpack_newsletter_tier_id":0,"_jetpack_memberships_contains_paywalled_content":false,"_jetpack_memberships_contains_paid_content":false,"footnotes":""},"categories":[45,1],"tags":[],"class_list":["post-115183","post","type-post","status-publish","format-standard","hentry","category-economia","category-sociedad"],"jetpack_featured_media_url":"","jetpack_shortlink":"https:\/\/wp.me\/p2JWE0-tXN","jetpack-related-posts":[{"id":108500,"url":"https:\/\/www.24baires.com\/?p=108500","url_meta":{"origin":115183,"position":0},"title":"Seg\u00fan el INDEC los salarios perdieron m\u00e1s de 17% frente a la inflaci\u00f3n","author":"AF","date":"30\/05\/2019","format":false,"excerpt":"Los salarios aumentaron un 17,5% menos que la inflaci\u00f3n entre marzo de 2018 y el mismo periodo de este a\u00f1o, seg\u00fan un informe publicado hoy por el Instituto Nacional de Estad\u00edstica y Censos (Indec). El organismo de estad\u00edsticas dio a conocer hoy el \"\u00cdndice de salarios\" de marzo, en donde\u2026","rel":"","context":"En \u00abEconom\u00eda\u00bb","block_context":{"text":"Econom\u00eda","link":"https:\/\/www.24baires.com\/?cat=45"},"img":{"alt_text":"","src":"https:\/\/i0.wp.com\/www.24baires.com\/wp-content\/uploads\/2017\/04\/salarios-docentes.jpg?resize=350%2C200","width":350,"height":200,"srcset":"https:\/\/i0.wp.com\/www.24baires.com\/wp-content\/uploads\/2017\/04\/salarios-docentes.jpg?resize=350%2C200 1x, https:\/\/i0.wp.com\/www.24baires.com\/wp-content\/uploads\/2017\/04\/salarios-docentes.jpg?resize=525%2C300 1.5x"},"classes":[]},{"id":38565,"url":"https:\/\/www.24baires.com\/?p=38565","url_meta":{"origin":115183,"position":1},"title":"Seg\u00fan el Indec, la inflaci\u00f3n del 2013 fue del 10,9%","author":"GB","date":"15\/01\/2014","format":false,"excerpt":"En diciembre, la suba de precios lleg\u00f3 a 1,4 por ciento, indic\u00f3 el organismo estad\u00edstico en su \u00faltimo informe ante del lanzamiento del nuevo IPC nacional. La inflaci\u00f3n de 2013 calculada por el Instituto Nacional de Estad\u00edstica y Censos (INDEC) fue de 10,9 por ciento, mientras que en diciembre la\u2026","rel":"","context":"En \u00abEconom\u00eda\u00bb","block_context":{"text":"Econom\u00eda","link":"https:\/\/www.24baires.com\/?cat=45"},"img":{"alt_text":"indec","src":"https:\/\/i0.wp.com\/www.24baires.com\/wp-content\/uploads\/2013\/02\/indec.jpg?resize=350%2C200","width":350,"height":200,"srcset":"https:\/\/i0.wp.com\/www.24baires.com\/wp-content\/uploads\/2013\/02\/indec.jpg?resize=350%2C200 1x, https:\/\/i0.wp.com\/www.24baires.com\/wp-content\/uploads\/2013\/02\/indec.jpg?resize=525%2C300 1.5x"},"classes":[]},{"id":106632,"url":"https:\/\/www.24baires.com\/?p=106632","url_meta":{"origin":115183,"position":2},"title":"En 11 meses los salarios perdieron 17 puntos contra la inflaci\u00f3n","author":"AF","date":"31\/01\/2019","format":false,"excerpt":"El \u00edndice de salarios aument\u00f3 2,9% en noviembre del a\u00f1o pasado respecto del mes previo y acumul\u00f3 una suba de 26,6% en los \u00faltimos once meses, inform\u00f3 el INDEC. Mientras la inflaci\u00f3n en los primeros 11 meses de 2018 acumul\u00f3 un 43,9 por ciento, los salarios aumentaron en el mismo\u2026","rel":"","context":"En \u00abEconom\u00eda\u00bb","block_context":{"text":"Econom\u00eda","link":"https:\/\/www.24baires.com\/?cat=45"},"img":{"alt_text":"","src":"https:\/\/i0.wp.com\/www.24baires.com\/wp-content\/uploads\/2014\/04\/supermercado-chino.jpg?resize=350%2C200","width":350,"height":200,"srcset":"https:\/\/i0.wp.com\/www.24baires.com\/wp-content\/uploads\/2014\/04\/supermercado-chino.jpg?resize=350%2C200 1x, https:\/\/i0.wp.com\/www.24baires.com\/wp-content\/uploads\/2014\/04\/supermercado-chino.jpg?resize=525%2C300 1.5x"},"classes":[]},{"id":119399,"url":"https:\/\/www.24baires.com\/?p=119399","url_meta":{"origin":115183,"position":3},"title":"Los salarios subieron 5,5% pero siguen perdiendo ante la inflaci\u00f3n","author":"AF","date":"29\/09\/2022","format":false,"excerpt":"De esta manera, quedaron debajo del \u00cdndice de Precios al Consumidor (IPC) del s\u00e9ptimo mes del a\u00f1o, que alcanz\u00f3 el 7,4%. En julio de 2022, el \u00cdndice de salarios se increment\u00f3 5,5% mensual y 68,7% interanual. En tanto, el crecimiento mensual se debi\u00f3 a subas de 5,4% en el sector\u2026","rel":"","context":"En \u00abEconom\u00eda\u00bb","block_context":{"text":"Econom\u00eda","link":"https:\/\/www.24baires.com\/?cat=45"},"img":{"alt_text":"","src":"https:\/\/i0.wp.com\/www.24baires.com\/wp-content\/uploads\/2022\/09\/Captura-desde-2022-09-29-19-44-40.png?resize=350%2C200","width":350,"height":200,"srcset":"https:\/\/i0.wp.com\/www.24baires.com\/wp-content\/uploads\/2022\/09\/Captura-desde-2022-09-29-19-44-40.png?resize=350%2C200 1x, https:\/\/i0.wp.com\/www.24baires.com\/wp-content\/uploads\/2022\/09\/Captura-desde-2022-09-29-19-44-40.png?resize=525%2C300 1.5x, https:\/\/i0.wp.com\/www.24baires.com\/wp-content\/uploads\/2022\/09\/Captura-desde-2022-09-29-19-44-40.png?resize=700%2C400 2x"},"classes":[]},{"id":105919,"url":"https:\/\/www.24baires.com\/?p=105919","url_meta":{"origin":115183,"position":4},"title":"La inflaci\u00f3n de noviembre fue del 3,2% y alcanza el 43,9% anual","author":"AF","date":"13\/12\/2018","format":false,"excerpt":"En los 12 meses el avance de precios lleg\u00f3 al 48,5% muy por encima del nivel en el que avanzaron los salarios y jubilaciones. El impacto de la profunda recesi\u00f3n en que se encuentra la econom\u00eda argentina ya se siente en la inflaci\u00f3n que, aunque se mantiene todav\u00eda alta, comenz\u00f3\u2026","rel":"","context":"En \u00abEconom\u00eda\u00bb","block_context":{"text":"Econom\u00eda","link":"https:\/\/www.24baires.com\/?cat=45"},"img":{"alt_text":"","src":"https:\/\/i0.wp.com\/www.24baires.com\/wp-content\/uploads\/2017\/07\/fila-supermercado.jpg?resize=350%2C200","width":350,"height":200,"srcset":"https:\/\/i0.wp.com\/www.24baires.com\/wp-content\/uploads\/2017\/07\/fila-supermercado.jpg?resize=350%2C200 1x, https:\/\/i0.wp.com\/www.24baires.com\/wp-content\/uploads\/2017\/07\/fila-supermercado.jpg?resize=525%2C300 1.5x"},"classes":[]},{"id":96624,"url":"https:\/\/www.24baires.com\/?p=96624","url_meta":{"origin":115183,"position":5},"title":"Seg\u00fan el Indec, la inflaci\u00f3n fue del 1,7% en julio","author":"GB","date":"10\/08\/2017","format":false,"excerpt":"Los precios acumularon un avance del 13,8% en los primeros siete meses del a\u00f1o. El costo de vida a nivel nacional subi\u00f3 1,7% en julio respecto al mes anterior. La inflaci\u00f3n estuvo impulsada por alzas en los rubros salud, vivienda y transporte, de acuerdo al informe del INDEC. La suba\u2026","rel":"","context":"En \u00abEconom\u00eda\u00bb","block_context":{"text":"Econom\u00eda","link":"https:\/\/www.24baires.com\/?cat=45"},"img":{"alt_text":"","src":"https:\/\/i0.wp.com\/www.24baires.com\/wp-content\/uploads\/2016\/12\/supermercado.jpg?resize=350%2C200","width":350,"height":200,"srcset":"https:\/\/i0.wp.com\/www.24baires.com\/wp-content\/uploads\/2016\/12\/supermercado.jpg?resize=350%2C200 1x, https:\/\/i0.wp.com\/www.24baires.com\/wp-content\/uploads\/2016\/12\/supermercado.jpg?resize=525%2C300 1.5x"},"classes":[]}],"jetpack_sharing_enabled":true,"jetpack_likes_enabled":true,"_links":{"self":[{"href":"https:\/\/www.24baires.com\/index.php?rest_route=\/wp\/v2\/posts\/115183","targetHints":{"allow":["GET"]}}],"collection":[{"href":"https:\/\/www.24baires.com\/index.php?rest_route=\/wp\/v2\/posts"}],"about":[{"href":"https:\/\/www.24baires.com\/index.php?rest_route=\/wp\/v2\/types\/post"}],"author":[{"embeddable":true,"href":"https:\/\/www.24baires.com\/index.php?rest_route=\/wp\/v2\/users\/4"}],"replies":[{"embeddable":true,"href":"https:\/\/www.24baires.com\/index.php?rest_route=%2Fwp%2Fv2%2Fcomments&post=115183"}],"version-history":[{"count":1,"href":"https:\/\/www.24baires.com\/index.php?rest_route=\/wp\/v2\/posts\/115183\/revisions"}],"predecessor-version":[{"id":115184,"href":"https:\/\/www.24baires.com\/index.php?rest_route=\/wp\/v2\/posts\/115183\/revisions\/115184"}],"wp:attachment":[{"href":"https:\/\/www.24baires.com\/index.php?rest_route=%2Fwp%2Fv2%2Fmedia&parent=115183"}],"wp:term":[{"taxonomy":"category","embeddable":true,"href":"https:\/\/www.24baires.com\/index.php?rest_route=%2Fwp%2Fv2%2Fcategories&post=115183"},{"taxonomy":"post_tag","embeddable":true,"href":"https:\/\/www.24baires.com\/index.php?rest_route=%2Fwp%2Fv2%2Ftags&post=115183"}],"curies":[{"name":"wp","href":"https:\/\/api.w.org\/{rel}","templated":true}]}}