{"id":115177,"date":"2020-05-29T11:21:21","date_gmt":"2020-05-29T14:21:21","guid":{"rendered":"http:\/\/www.24baires.com\/?p=115177"},"modified":"2020-05-29T09:22:31","modified_gmt":"2020-05-29T12:22:31","slug":"el-gobierno-anuncio-avances-con-un-grupo-de-bonistas","status":"publish","type":"post","link":"https:\/\/www.24baires.com\/?p=115177","title":{"rendered":"El Gobierno anunci\u00f3 avances con un grupo de bonistas"},"content":{"rendered":"<p><img data-recalc-dims=\"1\" loading=\"lazy\" decoding=\"async\" src=\"https:\/\/i0.wp.com\/www.24baires.com\/wp-content\/uploads\/2020\/05\/guzman-1.jpg?resize=560%2C313\" alt=\"\" width=\"560\" height=\"313\" class=\"aligncenter size-full wp-image-115099\" srcset=\"https:\/\/i0.wp.com\/www.24baires.com\/wp-content\/uploads\/2020\/05\/guzman-1.jpg?w=560&amp;ssl=1 560w, https:\/\/i0.wp.com\/www.24baires.com\/wp-content\/uploads\/2020\/05\/guzman-1.jpg?resize=300%2C168&amp;ssl=1 300w\" sizes=\"auto, (max-width: 560px) 100vw, 560px\" \/>El Ministerio de Econom\u00eda de la Naci\u00f3n detall\u00f3 las reuniones que mantuvieron con los acreedores en los \u00faltimos d\u00edas.<!--more--><\/p>\n<p>El ministro de Econom\u00eda, Mart\u00edn Guzm\u00e1n, asegur\u00f3 el jueves por la tarde que logr\u00f3 avanzar en la renegociaci\u00f3n de la deuda con un grupo de bonistas. No obstante, aclar\u00f3 que todav\u00eda resta un camino por recorrer. El objetivo del Gobierno es reestructurar US$ 66.300 millones emitidos bajo legislaci\u00f3n extranjera.<\/p>\n<p>El funcionario nacional emiti\u00f3 un comunicado en el que se\u00f1al\u00f3 que el jueves \u201cse venci\u00f3 uno de los acuerdos de confidencialidad de esta semana. Hay otro que a\u00fan est\u00e1 vigente. De este \u00faltimo a\u00fan no podemos hablar. Con respecto al que venci\u00f3 hoy, el resultado es que nos hemos acercado pero a\u00fan hay un camino importante por recorrer\u201d.<\/p>\n<p>Tras las palabras de Guzm\u00e1n, el Ministerio de Econom\u00eda lanz\u00f3 un parte en el que detall\u00f3 las reuniones que se mantuvieron en los \u00faltimos cinco d\u00edas con los bonistas. En ese aspecto, manifestaron que existe la posibilidad de extender el plazo que vence el pr\u00f3ximo lunes para cerrar un acuerdo.<\/p>\n<p>Entonces, asegur\u00f3 que \u201cactualmente, el vencimiento de la Invitaci\u00f3n est\u00e1 programado para el 2 de junio de 2020. Argentina y sus asesores pretenden continuar con las discusiones con los inversores para promover una reestructuraci\u00f3n de deuda que contribuya significativamente a estabilizar la situaci\u00f3n econ\u00f3mica actual, a mitigar las restricciones a mediano y largo plazo sobre la econom\u00eda de Argentina creadas por su actual carga de deuda, y a orientar la trayectoria econ\u00f3mica del pa\u00eds hacia el crecimiento de largo plazo\u00bb.<\/p>\n<p>En tanto, Guzm\u00e1n explic\u00f3 que se les present\u00f3 a los acreedores \u201cunos t\u00e9rminos de referencia que buscan acercarnos a un acuerdo que cuide a Argentina\u201d, y detall\u00f3 que \u201cel grupo de acreedores llamado Ad Hoc se movi\u00f3 en la direcci\u00f3n correcta con respecto a su oferta previa, pero el movimiento fue corto, insuficiente para las necesidades del pa\u00eds\u201d.<\/p>\n<p>\u00abEsperamos seguir trabajando con los acreedores que componen ese grupo, que al d\u00eda de hoy son quienes tienen una posici\u00f3n m\u00e1s alejada de las restricciones que enfrenta nuestro pa\u00eds. Hay otros acreedores con quienes hemos recorrido un camino que nos acerca m\u00e1s, pero a\u00fan es temprano para hablar de ello, cuando estamos a\u00fan bajo acuerdos de confidencialidad\u201d, agreg\u00f3.<\/p>\n<p>A su vez, explic\u00f3 los objetivos del Gobierno y expres\u00f3 que \u201cuno es el de llegar a un entendimiento con todo el conjunto de acreedores. Y otro es el de reconciliar las posiciones de los distintos acreedores, que son bien diversas, pues todos tienen distintas tenencias de instrumentos, y por lo tanto tienen distintas preferencias y visiones\u201d.<\/p>\n<p>\u201cComo en toda reestructuraci\u00f3n, la coordinaci\u00f3n entre acreedores siempre es una cuesti\u00f3n central\u201d, concluy\u00f3.<\/p>\n","protected":false},"excerpt":{"rendered":"<p>El Ministerio de Econom\u00eda de la Naci\u00f3n detall\u00f3 las reuniones que mantuvieron con los acreedores en los \u00faltimos d\u00edas.<\/p>\n","protected":false},"author":8,"featured_media":0,"comment_status":"open","ping_status":"open","sticky":false,"template":"","format":"standard","meta":{"_jetpack_newsletter_access":"","_jetpack_dont_email_post_to_subs":false,"_jetpack_newsletter_tier_id":0,"_jetpack_memberships_contains_paywalled_content":false,"_jetpack_memberships_contains_paid_content":false,"footnotes":""},"categories":[45],"tags":[],"class_list":["post-115177","post","type-post","status-publish","format-standard","hentry","category-economia"],"jetpack_featured_media_url":"","jetpack_shortlink":"https:\/\/wp.me\/p2JWE0-tXH","jetpack-related-posts":[{"id":113944,"url":"https:\/\/www.24baires.com\/?p=113944","url_meta":{"origin":115177,"position":0},"title":"Acreedores proponen que Provincia haga un pago parcial del bono","author":"GB","date":"29\/01\/2020","format":false,"excerpt":"Bonistas le presentaron al ministerio de Econom\u00eda bonaerense una alternativa para resguardar las finanzas propias y las de la \u00f3rbita provincial. Un grupo de acreedores le propuso al Gobierno bonaerense que pague al menos una parte del capital del bono 2021 para evitar un default en ocho d\u00edas. Allegados a\u2026","rel":"","context":"En \u00abEconom\u00eda\u00bb","block_context":{"text":"Econom\u00eda","link":"https:\/\/www.24baires.com\/?cat=45"},"img":{"alt_text":"","src":"https:\/\/i0.wp.com\/www.24baires.com\/wp-content\/uploads\/2019\/11\/kicillof.jpg?resize=350%2C200","width":350,"height":200,"srcset":"https:\/\/i0.wp.com\/www.24baires.com\/wp-content\/uploads\/2019\/11\/kicillof.jpg?resize=350%2C200 1x, https:\/\/i0.wp.com\/www.24baires.com\/wp-content\/uploads\/2019\/11\/kicillof.jpg?resize=525%2C300 1.5x"},"classes":[]},{"id":114015,"url":"https:\/\/www.24baires.com\/?p=114015","url_meta":{"origin":115177,"position":1},"title":"La Provincia extendi\u00f3 hasta el mediod\u00eda el plazo para llegar a un acuerdo con los acreedores","author":"GB","date":"04\/02\/2020","format":false,"excerpt":"El Gobierno bonaerense estir\u00f3 hasta las 12 de este martes el tiempo para que los tenedores brinden se\u00f1ales sobre la propuesta elaborada. En el marco de un total hermetismo por parte del gobierno de Axel Kicillof, el Ministerio de Hacienda y Finanzas extendi\u00f3 hasta las 12 del mediod\u00eda de hoy\u2026","rel":"","context":"En \u00abEconom\u00eda\u00bb","block_context":{"text":"Econom\u00eda","link":"https:\/\/www.24baires.com\/?cat=45"},"img":{"alt_text":"","src":"https:\/\/i0.wp.com\/www.24baires.com\/wp-content\/uploads\/2019\/11\/kicillof.jpg?resize=350%2C200","width":350,"height":200,"srcset":"https:\/\/i0.wp.com\/www.24baires.com\/wp-content\/uploads\/2019\/11\/kicillof.jpg?resize=350%2C200 1x, https:\/\/i0.wp.com\/www.24baires.com\/wp-content\/uploads\/2019\/11\/kicillof.jpg?resize=525%2C300 1.5x"},"classes":[]},{"id":116121,"url":"https:\/\/www.24baires.com\/?p=116121","url_meta":{"origin":115177,"position":2},"title":"Guzm\u00e1n: \u00abRestauramos la sostenibilidad de la deuda p\u00fablica con acreedores privados\u00bb","author":"AF","date":"01\/09\/2020","format":false,"excerpt":"El ministro de Econom\u00eda destac\u00f3 el alcance de la reestructuraci\u00f3n de la deuda con los bonistas privados. A trav\u00e9s de sus cuentas en las redes sociales, el ministro de Econom\u00eda de la Naci\u00f3n, Mart\u00edn Guzm\u00e1n, destac\u00f3 este martes el acuerdo alcanzado con los bonistas privados para reestructurar parte de la\u2026","rel":"","context":"En \u00abEconom\u00eda\u00bb","block_context":{"text":"Econom\u00eda","link":"https:\/\/www.24baires.com\/?cat=45"},"img":{"alt_text":"","src":"https:\/\/i0.wp.com\/www.24baires.com\/wp-content\/uploads\/2020\/05\/guzman-1.jpg?resize=350%2C200","width":350,"height":200,"srcset":"https:\/\/i0.wp.com\/www.24baires.com\/wp-content\/uploads\/2020\/05\/guzman-1.jpg?resize=350%2C200 1x, https:\/\/i0.wp.com\/www.24baires.com\/wp-content\/uploads\/2020\/05\/guzman-1.jpg?resize=525%2C300 1.5x"},"classes":[]},{"id":115230,"url":"https:\/\/www.24baires.com\/?p=115230","url_meta":{"origin":115177,"position":3},"title":"FMI respalda a Argentina: \u00abNadie se beneficia de un pa\u00eds que cae al precipio de la deuda\u00bb","author":"AF","date":"03\/06\/2020","format":false,"excerpt":"La titular del FMI advirti\u00f3 a los acreedores que se arriesgan a no recuperar su dinero y advirti\u00f3 que \"en ocasiones es necesario realizar una reestructuraci\u00f3n reflexiva\". La directora Gerente del Fondo Monetario Internacional (FMI), Kristalina Georgieva, volvi\u00f3 a manifestar este mi\u00e9rcoles su respaldo al proceso de reestructuraci\u00f3n que lleva\u2026","rel":"","context":"En \u00abEconom\u00eda\u00bb","block_context":{"text":"Econom\u00eda","link":"https:\/\/www.24baires.com\/?cat=45"},"img":{"alt_text":"","src":"https:\/\/i0.wp.com\/www.24baires.com\/wp-content\/uploads\/2016\/04\/fmi.jpg?resize=350%2C200","width":350,"height":200,"srcset":"https:\/\/i0.wp.com\/www.24baires.com\/wp-content\/uploads\/2016\/04\/fmi.jpg?resize=350%2C200 1x, https:\/\/i0.wp.com\/www.24baires.com\/wp-content\/uploads\/2016\/04\/fmi.jpg?resize=525%2C300 1.5x"},"classes":[]},{"id":113993,"url":"https:\/\/www.24baires.com\/?p=113993","url_meta":{"origin":115177,"position":4},"title":"Kicillof mejor\u00f3 la propuesta de reperfilamiento a los bonistas","author":"GB","date":"03\/02\/2020","format":false,"excerpt":"La Provincia ofert\u00f3 a tenedores del bono pagar el 30% del capital que venci\u00f3 el 26 de enero. El Gobierno de la provincia de Buenos Aires ofreci\u00f3 este lunes a los acreedores del bono BP21 abonar el 30% del capital que venci\u00f3 el 26 de enero y postergar el resto.\u2026","rel":"","context":"En \u00abProvincia\u00bb","block_context":{"text":"Provincia","link":"https:\/\/www.24baires.com\/?cat=40"},"img":{"alt_text":"","src":"https:\/\/i0.wp.com\/www.24baires.com\/wp-content\/uploads\/2019\/11\/kicillof.jpg?resize=350%2C200","width":350,"height":200,"srcset":"https:\/\/i0.wp.com\/www.24baires.com\/wp-content\/uploads\/2019\/11\/kicillof.jpg?resize=350%2C200 1x, https:\/\/i0.wp.com\/www.24baires.com\/wp-content\/uploads\/2019\/11\/kicillof.jpg?resize=525%2C300 1.5x"},"classes":[]},{"id":115835,"url":"https:\/\/www.24baires.com\/?p=115835","url_meta":{"origin":115177,"position":5},"title":"El Gobierno anunci\u00f3 un acuerdo con bonistas","author":"GB","date":"04\/08\/2020","format":false,"excerpt":"El desenlace lleg\u00f3 tras una ardua negociaci\u00f3n llevada a cabo por el Ministerio de Econom\u00eda Mart\u00edn Guzm\u00e1n. El Gobierno nacional anunci\u00f3 este martes por la ma\u00f1ana que finalmente lleg\u00f3 a un acuerdo con los bonistas en el marco de la renegociaci\u00f3n de la deuda bajo legislaci\u00f3n extranjera. El acercamiento se\u2026","rel":"","context":"En \u00abEconom\u00eda\u00bb","block_context":{"text":"Econom\u00eda","link":"https:\/\/www.24baires.com\/?cat=45"},"img":{"alt_text":"","src":"https:\/\/i0.wp.com\/www.24baires.com\/wp-content\/uploads\/2020\/08\/alberto-guzman.jpg?resize=350%2C200","width":350,"height":200,"srcset":"https:\/\/i0.wp.com\/www.24baires.com\/wp-content\/uploads\/2020\/08\/alberto-guzman.jpg?resize=350%2C200 1x, https:\/\/i0.wp.com\/www.24baires.com\/wp-content\/uploads\/2020\/08\/alberto-guzman.jpg?resize=525%2C300 1.5x"},"classes":[]}],"jetpack_sharing_enabled":true,"jetpack_likes_enabled":true,"_links":{"self":[{"href":"https:\/\/www.24baires.com\/index.php?rest_route=\/wp\/v2\/posts\/115177","targetHints":{"allow":["GET"]}}],"collection":[{"href":"https:\/\/www.24baires.com\/index.php?rest_route=\/wp\/v2\/posts"}],"about":[{"href":"https:\/\/www.24baires.com\/index.php?rest_route=\/wp\/v2\/types\/post"}],"author":[{"embeddable":true,"href":"https:\/\/www.24baires.com\/index.php?rest_route=\/wp\/v2\/users\/8"}],"replies":[{"embeddable":true,"href":"https:\/\/www.24baires.com\/index.php?rest_route=%2Fwp%2Fv2%2Fcomments&post=115177"}],"version-history":[{"count":1,"href":"https:\/\/www.24baires.com\/index.php?rest_route=\/wp\/v2\/posts\/115177\/revisions"}],"predecessor-version":[{"id":115178,"href":"https:\/\/www.24baires.com\/index.php?rest_route=\/wp\/v2\/posts\/115177\/revisions\/115178"}],"wp:attachment":[{"href":"https:\/\/www.24baires.com\/index.php?rest_route=%2Fwp%2Fv2%2Fmedia&parent=115177"}],"wp:term":[{"taxonomy":"category","embeddable":true,"href":"https:\/\/www.24baires.com\/index.php?rest_route=%2Fwp%2Fv2%2Fcategories&post=115177"},{"taxonomy":"post_tag","embeddable":true,"href":"https:\/\/www.24baires.com\/index.php?rest_route=%2Fwp%2Fv2%2Ftags&post=115177"}],"curies":[{"name":"wp","href":"https:\/\/api.w.org\/{rel}","templated":true}]}}