{"id":115092,"date":"2020-05-21T16:30:11","date_gmt":"2020-05-21T19:30:11","guid":{"rendered":"http:\/\/www.24baires.com\/?p=115092"},"modified":"2020-05-21T18:39:56","modified_gmt":"2020-05-21T21:39:56","slug":"115092","status":"publish","type":"post","link":"https:\/\/www.24baires.com\/?p=115092","title":{"rendered":"Provincia recibi\u00f3 6 mil kits para el diagn\u00f3stico de inmunidad del coronavirus"},"content":{"rendered":"<p><img data-recalc-dims=\"1\" loading=\"lazy\" decoding=\"async\" src=\"https:\/\/i0.wp.com\/www.24baires.com\/wp-content\/uploads\/2020\/05\/kits-covid.jpeg?resize=560%2C373\" alt=\"\" width=\"560\" height=\"373\" class=\"aligncenter size-full wp-image-115093\" srcset=\"https:\/\/i0.wp.com\/www.24baires.com\/wp-content\/uploads\/2020\/05\/kits-covid.jpeg?w=560&amp;ssl=1 560w, https:\/\/i0.wp.com\/www.24baires.com\/wp-content\/uploads\/2020\/05\/kits-covid.jpeg?resize=300%2C200&amp;ssl=1 300w\" sizes=\"auto, (max-width: 560px) 100vw, 560px\" \/>Al hacer entrega de estos kits, explicaron que se utilizan para detectar anticuerpos del COVID-19.<!--more--><\/p>\n<p>El ministerio de Ciencia y Tecnolog\u00eda de la Naci\u00f3n, conducido por Roberto Salvarezza, junto con el Laboratorio del Instituto Leloir, entregaron al ministerio de Salud bonaerense un total de 6 mil determinaciones para detectar anticuerpos del COVID-19 en personas asintom\u00e1ticas. <\/p>\n<p>La entrega se hizo en la Facultad de Medicina de la Universidad de Buenos Aires durante una reuni\u00f3n que mantuvieron el ministro Salvarezza; el ministro de Producci\u00f3n, Ciencia e Innovaci\u00f3n Tecnol\u00f3gica de la Provincia, Augusto Costa; el ministro de Salud bonaerense, Daniel Gollan; su vice Nicol\u00e1s Kreplak; la subsecretaria de Gesti\u00f3n de la Informaci\u00f3n, Educaci\u00f3n Permanente y Fiscalizaci\u00f3n, Leticia Ceriani; el subsecretario de Ciencia, Tecnolog\u00eda e Innovaci\u00f3n, Federico Ag\u00fcero; la jefa del Laboratorio del Instituto Leloir, Andrea Gamarnik y el jefe de asesores del ministerio de salud, Enio Garc\u00eda. M\u00e1s tarde, los funcionarios recorrieron el Instituto de Investigaciones Biom\u00e9dicas en Retrovirus y SIDA (INBIRS), instituci\u00f3n que est\u00e1 contribuyendo en el diagn\u00f3stico por PCR.<\/p>\n<p>Los cient\u00edficos explicaron que las determinaciones de kits serol\u00f3gicos que recibi\u00f3 hoy la Provincia se utilizan para detectar anticuerpos del COVID-19 y que son una herramienta muy \u00fatil para controlar la pandemia porque, no solo sirven para saber si una persona ya tuvo la enfermedad, sino que tambi\u00e9n pueden ser utilizados para conocer la evoluci\u00f3n del virus en pacientes positivos, as\u00ed como, para determinar anticuerpos en los plasmas para ser utilizados en pacientes en terapia, y realizar estudios epidemiol\u00f3gicos en determinados grupos de riesgo que est\u00e1n expuestos que, probablemente, son asintom\u00e1ticos.<\/p>\n<p>Durante la jornada, el ministro Salvarezza agradeci\u00f3 a todo el equipo de salud y cient\u00edfico que trabaj\u00f3 para el desarrollo de esta herramienta y en otros proyectos que ser\u00e1n un gran aporte para poder enfrentar este virus. \u201cQuiero expresar mi absoluto agradecimiento a todos aquellos que desde el primer momento estuvieron acompa\u00f1ando esta acci\u00f3n colectiva del sistema cient\u00edfico-tecnol\u00f3gico de nuestro pa\u00eds. Respondieron en forma un\u00e1nime y desinteresadamente y el resultado ha sido sensacional\u201d, afirm\u00f3.<\/p>\n<p>En la misma l\u00ednea, el ministro Gollan destac\u00f3 el trabajo de los cient\u00edficos \u201cporque en pocos d\u00edas brind\u00f3 herramientas para ayudarnos a manejar la crisis, tener diagn\u00f3sticos que son m\u00e1s r\u00e1pidos y econ\u00f3micos y, poder medir la circulaci\u00f3n del virus\u201d. <\/p>\n<p>\u201cEs un sector que fue atacado por mucho tiempo y que hoy est\u00e1 siendo revalorizado. Esperemos que esa revalorizaci\u00f3n sea para siempre, porque hoy los pueblos tienen m\u00e1s expectativa de crecimiento por el desarrollo de conocimiento, que por cualquier otra \u00e1rea\u201d. Y agreg\u00f3: \u201cNosotros vamos a poner todo el empe\u00f1o, toda la disposici\u00f3n, para poder hacer esto que nunca se debi\u00f3 haber perdido, integrando las dos trincheras, la del sector del trabajador de salud y la ciencia\u201d.<\/p>\n<p>Por su parte, Andrea Gamarnik, Jefa del Laboratorio donde se desarrollaron los kits serol\u00f3gicos junto con cient\u00edficos del Conicet, explic\u00f3 que la herramienta de determinaci\u00f3n fue desarrollada en tiempo r\u00e9cord, y aprobada por el ANMAT en tan s\u00f3lo 45 d\u00edas: \u201cAl principio pensamos que iba a ser un proceso de 6 meses, pero decidimos poner todo nuestro esfuerzo para desarrollar esta herramienta que va a ser muy \u00fatil para monitorear pacientes, determinar anticuerpos en los plasmas, e incluso para hacer estudios epidemiol\u00f3gicos\u201d, se\u00f1al\u00f3.<\/p>\n","protected":false},"excerpt":{"rendered":"<p>Al hacer entrega de estos kits, explicaron que se utilizan para detectar anticuerpos del COVID-19.<\/p>\n","protected":false},"author":4,"featured_media":0,"comment_status":"open","ping_status":"open","sticky":false,"template":"","format":"standard","meta":{"_jetpack_newsletter_access":"","_jetpack_dont_email_post_to_subs":false,"_jetpack_newsletter_tier_id":0,"_jetpack_memberships_contains_paywalled_content":false,"_jetpack_memberships_contains_paid_content":false,"footnotes":""},"categories":[40],"tags":[],"class_list":["post-115092","post","type-post","status-publish","format-standard","hentry","category-provincia"],"jetpack_shortlink":"https:\/\/wp.me\/s2JWE0-115092","jetpack-related-posts":[{"id":115072,"url":"https:\/\/www.24baires.com\/?p=115072","url_meta":{"origin":115092,"position":0},"title":"Provincia recibir\u00e1 los \u00abTest r\u00e1pidos\u00bb que desarroll\u00f3 el Conicet","author":"GB","date":"20\/05\/2020","format":false,"excerpt":"Le informaci\u00f3n fue confirmada este martes luego de una reuni\u00f3n entre le ministro de Salud de la provincia y el titular del organismo cient\u00edfico, Roberto Salvarezza. Esta ma\u00f1ana el titular de la cartera de Salud bonaerense, Daniel Gollan, su vice, Nicol\u00e1s Kreplak y la Subsecretar\u00eda T\u00e9cnica, Administrativa y Legal del\u2026","rel":"","context":"En \u00abProvincia\u00bb","block_context":{"text":"Provincia","link":"https:\/\/www.24baires.com\/?cat=40"},"img":{"alt_text":"","src":"https:\/\/i0.wp.com\/www.24baires.com\/wp-content\/uploads\/2020\/05\/provincia-salud.jpeg?resize=350%2C200","width":350,"height":200,"srcset":"https:\/\/i0.wp.com\/www.24baires.com\/wp-content\/uploads\/2020\/05\/provincia-salud.jpeg?resize=350%2C200 1x, https:\/\/i0.wp.com\/www.24baires.com\/wp-content\/uploads\/2020\/05\/provincia-salud.jpeg?resize=525%2C300 1.5x"},"classes":[]},{"id":114695,"url":"https:\/\/www.24baires.com\/?p=114695","url_meta":{"origin":115092,"position":1},"title":"Kicillof y funcionarios mantuvieron un encuentro con el comit\u00e9 de expertos","author":"AF","date":"14\/04\/2020","format":false,"excerpt":"Analizaron las pr\u00f3ximas medidas frente a la pandemia del COVID-19. El gobernador de la provincia de Buenos Aires, Axel Kicillof, mantuvo esta tarde una reuni\u00f3n con el comit\u00e9 de expertos de la Provincia para continuar analizando la situaci\u00f3n actual y las pr\u00f3ximas medidas a tomar en el marco de la\u2026","rel":"","context":"En \u00abProvincia\u00bb","block_context":{"text":"Provincia","link":"https:\/\/www.24baires.com\/?cat=40"},"img":{"alt_text":"","src":"https:\/\/i0.wp.com\/www.24baires.com\/wp-content\/uploads\/2020\/04\/comit%C3%A9-covid.jpg?resize=350%2C200","width":350,"height":200,"srcset":"https:\/\/i0.wp.com\/www.24baires.com\/wp-content\/uploads\/2020\/04\/comit%C3%A9-covid.jpg?resize=350%2C200 1x, https:\/\/i0.wp.com\/www.24baires.com\/wp-content\/uploads\/2020\/04\/comit%C3%A9-covid.jpg?resize=525%2C300 1.5x"},"classes":[]},{"id":117267,"url":"https:\/\/www.24baires.com\/?p=117267","url_meta":{"origin":115092,"position":2},"title":"Quienes tuvieron Covid podr\u00edan no necesitar la segunda dosis de Sputnik","author":"AF","date":"04\/03\/2021","format":false,"excerpt":"As\u00ed lo dej\u00f3 en evidencia un estudio del Conicet. Desde el Gobierno aclararon que no se analiza cambiar el esquema de vacunaci\u00f3n. Un estudio realizado por investigadores del Conicet y el ministerio de Salud de la provincia de Buenos Aires determin\u00f3 que el 100% de las personas voluntarias desarroll\u00f3 anticuerpos\u2026","rel":"","context":"En \u00abSociedad\u00bb","block_context":{"text":"Sociedad","link":"https:\/\/www.24baires.com\/?cat=1"},"img":{"alt_text":"","src":"https:\/\/i0.wp.com\/www.24baires.com\/wp-content\/uploads\/2020\/08\/vacuna-covid.jpg?resize=350%2C200","width":350,"height":200,"srcset":"https:\/\/i0.wp.com\/www.24baires.com\/wp-content\/uploads\/2020\/08\/vacuna-covid.jpg?resize=350%2C200 1x, https:\/\/i0.wp.com\/www.24baires.com\/wp-content\/uploads\/2020\/08\/vacuna-covid.jpg?resize=525%2C300 1.5x"},"classes":[]},{"id":116076,"url":"https:\/\/www.24baires.com\/?p=116076","url_meta":{"origin":115092,"position":3},"title":"Argentina producir\u00e1 un mill\u00f3n de test r\u00e1pidos para detecci\u00f3n de coronavirus por mes","author":"AF","date":"26\/08\/2020","format":false,"excerpt":"El abastecimiento primario ser\u00e1 para el sistema p\u00fablico de salud pero tambi\u00e9n buscar\u00e1 satisfacer los requerimientos del sector privado nacional y exportar. Ya llegaron partidas a hospitales de provincia y ciudad de Buenos Aires, Salta, Chaco y Jujuy. El Neokit-Covid 19, el test r\u00e1pido de desarrollo argentino que detecta la\u2026","rel":"","context":"En \u00abSociedad\u00bb","block_context":{"text":"Sociedad","link":"https:\/\/www.24baires.com\/?cat=1"},"img":{"alt_text":"","src":"https:\/\/i0.wp.com\/www.24baires.com\/wp-content\/uploads\/2020\/08\/test-covid.jpg?resize=350%2C200","width":350,"height":200,"srcset":"https:\/\/i0.wp.com\/www.24baires.com\/wp-content\/uploads\/2020\/08\/test-covid.jpg?resize=350%2C200 1x, https:\/\/i0.wp.com\/www.24baires.com\/wp-content\/uploads\/2020\/08\/test-covid.jpg?resize=525%2C300 1.5x"},"classes":[]},{"id":115659,"url":"https:\/\/www.24baires.com\/?p=115659","url_meta":{"origin":115092,"position":4},"title":"Lleg\u00f3 el segundo buque con insumos m\u00e9dicos desde China","author":"GB","date":"17\/07\/2020","format":false,"excerpt":"El arribo de la embarcaci\u00f3n se produjo este jueves y cont\u00f3 con la presencia del gobernador. Todav\u00eda restan cuatro env\u00edos mar\u00edtimos para reforzar el sistema de salud provincial El gobernador de la provincia de Buenos Aires, Axel Kicillof, recibi\u00f3 este jueves en el puerto de Dock Sud al buque portacontenedores\u2026","rel":"","context":"En \u00abProvincia\u00bb","block_context":{"text":"Provincia","link":"https:\/\/www.24baires.com\/?cat=40"},"img":{"alt_text":"","src":"https:\/\/i0.wp.com\/www.24baires.com\/wp-content\/uploads\/2020\/07\/bique-china.jpg?resize=350%2C200","width":350,"height":200,"srcset":"https:\/\/i0.wp.com\/www.24baires.com\/wp-content\/uploads\/2020\/07\/bique-china.jpg?resize=350%2C200 1x, https:\/\/i0.wp.com\/www.24baires.com\/wp-content\/uploads\/2020\/07\/bique-china.jpg?resize=525%2C300 1.5x"},"classes":[]},{"id":113387,"url":"https:\/\/www.24baires.com\/?p=113387","url_meta":{"origin":115092,"position":5},"title":"Jura de ministros: Kicillof les pidi\u00f3 que sean \u201cmilitantes\u201d","author":"GB","date":"12\/12\/2019","format":false,"excerpt":"El gobernador bonaerense encabezar\u00e1 el acto protocolar que se llevar\u00e1 a cabo en La Plata para poner en funciones su equipo. Atr\u00e1s qued\u00f3 el gobierno de Mar\u00eda Eugenia Vidal en la provincia de Buenos Aires y desde el mi\u00e9rcoles tom\u00f3 las riendas Axel Kicillof luego de asumir su mandato en\u2026","rel":"","context":"En \u00abProvincia\u00bb","block_context":{"text":"Provincia","link":"https:\/\/www.24baires.com\/?cat=40"},"img":{"alt_text":"","src":"https:\/\/i0.wp.com\/www.24baires.com\/wp-content\/uploads\/2019\/11\/kicillof.jpg?resize=350%2C200","width":350,"height":200,"srcset":"https:\/\/i0.wp.com\/www.24baires.com\/wp-content\/uploads\/2019\/11\/kicillof.jpg?resize=350%2C200 1x, https:\/\/i0.wp.com\/www.24baires.com\/wp-content\/uploads\/2019\/11\/kicillof.jpg?resize=525%2C300 1.5x"},"classes":[]}],"jetpack_sharing_enabled":true,"jetpack_likes_enabled":true,"jetpack_featured_media_url":"","_links":{"self":[{"href":"https:\/\/www.24baires.com\/index.php?rest_route=\/wp\/v2\/posts\/115092","targetHints":{"allow":["GET"]}}],"collection":[{"href":"https:\/\/www.24baires.com\/index.php?rest_route=\/wp\/v2\/posts"}],"about":[{"href":"https:\/\/www.24baires.com\/index.php?rest_route=\/wp\/v2\/types\/post"}],"author":[{"embeddable":true,"href":"https:\/\/www.24baires.com\/index.php?rest_route=\/wp\/v2\/users\/4"}],"replies":[{"embeddable":true,"href":"https:\/\/www.24baires.com\/index.php?rest_route=%2Fwp%2Fv2%2Fcomments&post=115092"}],"version-history":[{"count":2,"href":"https:\/\/www.24baires.com\/index.php?rest_route=\/wp\/v2\/posts\/115092\/revisions"}],"predecessor-version":[{"id":115095,"href":"https:\/\/www.24baires.com\/index.php?rest_route=\/wp\/v2\/posts\/115092\/revisions\/115095"}],"wp:attachment":[{"href":"https:\/\/www.24baires.com\/index.php?rest_route=%2Fwp%2Fv2%2Fmedia&parent=115092"}],"wp:term":[{"taxonomy":"category","embeddable":true,"href":"https:\/\/www.24baires.com\/index.php?rest_route=%2Fwp%2Fv2%2Fcategories&post=115092"},{"taxonomy":"post_tag","embeddable":true,"href":"https:\/\/www.24baires.com\/index.php?rest_route=%2Fwp%2Fv2%2Ftags&post=115092"}],"curies":[{"name":"wp","href":"https:\/\/api.w.org\/{rel}","templated":true}]}}