{"id":115086,"date":"2020-05-21T11:01:13","date_gmt":"2020-05-21T14:01:13","guid":{"rendered":"http:\/\/www.24baires.com\/?p=115086"},"modified":"2020-05-21T11:01:13","modified_gmt":"2020-05-21T14:01:13","slug":"docentes-bonaerenses-pidieron-pautas-claras-sobre-su-trabajo-durante-la-cuarentena","status":"publish","type":"post","link":"https:\/\/www.24baires.com\/?p=115086","title":{"rendered":"Docentes bonaerenses pidieron \u00abpautas claras\u00bb sobre su trabajo durante la cuarentena"},"content":{"rendered":"<p><img data-recalc-dims=\"1\" loading=\"lazy\" decoding=\"async\" src=\"https:\/\/i0.wp.com\/www.24baires.com\/wp-content\/uploads\/2020\/05\/docentes-virtual.jpg?resize=560%2C313\" alt=\"\" width=\"560\" height=\"313\" class=\"aligncenter size-full wp-image-115087\" srcset=\"https:\/\/i0.wp.com\/www.24baires.com\/wp-content\/uploads\/2020\/05\/docentes-virtual.jpg?w=560&amp;ssl=1 560w, https:\/\/i0.wp.com\/www.24baires.com\/wp-content\/uploads\/2020\/05\/docentes-virtual.jpg?resize=300%2C168&amp;ssl=1 300w\" sizes=\"auto, (max-width: 560px) 100vw, 560px\" \/>Los gremios quieren evitar la sobrecarga laboral, reclaman la normalizaci\u00f3n de la designaciones y la puesta en funcionamiento del plan FINES, entre otros reclamos que elevaron a la cartera educativa<!--more--><\/p>\n<p>A trav\u00e9s de una reuni\u00f3n virtual con las directora general de Cultura y Educaci\u00f3n (DGCyE), Agustiba Vila, los referetnes del Frente de Unidad Docente Bonaerense reclamaron pautas claras respecto al trabajo docente durante el Aislamiento Social, Preventivo y Obligatoio (ASPO), teniendo en cuenta los diferentes Niveles y Modalidades, adem\u00e1s de reclamar avances en cuestiones concretas como designaciones y la puestas en marcha del plan FINES.<\/p>\n<p>Seg\u00fan se inform\u00f3, el pliego de pedidos que los docentes le elevaron a la titular de la cartera educativa incluye la normalizaci\u00f3n inmediata en la designaci\u00f3n del personal a trav\u00e9s de \u201cactos p\u00fablicos\u201d, teniendo en cuenta la designaci\u00f3n de suplencias y provisionalidades que a la fecha est\u00e1n sin cubrir, y la de los cargos jer\u00e1rquicos.<\/p>\n<p>Tambi\u00e9n se plante\u00f3 la neceidad de dar inicio al programa FINES, y comenzar con el tratamiento de la Planta Org\u00e1nico Funcional (POF-POFA) de los establecimientos educativos de gesti\u00f3n estatal y privada, que es el punto de partida para las dem\u00e1s acciones estatutarias anuales.<\/p>\n<p>Los maestros remarcaron la necesidad de avanzar, a partir de la comunicaci\u00f3n respecto a ense\u00f1anza y evaluaci\u00f3n que enviara la Subsecretar\u00eda de Educaci\u00f3n, en la especificidad desde cada nivel y modalidad.Una nueva convocatoria a la Comisi\u00f3n Jurisdiccional de Educaci\u00f3n para trabajar los protocolos, \u00abteniendo en cuenta que nuestra Provincia se encuentra dividida en dos fases\u00bb.<\/p>\n<p>\u00b7Los pedidos incluyeron adem\u00e1s la necesidad de un relevamiento respecto a Infraestructura escolar a fin de garantizar escuelas seguras para cuando se realice el retorno a los edificios, y tambi\u00e9n se plante\u00f3 la problem\u00e1tica de las Escuelas de gesti\u00f3n privada con respecto al cobro de salarios y posible cierre de establecimientos, particularmente de Jardines Maternales.<\/p>\n","protected":false},"excerpt":{"rendered":"<p>Los gremios quieren evitar la sobrecarga laboral, reclaman la normalizaci\u00f3n de la designaciones y la puesta en funcionamiento del plan FINES, entre otros reclamos que elevaron a la cartera educativa<\/p>\n","protected":false},"author":8,"featured_media":0,"comment_status":"open","ping_status":"open","sticky":false,"template":"","format":"standard","meta":{"_jetpack_newsletter_access":"","_jetpack_dont_email_post_to_subs":false,"_jetpack_newsletter_tier_id":0,"_jetpack_memberships_contains_paywalled_content":false,"_jetpack_memberships_contains_paid_content":false,"footnotes":""},"categories":[40],"tags":[],"class_list":["post-115086","post","type-post","status-publish","format-standard","hentry","category-provincia"],"jetpack_shortlink":"https:\/\/wp.me\/p2JWE0-tWe","jetpack-related-posts":[{"id":115104,"url":"https:\/\/www.24baires.com\/?p=115104","url_meta":{"origin":115086,"position":0},"title":"La ART deber\u00e1 brindar cobertura a maestros infectados por coronavirus","author":"GB","date":"22\/05\/2020","format":false,"excerpt":"La medida es para quienes deban concurrir a trabajar a los establecimientos educativos del territorio bonaerense. En las \u00faltimas horas se confirm\u00f3 que los docentes tendr\u00e1n cobertura m\u00e9dica a trav\u00e9s de la ART en caso que hayan sido infectados por coronavirus a ra\u00edz de realizar su trabajo en establecimientos educativos.\u2026","rel":"","context":"En \u00abLocales\u00bb","block_context":{"text":"Locales","link":"https:\/\/www.24baires.com\/?cat=38"},"img":{"alt_text":"","src":"https:\/\/i0.wp.com\/www.24baires.com\/wp-content\/uploads\/2014\/03\/aula-vac%C3%ADa.jpg?resize=350%2C200","width":350,"height":200,"srcset":"https:\/\/i0.wp.com\/www.24baires.com\/wp-content\/uploads\/2014\/03\/aula-vac%C3%ADa.jpg?resize=350%2C200 1x, https:\/\/i0.wp.com\/www.24baires.com\/wp-content\/uploads\/2014\/03\/aula-vac%C3%ADa.jpg?resize=525%2C300 1.5x"},"classes":[]},{"id":103895,"url":"https:\/\/www.24baires.com\/?p=103895","url_meta":{"origin":115086,"position":1},"title":"Docentes bonaerenses marchan a la Direcci\u00f3n de Escuelas","author":"GB","date":"15\/08\/2018","format":false,"excerpt":"Junto a estatales, el Frente de Unidad Docente reclamar\u00e1 frente a la cartera educativa \"soluciones urgentes\" para la crisis de infraestructura y el servicio de comedores escolares. Los gremios docentes y los estatales bonaerenses marchan en estos momentos a la Direcci\u00f3n General de Escuelas para reclamar \"mejoras urgentes\" en materia\u2026","rel":"","context":"En \u00abProvincia\u00bb","block_context":{"text":"Provincia","link":"https:\/\/www.24baires.com\/?cat=40"},"img":{"alt_text":"","src":"https:\/\/i0.wp.com\/www.24baires.com\/wp-content\/uploads\/2018\/06\/docentes-en-lucha.jpg?resize=350%2C200","width":350,"height":200,"srcset":"https:\/\/i0.wp.com\/www.24baires.com\/wp-content\/uploads\/2018\/06\/docentes-en-lucha.jpg?resize=350%2C200 1x, https:\/\/i0.wp.com\/www.24baires.com\/wp-content\/uploads\/2018\/06\/docentes-en-lucha.jpg?resize=525%2C300 1.5x"},"classes":[]},{"id":116246,"url":"https:\/\/www.24baires.com\/?p=116246","url_meta":{"origin":115086,"position":2},"title":"Docentes le piden a Kicillof que los llame a paritarias","author":"GB","date":"16\/09\/2020","format":false,"excerpt":"Los docentes bonaerenses agrupados en el FUDB hicieron saber su reclamo al Gobierno provincial para exigir un aumento salarial. Los docentes bonaerenses nucleados en el FUDB elevaron un nuevo pedido al gobierno de Axel Kicillof para que los convoque a paritarias para discutir aumento salarial. El reclamo se suma al\u2026","rel":"","context":"En \u00abProvincia\u00bb","block_context":{"text":"Provincia","link":"https:\/\/www.24baires.com\/?cat=40"},"img":{"alt_text":"","src":"https:\/\/i0.wp.com\/www.24baires.com\/wp-content\/uploads\/2020\/01\/kicillof-docentes.jpeg?resize=350%2C200","width":350,"height":200,"srcset":"https:\/\/i0.wp.com\/www.24baires.com\/wp-content\/uploads\/2020\/01\/kicillof-docentes.jpeg?resize=350%2C200 1x, https:\/\/i0.wp.com\/www.24baires.com\/wp-content\/uploads\/2020\/01\/kicillof-docentes.jpeg?resize=525%2C300 1.5x"},"classes":[]},{"id":100412,"url":"https:\/\/www.24baires.com\/?p=100412","url_meta":{"origin":115086,"position":3},"title":"Petrocini: \u00abNo queremos discutir salarios a trav\u00e9s de los medios\u00bb","author":"GB","date":"07\/02\/2018","format":false,"excerpt":"La titular de la Federaci\u00f3n de Educadores Bonaerenses record\u00f3 que los docentes vienen reclamando una convocatoria desde noviembre. Los docentes bonaerenses volvieron a reclamar la convocatoria a paritarias. Esta vez lo hizo la titular de la Federaci\u00f3n de Educadores Bonaerenses (FEB), Mirta Petrocini, que sostuvo que los gremios \"no queremos\u2026","rel":"","context":"En \u00abProvincia\u00bb","block_context":{"text":"Provincia","link":"https:\/\/www.24baires.com\/?cat=40"},"img":{"alt_text":"","src":"https:\/\/i0.wp.com\/www.24baires.com\/wp-content\/uploads\/2014\/03\/petrocini1.jpg?resize=350%2C200","width":350,"height":200,"srcset":"https:\/\/i0.wp.com\/www.24baires.com\/wp-content\/uploads\/2014\/03\/petrocini1.jpg?resize=350%2C200 1x, https:\/\/i0.wp.com\/www.24baires.com\/wp-content\/uploads\/2014\/03\/petrocini1.jpg?resize=525%2C300 1.5x"},"classes":[]},{"id":103498,"url":"https:\/\/www.24baires.com\/?p=103498","url_meta":{"origin":115086,"position":4},"title":"Docentes rechazaron un 16,7% de aumento y parar\u00e1n la pr\u00f3xima semana","author":"AF","date":"23\/07\/2018","format":false,"excerpt":"El Frente Gremial Bonaerense no acept\u00f3 el 16,7% de aumento que les ofreci\u00f3 el gobierno de Vidal y la semana que viene no arrancar\u00e1n las clases. Luego de casi tres meses desde la \u00faltima mesa de negociaci\u00f3n paritaria, el gobierno de la provincia de Buenos Aires y los sindicatos docentes\u2026","rel":"","context":"En \u00abSociedad\u00bb","block_context":{"text":"Sociedad","link":"https:\/\/www.24baires.com\/?cat=1"},"img":{"alt_text":"","src":"https:\/\/i0.wp.com\/www.24baires.com\/wp-content\/uploads\/2018\/04\/docentes-universitarios.jpg?resize=350%2C200","width":350,"height":200,"srcset":"https:\/\/i0.wp.com\/www.24baires.com\/wp-content\/uploads\/2018\/04\/docentes-universitarios.jpg?resize=350%2C200 1x, https:\/\/i0.wp.com\/www.24baires.com\/wp-content\/uploads\/2018\/04\/docentes-universitarios.jpg?resize=525%2C300 1.5x"},"classes":[]},{"id":118816,"url":"https:\/\/www.24baires.com\/?p=118816","url_meta":{"origin":115086,"position":5},"title":"Docentes reclaman una \u201curgente\u201d recomposici\u00f3n salarial","author":"GB","date":"03\/05\/2022","format":false,"excerpt":"Los gremios docentes buscan garantizar que el salario no pierda contra la inflaci\u00f3n El Frente de Unidad Docente Bonaerense (FUDB) se reuni\u00f3 con el Director General de Cultura y Educaci\u00f3n, Alberto Sileoni, y exigi\u00f3 una urgente convocatoria a paritaria salarial para activar la cl\u00e1usula de monitoreo y garantizar que los\u2026","rel":"","context":"En \u00abProvincia\u00bb","block_context":{"text":"Provincia","link":"https:\/\/www.24baires.com\/?cat=40"},"img":{"alt_text":"","src":"https:\/\/i0.wp.com\/www.24baires.com\/wp-content\/uploads\/2020\/01\/kicillof-docentes.jpeg?resize=350%2C200","width":350,"height":200,"srcset":"https:\/\/i0.wp.com\/www.24baires.com\/wp-content\/uploads\/2020\/01\/kicillof-docentes.jpeg?resize=350%2C200 1x, https:\/\/i0.wp.com\/www.24baires.com\/wp-content\/uploads\/2020\/01\/kicillof-docentes.jpeg?resize=525%2C300 1.5x, https:\/\/i0.wp.com\/www.24baires.com\/wp-content\/uploads\/2020\/01\/kicillof-docentes.jpeg?resize=700%2C400 2x"},"classes":[]}],"jetpack_sharing_enabled":true,"jetpack_likes_enabled":true,"jetpack_featured_media_url":"","_links":{"self":[{"href":"https:\/\/www.24baires.com\/index.php?rest_route=\/wp\/v2\/posts\/115086","targetHints":{"allow":["GET"]}}],"collection":[{"href":"https:\/\/www.24baires.com\/index.php?rest_route=\/wp\/v2\/posts"}],"about":[{"href":"https:\/\/www.24baires.com\/index.php?rest_route=\/wp\/v2\/types\/post"}],"author":[{"embeddable":true,"href":"https:\/\/www.24baires.com\/index.php?rest_route=\/wp\/v2\/users\/8"}],"replies":[{"embeddable":true,"href":"https:\/\/www.24baires.com\/index.php?rest_route=%2Fwp%2Fv2%2Fcomments&post=115086"}],"version-history":[{"count":1,"href":"https:\/\/www.24baires.com\/index.php?rest_route=\/wp\/v2\/posts\/115086\/revisions"}],"predecessor-version":[{"id":115088,"href":"https:\/\/www.24baires.com\/index.php?rest_route=\/wp\/v2\/posts\/115086\/revisions\/115088"}],"wp:attachment":[{"href":"https:\/\/www.24baires.com\/index.php?rest_route=%2Fwp%2Fv2%2Fmedia&parent=115086"}],"wp:term":[{"taxonomy":"category","embeddable":true,"href":"https:\/\/www.24baires.com\/index.php?rest_route=%2Fwp%2Fv2%2Fcategories&post=115086"},{"taxonomy":"post_tag","embeddable":true,"href":"https:\/\/www.24baires.com\/index.php?rest_route=%2Fwp%2Fv2%2Ftags&post=115086"}],"curies":[{"name":"wp","href":"https:\/\/api.w.org\/{rel}","templated":true}]}}