{"id":11507,"date":"2013-01-08T11:16:57","date_gmt":"2013-01-08T14:16:57","guid":{"rendered":"http:\/\/www.24baires.com\/?p=11507"},"modified":"2013-01-09T12:25:36","modified_gmt":"2013-01-09T15:25:36","slug":"ate-reclamarara-un-aumento-del-48-cuando-se-abra-la-paritaria","status":"publish","type":"post","link":"https:\/\/www.24baires.com\/?p=11507","title":{"rendered":"ATE reclamarar\u00e1 un aumento del 48% cuando se abra la paritaria"},"content":{"rendered":"<p><a href=\"http:\/\/www.24baires.com\/sociedad\/11507-ate-reclamarara-un-aumento-del-48-cuando-se-abra-la-paritaria\/attachment\/de-isasi-2\/\" rel=\"attachment wp-att-11508\"><img data-recalc-dims=\"1\" loading=\"lazy\" decoding=\"async\" class=\"aligncenter size-full wp-image-11508\" alt=\"de isasi\" src=\"https:\/\/i0.wp.com\/www.24baires.com\/wp-content\/uploads\/2013\/01\/de-isasi.jpg?resize=560%2C270\" width=\"560\" height=\"270\" srcset=\"https:\/\/i0.wp.com\/www.24baires.com\/wp-content\/uploads\/2013\/01\/de-isasi.jpg?w=560&amp;ssl=1 560w, https:\/\/i0.wp.com\/www.24baires.com\/wp-content\/uploads\/2013\/01\/de-isasi.jpg?resize=300%2C144&amp;ssl=1 300w\" sizes=\"auto, (max-width: 560px) 100vw, 560px\" \/><\/a><\/p>\n<p>Lo adelant\u00f3 el titular del gremio a nivel provincial, Oscar de Isasi, de cara a la discusi\u00f3n salarial que se abrir\u00e1 con el Ejecutivo bonaerense el pr\u00f3ximo lunes. El sindicalista pidi\u00f3 pidi\u00f3 un \u201c\u00e1mbito de discusi\u00f3n democr\u00e1tica\u201d para \u201cresolver todos los problemas laborales que a\u00fan est\u00e1n pendientes\u201d.<!--more--><\/p>\n<p>Uno de los gremios estatales con mayor cantidad de afiliados de la provincia de Buenos Aires ir\u00e1 a la mesa de negociaciones salariales del pr\u00f3ximo 14 de enero con la expectativa de conseguir un aumento del 48 por ciento.<\/p>\n<p>El secretario general de ATE Provincia, Oscar de Isasi, asegur\u00f3 que \u201cel aumento salarial debe apuntar a recuperar el poder adquisitivo\u201d y que si se incluyen \u201clas proyecciones inflacionarias para 2013 y las p\u00e9rdidas de a\u00f1os anteriores, hay que pensar en una recuperaci\u00f3n de bolsillo del 48%\u201d.<\/p>\n<p>Tomando datos del sector privado, De Isasi fundament\u00f3 que \u201cs\u00f3lo la inflaci\u00f3n de 2012 fue del 25 por ciento, mientras que las subas para los trabajadores del Estado fueron del 21 por ciento promedio\u201d.<\/p>\n<p>\u201cPor ende, si tenemos en cuenta la p\u00e9rdida adquisitiva del a\u00f1o anterior y la estimaci\u00f3n inflacionaria para 2013, para empatar precios y salarios tendr\u00edamos que hablar de una recuperaci\u00f3n del orden del 29% como m\u00ednimo\u201d, calcul\u00f3.<\/p>\n<p>Hasta el momento, los \u00fanicos gremios convocados oficialmente fueron los del sector docente, aunque desde ATE estiman que ser\u00e1n llamados en los pr\u00f3ximos d\u00edas por las autoridades bonaerenses.<\/p>\n<p>Antes de fin de a\u00f1o el propio ministro de Trabajo, Oscar Cuartango, hab\u00eda adelantado que no s\u00f3lo abrir\u00edan la paritaria con los maestros, sino tambi\u00e9n con los empleados de la administraci\u00f3n p\u00fablica<\/p>\n<p>\u201cNecesitamos que el \u00e1mbito de discusi\u00f3n democr\u00e1tica sea continuo, entre los trabajadores y el Estado provincial, con la intenci\u00f3n de resolver todos los problemas laborales que a\u00fan est\u00e1n pendientes y que complementan el debate por los haberes\u201d, consider\u00f3 De Isasi a trav\u00e9s de la p\u00e1gina oficial de ATE Provincia.<\/p>\n<p>En este sentido, insisti\u00f3 con reclamos como el \u201cblanqueo y equiparaci\u00f3n de las cifras en negro; equiparaci\u00f3n de las horas de bolsillo de los trabajadores de salud y educaci\u00f3n con las de otros sectores, cuyo valor es superior; eliminaci\u00f3n de los topes en las asignaciones familiares; y que se derogue la resoluci\u00f3n interministerial que posibilita los descuentos\u201d.<\/p>\n<p>&nbsp;<\/p>\n<p>&nbsp;<\/p>\n<p>&nbsp;<\/p>\n<p>&nbsp;<\/p>\n<p>&nbsp;<\/p>\n<p>&nbsp;<\/p>\n<p>&nbsp;<\/p>\n<p>&nbsp;<\/p>\n<p>&nbsp;<\/p>\n<p>&nbsp;<\/p>\n<p>&nbsp;<\/p>\n<p>&nbsp;<\/p>\n<p>&nbsp;<\/p>\n<p>&nbsp;<\/p>\n<p>&nbsp;<\/p>\n<p>&nbsp;<\/p>\n<p>&nbsp;<\/p>\n<p>&nbsp;<\/p>\n<p>&nbsp;<\/p>\n<p>&nbsp;<\/p>\n<p>&nbsp;<\/p>\n<p>&nbsp;<\/p>\n","protected":false},"excerpt":{"rendered":"<p>Lo adelant\u00f3 el titular del gremio a nivel provincial, Oscar de Isasi, de cara a la discusi\u00f3n salarial que se abrir\u00e1 con el Ejecutivo bonaerense el pr\u00f3ximo lunes. El sindicalista pidi\u00f3 pidi\u00f3 un \u201c\u00e1mbito de discusi\u00f3n democr\u00e1tica\u201d para \u201cresolver todos los problemas laborales que a\u00fan est\u00e1n pendientes\u201d.<\/p>\n","protected":false},"author":4,"featured_media":0,"comment_status":"open","ping_status":"open","sticky":false,"template":"","format":"standard","meta":{"_jetpack_newsletter_access":"","_jetpack_dont_email_post_to_subs":false,"_jetpack_newsletter_tier_id":0,"_jetpack_memberships_contains_paywalled_content":false,"_jetpack_memberships_contains_paid_content":false,"footnotes":""},"categories":[1],"tags":[],"class_list":["post-11507","post","type-post","status-publish","format-standard","hentry","category-sociedad"],"jetpack_featured_media_url":"","jetpack_shortlink":"https:\/\/wp.me\/p2JWE0-2ZB","jetpack-related-posts":[{"id":31946,"url":"https:\/\/www.24baires.com\/?p=31946","url_meta":{"origin":11507,"position":0},"title":"ATE retomar\u00e1 los paros martes y mi\u00e9rcoles","author":"AF","date":"16\/09\/2013","format":false,"excerpt":"Los empleados nucleados en la Asociaci\u00f3n de Trabajadores del Estado (ATE) volver\u00e1n a parar en provincia este mi\u00e9rcoles y jueves para reclamar la reapertura de la discusi\u00f3n salarial y la designaci\u00f3n de nuevos cargos p\u00fablicos. Tras realizar una serie de protestas el martes y mi\u00e9rcoles pasado, ATE Provincia endurecer\u00e1 su\u2026","rel":"","context":"En \u00abSociedad\u00bb","block_context":{"text":"Sociedad","link":"https:\/\/www.24baires.com\/?cat=1"},"img":{"alt_text":"","src":"","width":0,"height":0},"classes":[]},{"id":19094,"url":"https:\/\/www.24baires.com\/?p=19094","url_meta":{"origin":11507,"position":1},"title":"Scioli cerr\u00f3 la paritaria con estatales, pero ATE continuar\u00e1 parando","author":"AF","date":"22\/03\/2013","format":false,"excerpt":"Los titulares de UPCN y Fegepbba, Carlos Quintana y Fotios Cunturis, decidieron aceptar el aumento del 23,6 por ciento promedio, a pesar de considerarlo \u201cinsuficiente\u201d, y el gobernador Daniel Scioli cerr\u00f3 las discusi\u00f3n salarial con el sector. Los estatales conducidos por Oscar de Isasi realizar\u00e1n un paro de 48 horas\u2026","rel":"","context":"En \u00abSociedad\u00bb","block_context":{"text":"Sociedad","link":"https:\/\/www.24baires.com\/?cat=1"},"img":{"alt_text":"","src":"","width":0,"height":0},"classes":[]},{"id":57991,"url":"https:\/\/www.24baires.com\/?p=57991","url_meta":{"origin":11507,"position":2},"title":"ATE para por aumentos salariales y marcha el pr\u00f3ximo mi\u00e9rcoles","author":"AF","date":"02\/12\/2014","format":false,"excerpt":"El Consejo Directivo de ATE Buenos Aires llevar\u00e1 adelante el pr\u00f3ximo mi\u00e9rcoles un paro en todo el territorio bonaerense que incluir\u00e1 una movilizaci\u00f3n a la Casa de la Provincia en Capital Federal. La medida es para exigir \u201cun aumento salarial en la discusi\u00f3n paritaria que se avecina, que permita recuperar\u2026","rel":"","context":"En \u00abSociedad\u00bb","block_context":{"text":"Sociedad","link":"https:\/\/www.24baires.com\/?cat=1"},"img":{"alt_text":"ate","src":"https:\/\/i0.wp.com\/www.24baires.com\/wp-content\/uploads\/2014\/04\/ate.jpg?resize=350%2C200","width":350,"height":200,"srcset":"https:\/\/i0.wp.com\/www.24baires.com\/wp-content\/uploads\/2014\/04\/ate.jpg?resize=350%2C200 1x, https:\/\/i0.wp.com\/www.24baires.com\/wp-content\/uploads\/2014\/04\/ate.jpg?resize=525%2C300 1.5x"},"classes":[]},{"id":77910,"url":"https:\/\/www.24baires.com\/?p=77910","url_meta":{"origin":11507,"position":3},"title":"El Gobierno bonaerense recibe a gremios para discutir paritarias","author":"AF","date":"21\/01\/2016","format":false,"excerpt":"El Gobierno bonaerense iniciar\u00e1 este jueves de manera formal las discusiones paritarias con los docentes y estatales, y aunque los gremios dejaron en claro que ir\u00e1n con un pedido para empezar cuanto antes a debatir salarios, en el primer encuentro no se tocar\u00e1 esta discusi\u00f3n. El encuentro tendr\u00e1 lugar hoy\u2026","rel":"","context":"En \u00abSociedad\u00bb","block_context":{"text":"Sociedad","link":"https:\/\/www.24baires.com\/?cat=1"},"img":{"alt_text":"vidal","src":"https:\/\/i0.wp.com\/www.24baires.com\/wp-content\/uploads\/2015\/12\/vidal.jpg?resize=350%2C200","width":350,"height":200,"srcset":"https:\/\/i0.wp.com\/www.24baires.com\/wp-content\/uploads\/2015\/12\/vidal.jpg?resize=350%2C200 1x, https:\/\/i0.wp.com\/www.24baires.com\/wp-content\/uploads\/2015\/12\/vidal.jpg?resize=525%2C300 1.5x"},"classes":[]},{"id":31549,"url":"https:\/\/www.24baires.com\/?p=31549","url_meta":{"origin":11507,"position":4},"title":"ATE retoma el plan de lucha desde el pr\u00f3ximo martes","author":"AF","date":"09\/09\/2013","format":false,"excerpt":"Los empleados nucleados en la Asociaci\u00f3n de Trabajadores del Estado (ATE) volver\u00e1n a los reclamos en provincia ma\u00f1ana y el mi\u00e9rcoles. En tanto retomar\u00e1n los paros el mi\u00e9rcoles 18 y jueves 19 para reclamar la reapertura de la discusi\u00f3n salarial y la designaci\u00f3n de nuevos cargos. Tal como resolvi\u00f3 el\u2026","rel":"","context":"En \u00abSociedad\u00bb","block_context":{"text":"Sociedad","link":"https:\/\/www.24baires.com\/?cat=1"},"img":{"alt_text":"isasi colo 2","src":"https:\/\/i0.wp.com\/www.24baires.com\/wp-content\/uploads\/2012\/11\/isasi-colo-2.jpg?resize=350%2C200","width":350,"height":200,"srcset":"https:\/\/i0.wp.com\/www.24baires.com\/wp-content\/uploads\/2012\/11\/isasi-colo-2.jpg?resize=350%2C200 1x, https:\/\/i0.wp.com\/www.24baires.com\/wp-content\/uploads\/2012\/11\/isasi-colo-2.jpg?resize=525%2C300 1.5x"},"classes":[]},{"id":108178,"url":"https:\/\/www.24baires.com\/?p=108178","url_meta":{"origin":11507,"position":5},"title":"Comienza nuevo paro de empleados provinciales","author":"GB","date":"15\/05\/2019","format":false,"excerpt":"Los gremios estatales bonaerense empezaron la medida y marchan en CABA en reclamo al gobierno provincial. Los gremios estatales bonaerense unificaron sus reclamos salariales y hoy nuevamente llevar\u00e1n a cabo una medida de fuerza con movilizaci\u00f3n. Con huelgas de hasta 48 horas, marchar\u00e1n a la Casa de la Provincia de\u2026","rel":"","context":"En \u00abProvincia\u00bb","block_context":{"text":"Provincia","link":"https:\/\/www.24baires.com\/?cat=40"},"img":{"alt_text":"","src":"https:\/\/i0.wp.com\/www.24baires.com\/wp-content\/uploads\/2019\/04\/estatales-ate.jpg?resize=350%2C200","width":350,"height":200,"srcset":"https:\/\/i0.wp.com\/www.24baires.com\/wp-content\/uploads\/2019\/04\/estatales-ate.jpg?resize=350%2C200 1x, https:\/\/i0.wp.com\/www.24baires.com\/wp-content\/uploads\/2019\/04\/estatales-ate.jpg?resize=525%2C300 1.5x"},"classes":[]}],"jetpack_sharing_enabled":true,"jetpack_likes_enabled":true,"_links":{"self":[{"href":"https:\/\/www.24baires.com\/index.php?rest_route=\/wp\/v2\/posts\/11507","targetHints":{"allow":["GET"]}}],"collection":[{"href":"https:\/\/www.24baires.com\/index.php?rest_route=\/wp\/v2\/posts"}],"about":[{"href":"https:\/\/www.24baires.com\/index.php?rest_route=\/wp\/v2\/types\/post"}],"author":[{"embeddable":true,"href":"https:\/\/www.24baires.com\/index.php?rest_route=\/wp\/v2\/users\/4"}],"replies":[{"embeddable":true,"href":"https:\/\/www.24baires.com\/index.php?rest_route=%2Fwp%2Fv2%2Fcomments&post=11507"}],"version-history":[{"count":3,"href":"https:\/\/www.24baires.com\/index.php?rest_route=\/wp\/v2\/posts\/11507\/revisions"}],"predecessor-version":[{"id":11626,"href":"https:\/\/www.24baires.com\/index.php?rest_route=\/wp\/v2\/posts\/11507\/revisions\/11626"}],"wp:attachment":[{"href":"https:\/\/www.24baires.com\/index.php?rest_route=%2Fwp%2Fv2%2Fmedia&parent=11507"}],"wp:term":[{"taxonomy":"category","embeddable":true,"href":"https:\/\/www.24baires.com\/index.php?rest_route=%2Fwp%2Fv2%2Fcategories&post=11507"},{"taxonomy":"post_tag","embeddable":true,"href":"https:\/\/www.24baires.com\/index.php?rest_route=%2Fwp%2Fv2%2Ftags&post=11507"}],"curies":[{"name":"wp","href":"https:\/\/api.w.org\/{rel}","templated":true}]}}