{"id":115026,"date":"2020-05-15T10:29:31","date_gmt":"2020-05-15T13:29:31","guid":{"rendered":"http:\/\/www.24baires.com\/?p=115026"},"modified":"2020-05-15T10:29:31","modified_gmt":"2020-05-15T13:29:31","slug":"kicillof-destaco-el-monitoreo-que-los-intendentes-realizan-en-la-provincia-para-reducir-contagios","status":"publish","type":"post","link":"https:\/\/www.24baires.com\/?p=115026","title":{"rendered":"Kicillof destac\u00f3 el \u201cmonitoreo que los intendentes realizan en la Provincia\u201d para reducir contagios"},"content":{"rendered":"<p><img data-recalc-dims=\"1\" loading=\"lazy\" decoding=\"async\" src=\"https:\/\/i0.wp.com\/www.24baires.com\/wp-content\/uploads\/2020\/05\/kicillof-intendentes-1.jpg?resize=560%2C349\" alt=\"\" width=\"560\" height=\"349\" class=\"aligncenter size-full wp-image-115027\" srcset=\"https:\/\/i0.wp.com\/www.24baires.com\/wp-content\/uploads\/2020\/05\/kicillof-intendentes-1.jpg?w=560&amp;ssl=1 560w, https:\/\/i0.wp.com\/www.24baires.com\/wp-content\/uploads\/2020\/05\/kicillof-intendentes-1.jpg?resize=300%2C187&amp;ssl=1 300w\" sizes=\"auto, (max-width: 560px) 100vw, 560px\" \/>El mandatario bonaerense visit\u00f3 el partido de La Matanza en el marco de los trabajos de prevenci\u00f3n para minimizar la propagaci\u00f3n de covid-19.<!--more--><\/p>\n<p>El gobernador de la provincia de Buenos Aires, Axel Kicillof, visit\u00f3 el Centro de Operaciones Municipal (COM) de La Matanza y fue acompa\u00f1ado por el intendente local, Fernando Espinoza. En la oportunidad, resalt\u00f3 la tarea que llevan adelante los jefes comunales para aplanar la curva de contagios de coronavirus. Asimismo, insisti\u00f3 en que no se flexibiliz\u00f3 la cuarentena.<\/p>\n<p>Kicillof particip\u00f3 de una reuni\u00f3n con el Comit\u00e9 de Emergencia de La Matanza junto el presidente de la Asociaci\u00f3n M\u00e9dica del Hospital de Cl\u00ednicas, Luis Sarotto, m\u00e9dicos, y profesores de la Universidad de Buenos Aires. All\u00ed, detallaron las caracter\u00edsticas de un nuevo software dise\u00f1ado por la UBA para registrar y monitorear a pacientes con covid-19 y casos sospechosos.<\/p>\n<p>Al respecto, el gobernador manifest\u00f3 que \u201cestamos haciendo una tarea inmensa, no solo recuperando el sistema de salud, sino tambi\u00e9n generando la capacidad de detectar los problemas y actuando para que la propagaci\u00f3n del virus sea m\u00e1s lenta en la Provincia\u201d.<\/p>\n<p>Entonces, sostuvo que uno de los factores fundamentales para aplanar la curva de contagios del coronavirus es \u201cel monitoreo que los intendentes realizan en toda la Provincia\u201d.<\/p>\n<p>A su vez, explic\u00f3 que \u201choy en La Matanza, nos mostraron el funcionamiento de un software que geolocaliza a aquel que tiene alg\u00fan s\u00edntoma de COVID y permite contar con una alerta temprana para hacer un seguimiento y actuar de forma adecuada. Es fundamental en la Provincia actuar anticipadamente\u201d.<\/p>\n<p>En cuanto a la cuarentena, Kicillof manifest\u00f3 que \u201chemos decidido no tomar medidas de flexibilidad, sino simplemente autorizar ciertas actividades en casos especiales a pedido de los intendentes dependiendo de la situaci\u00f3n de cada zona y con protocolos muy estrictos\u201d.<\/p>\n<p>\u201c\u00c9sta es nuestra forma de entender la pol\u00edtica y la gesti\u00f3n, desde el trabajo con la comunidad organizada que no es lo mismo que el s\u00e1lvese quien pueda. Esto hoy est\u00e1 teniendo sus frutos\u201d, a\u00f1adi\u00f3.<\/p>\n<p>Tras un convenio firmado entre la Provincia, el Municipio y la Asociaci\u00f3n M\u00e9dica del Hospital de Cl\u00ednicas, las autoridades sanitarias de La Matanza comenzaron a implementar la aplicaci\u00f3n \u201cCOVID Control\u201d con la cual quienes presentan s\u00edntomas son monitoreados y asistidos las 24hs por m\u00e9dicos y especialistas.<\/p>\n<p>Al respecto, Espinoza destac\u00f3 que \u201ccon la utilizaci\u00f3n de la tecnolog\u00eda y de COVID Control estamos optimizando el seguimiento m\u00e9dico y en los barrios m\u00e1s humildes tenemos contagios muy aislados\u201d y record\u00f3 que \u201cel remedio m\u00e1s efectivo sigue siendo que se queden en sus casas\u201d.<\/p>\n","protected":false},"excerpt":{"rendered":"<p>El mandatario bonaerense visit\u00f3 el partido de La Matanza en el marco de los trabajos de prevenci\u00f3n para minimizar la propagaci\u00f3n de covid-19.<\/p>\n","protected":false},"author":8,"featured_media":0,"comment_status":"open","ping_status":"open","sticky":false,"template":"","format":"standard","meta":{"_jetpack_newsletter_access":"","_jetpack_dont_email_post_to_subs":false,"_jetpack_newsletter_tier_id":0,"_jetpack_memberships_contains_paywalled_content":false,"_jetpack_memberships_contains_paid_content":false,"footnotes":""},"categories":[40],"tags":[],"class_list":["post-115026","post","type-post","status-publish","format-standard","hentry","category-provincia"],"jetpack_shortlink":"https:\/\/wp.me\/p2JWE0-tVg","jetpack-related-posts":[{"id":115496,"url":"https:\/\/www.24baires.com\/?p=115496","url_meta":{"origin":115026,"position":0},"title":"\u00abEsperamos que con estas restricciones se empiece a reducir la velocidad de contagio\u00bb","author":"GB","date":"30\/06\/2020","format":false,"excerpt":"El mandatario recorri\u00f3 el centro de aislamiento de pacientes sospechosos de Gonzalez Cat\u00e1n, que alojar\u00e1 a vecinos de esa zona mientras esperan el resultado del hisopado. El gobernador de la provincia de Buenos Aires, Axel Kicillof, visit\u00f3 este lunes, junto al intendente de La Matanza, Fernando Espinoza, el centro de\u2026","rel":"","context":"En \u00abProvincia\u00bb","block_context":{"text":"Provincia","link":"https:\/\/www.24baires.com\/?cat=40"},"img":{"alt_text":"","src":"https:\/\/i0.wp.com\/www.24baires.com\/wp-content\/uploads\/2020\/06\/kicillo-gonzalez-catan.jpeg?resize=350%2C200","width":350,"height":200,"srcset":"https:\/\/i0.wp.com\/www.24baires.com\/wp-content\/uploads\/2020\/06\/kicillo-gonzalez-catan.jpeg?resize=350%2C200 1x, https:\/\/i0.wp.com\/www.24baires.com\/wp-content\/uploads\/2020\/06\/kicillo-gonzalez-catan.jpeg?resize=525%2C300 1.5x"},"classes":[]},{"id":114724,"url":"https:\/\/www.24baires.com\/?p=114724","url_meta":{"origin":115026,"position":1},"title":"El barbijo social obligatorio regir\u00e1 desde el lunes en suelo bonaerense","author":"GB","date":"16\/04\/2020","format":false,"excerpt":"As\u00ed lo inform\u00f3 el Jefe de Gabinete, Carlos Bianco. Es una medida que, igualmente, ya rige en la Ciudad de Buenos Aires y en varios municipios como La Plata , La Matanza y Z\u00e1rate. Kicillof recorri\u00f3 esta ma\u00f1ana Vicente L\u00f3pez. Desde el Gobierno de la Provincia de Buenos Aires, salieron\u2026","rel":"","context":"En \u00abProvincia\u00bb","block_context":{"text":"Provincia","link":"https:\/\/www.24baires.com\/?cat=40"},"img":{"alt_text":"","src":"https:\/\/i0.wp.com\/www.24baires.com\/wp-content\/uploads\/2020\/04\/kicillof-bianco.jpg?resize=350%2C200","width":350,"height":200,"srcset":"https:\/\/i0.wp.com\/www.24baires.com\/wp-content\/uploads\/2020\/04\/kicillof-bianco.jpg?resize=350%2C200 1x, https:\/\/i0.wp.com\/www.24baires.com\/wp-content\/uploads\/2020\/04\/kicillof-bianco.jpg?resize=525%2C300 1.5x"},"classes":[]},{"id":111358,"url":"https:\/\/www.24baires.com\/?p=111358","url_meta":{"origin":115026,"position":2},"title":"\u00abLa Provincia est\u00e1 devastada\u00bb","author":"AF","date":"28\/07\/2019","format":false,"excerpt":"El principal candidato opositor a reemplazar a Mar\u00eda Eugenia Vidal y su candidata a vice definen a la gobernadora y explican planes de emergencia en una provincia que no tiene ballottage. Son de la misma generaci\u00f3n. El ex ministro de Econom\u00eda de CFK Axel Kicillof tiene 47 a\u00f1os y desde\u2026","rel":"","context":"En \u00abPol\u00edtica\u00bb","block_context":{"text":"Pol\u00edtica","link":"https:\/\/www.24baires.com\/?cat=51"},"img":{"alt_text":"","src":"https:\/\/i0.wp.com\/www.24baires.com\/wp-content\/uploads\/2019\/07\/kiciloff-magario.jpg?resize=350%2C200","width":350,"height":200,"srcset":"https:\/\/i0.wp.com\/www.24baires.com\/wp-content\/uploads\/2019\/07\/kiciloff-magario.jpg?resize=350%2C200 1x, https:\/\/i0.wp.com\/www.24baires.com\/wp-content\/uploads\/2019\/07\/kiciloff-magario.jpg?resize=525%2C300 1.5x"},"classes":[]},{"id":108582,"url":"https:\/\/www.24baires.com\/?p=108582","url_meta":{"origin":115026,"position":3},"title":"Fernando Espinoza confirm\u00f3 que ser\u00e1 candidato a intendente de La Matanza","author":"GB","date":"05\/06\/2019","format":false,"excerpt":"El diputado nacional anuncio que volver\u00e1 a competir por la intendencia en su distrito. Pese a una de las opciones era continuar en el Congreso, en el Plenario de la Militancia de La Matanza los representantes de su espacio le pidieron que vaya por el municipio en las pr\u00f3ximas elecciones.\u2026","rel":"","context":"En \u00abMunicipios\u00bb","block_context":{"text":"Municipios","link":"https:\/\/www.24baires.com\/?cat=44"},"img":{"alt_text":"","src":"https:\/\/i0.wp.com\/www.24baires.com\/wp-content\/uploads\/2013\/10\/espinoza.jpg?resize=350%2C200","width":350,"height":200,"srcset":"https:\/\/i0.wp.com\/www.24baires.com\/wp-content\/uploads\/2013\/10\/espinoza.jpg?resize=350%2C200 1x, https:\/\/i0.wp.com\/www.24baires.com\/wp-content\/uploads\/2013\/10\/espinoza.jpg?resize=525%2C300 1.5x"},"classes":[]},{"id":121378,"url":"https:\/\/www.24baires.com\/?p=121378","url_meta":{"origin":115026,"position":4},"title":"\u00abEn el 27 nos vamos a quedar con la provincia de Buenos Aires\u00bb, amenaza Milei","author":"GB","date":"24\/05\/2024","format":false,"excerpt":"El Presidente se mostr\u00f3 confiado en ganar la gobernaci\u00f3n de la Provincia en 2027 y apunt\u00f3 contra el actual gobernador Axel Kicillof. El presidente Javier Milei sostuvo que La Libertad Avanza (LLA) ganar\u00e1 la provincia de Buenos Aires en 2027 y calific\u00f3 al gobernador de Buenos Aires, Axel Kicillof, como\u2026","rel":"","context":"En \u00abPol\u00edtica\u00bb","block_context":{"text":"Pol\u00edtica","link":"https:\/\/www.24baires.com\/?cat=51"},"img":{"alt_text":"","src":"https:\/\/i0.wp.com\/www.24baires.com\/wp-content\/uploads\/2024\/01\/milei-cabwza.webp?resize=350%2C200","width":350,"height":200,"srcset":"https:\/\/i0.wp.com\/www.24baires.com\/wp-content\/uploads\/2024\/01\/milei-cabwza.webp?resize=350%2C200 1x, https:\/\/i0.wp.com\/www.24baires.com\/wp-content\/uploads\/2024\/01\/milei-cabwza.webp?resize=525%2C300 1.5x, https:\/\/i0.wp.com\/www.24baires.com\/wp-content\/uploads\/2024\/01\/milei-cabwza.webp?resize=700%2C400 2x"},"classes":[]},{"id":114935,"url":"https:\/\/www.24baires.com\/?p=114935","url_meta":{"origin":115026,"position":5},"title":"Kicillof recibi\u00f3 a intendentes oficialistas de la Tercera Secci\u00f3n","author":"AF","date":"06\/05\/2020","format":false,"excerpt":"El gobernador estuvo con Fernando Espinoza, Jorge Ferraresi, Juan Jos\u00e9 Mussi, Mario Secco, Mart\u00edn Insaurralde y Mariano Cascallares. El gobernador bonaerense, Axel Kicillof, viene manteniendo una serie de encuentros con intendentes para evaluar la continuidad de la ayuda financiera de la Provincia a los municipios frente a la crisis que\u2026","rel":"","context":"En \u00abProvincia\u00bb","block_context":{"text":"Provincia","link":"https:\/\/www.24baires.com\/?cat=40"},"img":{"alt_text":"","src":"https:\/\/i0.wp.com\/www.24baires.com\/wp-content\/uploads\/2020\/05\/kicillof-intendentes.jpg?resize=350%2C200","width":350,"height":200,"srcset":"https:\/\/i0.wp.com\/www.24baires.com\/wp-content\/uploads\/2020\/05\/kicillof-intendentes.jpg?resize=350%2C200 1x, https:\/\/i0.wp.com\/www.24baires.com\/wp-content\/uploads\/2020\/05\/kicillof-intendentes.jpg?resize=525%2C300 1.5x"},"classes":[]}],"jetpack_sharing_enabled":true,"jetpack_likes_enabled":true,"jetpack_featured_media_url":"","_links":{"self":[{"href":"https:\/\/www.24baires.com\/index.php?rest_route=\/wp\/v2\/posts\/115026","targetHints":{"allow":["GET"]}}],"collection":[{"href":"https:\/\/www.24baires.com\/index.php?rest_route=\/wp\/v2\/posts"}],"about":[{"href":"https:\/\/www.24baires.com\/index.php?rest_route=\/wp\/v2\/types\/post"}],"author":[{"embeddable":true,"href":"https:\/\/www.24baires.com\/index.php?rest_route=\/wp\/v2\/users\/8"}],"replies":[{"embeddable":true,"href":"https:\/\/www.24baires.com\/index.php?rest_route=%2Fwp%2Fv2%2Fcomments&post=115026"}],"version-history":[{"count":1,"href":"https:\/\/www.24baires.com\/index.php?rest_route=\/wp\/v2\/posts\/115026\/revisions"}],"predecessor-version":[{"id":115028,"href":"https:\/\/www.24baires.com\/index.php?rest_route=\/wp\/v2\/posts\/115026\/revisions\/115028"}],"wp:attachment":[{"href":"https:\/\/www.24baires.com\/index.php?rest_route=%2Fwp%2Fv2%2Fmedia&parent=115026"}],"wp:term":[{"taxonomy":"category","embeddable":true,"href":"https:\/\/www.24baires.com\/index.php?rest_route=%2Fwp%2Fv2%2Fcategories&post=115026"},{"taxonomy":"post_tag","embeddable":true,"href":"https:\/\/www.24baires.com\/index.php?rest_route=%2Fwp%2Fv2%2Ftags&post=115026"}],"curies":[{"name":"wp","href":"https:\/\/api.w.org\/{rel}","templated":true}]}}