{"id":115021,"date":"2020-05-14T16:17:42","date_gmt":"2020-05-14T19:17:42","guid":{"rendered":"http:\/\/www.24baires.com\/?p=115021"},"modified":"2020-05-14T18:26:00","modified_gmt":"2020-05-14T21:26:00","slug":"la-inflacion-de-abril-fue-del-15","status":"publish","type":"post","link":"https:\/\/www.24baires.com\/?p=115021","title":{"rendered":"La inflaci\u00f3n de abril fue del 1,5%"},"content":{"rendered":"<p><img data-recalc-dims=\"1\" loading=\"lazy\" decoding=\"async\" src=\"https:\/\/i0.wp.com\/www.24baires.com\/wp-content\/uploads\/2020\/04\/supermercado.jpg?resize=560%2C373\" alt=\"\" width=\"560\" height=\"373\" class=\"aligncenter size-full wp-image-114714\" srcset=\"https:\/\/i0.wp.com\/www.24baires.com\/wp-content\/uploads\/2020\/04\/supermercado.jpg?w=560&amp;ssl=1 560w, https:\/\/i0.wp.com\/www.24baires.com\/wp-content\/uploads\/2020\/04\/supermercado.jpg?resize=300%2C200&amp;ssl=1 300w\" sizes=\"auto, (max-width: 560px) 100vw, 560px\" \/>Las medidas del Gobierno y el parate de la econom\u00eda lograron que el Indice de Precios al Consumidor quede por debajo del 2 por ciento por primera vez desde enero de 2018. El rubro alimentos, sin embargo, escal\u00f3 3,2 por ciento.<!--more--><\/p>\n<p>El \u00edndice de precios al consumidor que calcula el Indec arroj\u00f3 en abril un alza del 1,5 por ciento frente a marzo. El dato de inflaci\u00f3n mensual se ubica por debajo del 2 por ciento por primera vez desde enero de 2018, lo cual responde a la aplicaci\u00f3n de f\u00e9rreos controles de precios en el marco de la crisis de la pandemia del coronavirus y a la limitad\u00edsima oferta de bienes y servicios. <\/p>\n<p>La desaceleraci\u00f3n inflacionaria se explica por la baja del 4,1 por ciento en el rubro comunicaci\u00f3n, a ra\u00edz de la retracci\u00f3n en los precios de los planes prepagos de telefon\u00eda celular y telefon\u00eda fi\u00adja registrada a fi\u00adnes de marzo, como parte del paquete de medidas dispuestas por el gobierno nacional. Tambi\u00e9n cay\u00f3 el rubro de educaci\u00f3n, por la reducci\u00f3n de las cuotas de colegios privados. Sin embargo, el rubro de alimentos y bebidas continu\u00f3 creciendo por encima de la media, con un incremento del 3,2 por ciento. En el primer cuatrimestre, la inflaci\u00f3n a nivel nacional se ubic\u00f3 en el 9,4 por ciento, mientras que la comparaci\u00f3n interanual arroja un alza del 45,6 por ciento.<\/p>\n<p>La crisis del coronavirus motiv\u00f3 la aplicaci\u00f3n de un paquete de medidas inusual en muchos sentidos, con el pago de salarios del sector privado por parte el Estado con un rasgo m\u00e1s saliente. Sin embargo, hubo muchas otras decisiones relevantes en aspectos de la vida econ\u00f3mica y sanitaria. En materia de precios, se aplic\u00f3 un control con una lista de precios m\u00e1ximos vinculados a las listas del 6 de marzo. Adicionalmente, se pospusieron aumentos en servicios p\u00fablicos. Por otro lado, hubo sectores productores de bienes y especialmente de servicios que moderaron o contuvieron subas de precios e incluso aplicaron bajas para enfrentar el desplome de la demanda de los consumidores. La medici\u00f3n en los rubros que el gobierno no defini\u00f3 como \u201cesenciales\u201d qued\u00f3 muy limitada por la escasa oferta.<\/p>\n","protected":false},"excerpt":{"rendered":"<p>Las medidas del Gobierno y el parate de la econom\u00eda lograron que el Indice de Precios al Consumidor quede por debajo del 2 por ciento por primera vez desde enero de 2018. El rubro alimentos, sin embargo, escal\u00f3 3,2 por ciento.<\/p>\n","protected":false},"author":4,"featured_media":0,"comment_status":"open","ping_status":"open","sticky":false,"template":"","format":"standard","meta":{"_jetpack_newsletter_access":"","_jetpack_dont_email_post_to_subs":false,"_jetpack_newsletter_tier_id":0,"_jetpack_memberships_contains_paywalled_content":false,"_jetpack_memberships_contains_paid_content":false,"footnotes":""},"categories":[45],"tags":[],"class_list":["post-115021","post","type-post","status-publish","format-standard","hentry","category-economia"],"jetpack_featured_media_url":"","jetpack_shortlink":"https:\/\/wp.me\/p2JWE0-tVb","jetpack-related-posts":[{"id":113395,"url":"https:\/\/www.24baires.com\/?p=113395","url_meta":{"origin":115021,"position":0},"title":"La inflaci\u00f3n de noviembre fue del 4,3% seg\u00fan el INDEC","author":"AF","date":"12\/12\/2019","format":false,"excerpt":"En lo que va del a\u00f1o, el aumento de precios avanz\u00f3 48,3 por ciento. La comparaci\u00f3n interanual lleg\u00f3 al 52,1 por ciento. Los precios al consumidor (IPC) subieron 4,3% en noviembre de 2019 respecto de octubre pasado, lo que suma un 52,1% interanual (al mismo mes pero de 2018), informaron\u2026","rel":"","context":"En \u00abEconom\u00eda\u00bb","block_context":{"text":"Econom\u00eda","link":"https:\/\/www.24baires.com\/?cat=45"},"img":{"alt_text":"","src":"https:\/\/i0.wp.com\/www.24baires.com\/wp-content\/uploads\/2018\/08\/supermercado.jpg?resize=350%2C200","width":350,"height":200,"srcset":"https:\/\/i0.wp.com\/www.24baires.com\/wp-content\/uploads\/2018\/08\/supermercado.jpg?resize=350%2C200 1x, https:\/\/i0.wp.com\/www.24baires.com\/wp-content\/uploads\/2018\/08\/supermercado.jpg?resize=525%2C300 1.5x"},"classes":[]},{"id":114119,"url":"https:\/\/www.24baires.com\/?p=114119","url_meta":{"origin":115021,"position":1},"title":"La inflaci\u00f3n de enero fue de 2,3% y qued\u00f3 por debajo de lo estimado","author":"AF","date":"13\/02\/2020","format":false,"excerpt":"El Instituto Nacional de Estad\u00edstica y Censos (Indec) se\u00f1al\u00f3 que el \u00edndice fue inferior al de diciembre del 2019, cuando hab\u00eda alcanzado un 3,7%. El Instituto Nacional de Estad\u00edstica y Censos (Indec) inform\u00f3 hoy que el \u00edndice de Precios al Consumidor el primer mes del 2020, fue de 2,3 por\u2026","rel":"","context":"En \u00abSociedad\u00bb","block_context":{"text":"Sociedad","link":"https:\/\/www.24baires.com\/?cat=1"},"img":{"alt_text":"","src":"https:\/\/i0.wp.com\/www.24baires.com\/wp-content\/uploads\/2018\/08\/supermercado.jpg?resize=350%2C200","width":350,"height":200,"srcset":"https:\/\/i0.wp.com\/www.24baires.com\/wp-content\/uploads\/2018\/08\/supermercado.jpg?resize=350%2C200 1x, https:\/\/i0.wp.com\/www.24baires.com\/wp-content\/uploads\/2018\/08\/supermercado.jpg?resize=525%2C300 1.5x"},"classes":[]},{"id":31809,"url":"https:\/\/www.24baires.com\/?p=31809","url_meta":{"origin":115021,"position":2},"title":"La inflaci\u00f3n de agosto fue del 0,8% seg\u00fan datos del INDEC","author":"GB","date":"13\/09\/2013","format":false,"excerpt":"El Costo de Vida avanz\u00f3 esa cifra impulsado por los rubros de Alimentos y Bebidas, y Equipamiento y Mantenimiento del hogar. Adem\u00e1s, el organismo anunci\u00f3 que los precios mayoristas aumentaron 1.1 por ciento en el \u00faltimo mes. En lo que va del a\u00f1o, los precios al consumidor marcaron un avance\u2026","rel":"","context":"En \u00abEconom\u00eda\u00bb","block_context":{"text":"Econom\u00eda","link":"https:\/\/www.24baires.com\/?cat=45"},"img":{"alt_text":"","src":"","width":0,"height":0},"classes":[]},{"id":103291,"url":"https:\/\/www.24baires.com\/?p=103291","url_meta":{"origin":115021,"position":3},"title":"La suba de precios en junio fue del 3,5%","author":"AF","date":"11\/07\/2018","format":false,"excerpt":"El registro de inflaci\u00f3n del mes pasado es el m\u00e1s alto en los \u00faltimos dos a\u00f1os, ya que hay que remontarse hasta mayo de 2016 para encontrar un alza superior. El relevamiento de la UMET arroja una suba interanual del 29,5 por ciento. La suba de precios de junio fue\u2026","rel":"","context":"En \u00abEconom\u00eda\u00bb","block_context":{"text":"Econom\u00eda","link":"https:\/\/www.24baires.com\/?cat=45"},"img":{"alt_text":"","src":"https:\/\/i0.wp.com\/www.24baires.com\/wp-content\/uploads\/2013\/03\/supermercado2.jpg?resize=350%2C200","width":350,"height":200,"srcset":"https:\/\/i0.wp.com\/www.24baires.com\/wp-content\/uploads\/2013\/03\/supermercado2.jpg?resize=350%2C200 1x, https:\/\/i0.wp.com\/www.24baires.com\/wp-content\/uploads\/2013\/03\/supermercado2.jpg?resize=525%2C300 1.5x"},"classes":[]},{"id":120186,"url":"https:\/\/www.24baires.com\/?p=120186","url_meta":{"origin":115021,"position":4},"title":"Seg\u00fan el Indec, la inflaci\u00f3n de mayo fue del 7,8%","author":"AF","date":"14\/06\/2023","format":false,"excerpt":"Seg\u00fan los datos oficiales del Instituto Nacional de Estad\u00edsticas y Censos (Indec), la inflaci\u00f3n minorista de los primeros cinco meses de 2023 fue del 42,2 por ciento. El \u00edndice de precios al consumidor (IPC) subi\u00f3 7,8% en mayo, por debajo del 8,4% que registr\u00f3 en abril pasado, inform\u00f3 este mi\u00e9rcoles\u2026","rel":"","context":"En \u00abEconom\u00eda\u00bb","block_context":{"text":"Econom\u00eda","link":"https:\/\/www.24baires.com\/?cat=45"},"img":{"alt_text":"","src":"https:\/\/i0.wp.com\/www.24baires.com\/wp-content\/uploads\/2023\/06\/supermercado.jpg?resize=350%2C200","width":350,"height":200,"srcset":"https:\/\/i0.wp.com\/www.24baires.com\/wp-content\/uploads\/2023\/06\/supermercado.jpg?resize=350%2C200 1x, https:\/\/i0.wp.com\/www.24baires.com\/wp-content\/uploads\/2023\/06\/supermercado.jpg?resize=525%2C300 1.5x, https:\/\/i0.wp.com\/www.24baires.com\/wp-content\/uploads\/2023\/06\/supermercado.jpg?resize=700%2C400 2x"},"classes":[]},{"id":120965,"url":"https:\/\/www.24baires.com\/?p=120965","url_meta":{"origin":115021,"position":5},"title":"La inflaci\u00f3n de enero fue del 20,6%","author":"AF","date":"14\/02\/2024","format":false,"excerpt":"La inflaci\u00f3n interanual acumulada lleg\u00f3 al 254,2%. En enero, Bienes y Servicios registr\u00f3 un incremento del 44,4 por ciento. El \u00cdndice de Precios al Consumidor (IPC-Costo de Vida) aument\u00f3 durante enero un 20,6%, con lo que la inflaci\u00f3n interanual acumulada lleg\u00f3 al 254,2%, inform\u00f3 el Instituto Nacional de Estad\u00edstica y\u2026","rel":"","context":"En \u00abEconom\u00eda\u00bb","block_context":{"text":"Econom\u00eda","link":"https:\/\/www.24baires.com\/?cat=45"},"img":{"alt_text":"","src":"https:\/\/i0.wp.com\/www.24baires.com\/wp-content\/uploads\/2023\/06\/supermercado.jpg?resize=350%2C200","width":350,"height":200,"srcset":"https:\/\/i0.wp.com\/www.24baires.com\/wp-content\/uploads\/2023\/06\/supermercado.jpg?resize=350%2C200 1x, https:\/\/i0.wp.com\/www.24baires.com\/wp-content\/uploads\/2023\/06\/supermercado.jpg?resize=525%2C300 1.5x, https:\/\/i0.wp.com\/www.24baires.com\/wp-content\/uploads\/2023\/06\/supermercado.jpg?resize=700%2C400 2x"},"classes":[]}],"jetpack_sharing_enabled":true,"jetpack_likes_enabled":true,"_links":{"self":[{"href":"https:\/\/www.24baires.com\/index.php?rest_route=\/wp\/v2\/posts\/115021","targetHints":{"allow":["GET"]}}],"collection":[{"href":"https:\/\/www.24baires.com\/index.php?rest_route=\/wp\/v2\/posts"}],"about":[{"href":"https:\/\/www.24baires.com\/index.php?rest_route=\/wp\/v2\/types\/post"}],"author":[{"embeddable":true,"href":"https:\/\/www.24baires.com\/index.php?rest_route=\/wp\/v2\/users\/4"}],"replies":[{"embeddable":true,"href":"https:\/\/www.24baires.com\/index.php?rest_route=%2Fwp%2Fv2%2Fcomments&post=115021"}],"version-history":[{"count":1,"href":"https:\/\/www.24baires.com\/index.php?rest_route=\/wp\/v2\/posts\/115021\/revisions"}],"predecessor-version":[{"id":115022,"href":"https:\/\/www.24baires.com\/index.php?rest_route=\/wp\/v2\/posts\/115021\/revisions\/115022"}],"wp:attachment":[{"href":"https:\/\/www.24baires.com\/index.php?rest_route=%2Fwp%2Fv2%2Fmedia&parent=115021"}],"wp:term":[{"taxonomy":"category","embeddable":true,"href":"https:\/\/www.24baires.com\/index.php?rest_route=%2Fwp%2Fv2%2Fcategories&post=115021"},{"taxonomy":"post_tag","embeddable":true,"href":"https:\/\/www.24baires.com\/index.php?rest_route=%2Fwp%2Fv2%2Ftags&post=115021"}],"curies":[{"name":"wp","href":"https:\/\/api.w.org\/{rel}","templated":true}]}}