{"id":11495,"date":"2013-01-08T10:34:59","date_gmt":"2013-01-08T13:34:59","guid":{"rendered":"http:\/\/www.24baires.com\/?p=11495"},"modified":"2013-01-08T10:35:05","modified_gmt":"2013-01-08T13:35:05","slug":"la-provincia-lidera-el-ranking-de-muertos-en-accidentes-de-transito-en-2012","status":"publish","type":"post","link":"https:\/\/www.24baires.com\/?p=11495","title":{"rendered":"La Provincia lidera el r\u00e1nking de muertos en accidentes de tr\u00e1nsito en 2012"},"content":{"rendered":"<p><a href=\"http:\/\/www.24baires.com\/sociedad\/11495-la-provincia-lidera-el-ranking-de-muertos-en-accidentes-de-transito-en-2012\/attachment\/accidente-ruta\/\" rel=\"attachment wp-att-11496\"><img data-recalc-dims=\"1\" loading=\"lazy\" decoding=\"async\" class=\"aligncenter size-full wp-image-11496\" alt=\"accidente ruta\" src=\"https:\/\/i0.wp.com\/www.24baires.com\/wp-content\/uploads\/2013\/01\/accidente-ruta.jpg?resize=560%2C314\" width=\"560\" height=\"314\" srcset=\"https:\/\/i0.wp.com\/www.24baires.com\/wp-content\/uploads\/2013\/01\/accidente-ruta.jpg?w=560&amp;ssl=1 560w, https:\/\/i0.wp.com\/www.24baires.com\/wp-content\/uploads\/2013\/01\/accidente-ruta.jpg?resize=300%2C168&amp;ssl=1 300w\" sizes=\"auto, (max-width: 560px) 100vw, 560px\" \/><\/a><\/p>\n<p>La provincia de Buenos Aires encabeza la lista de distritos con mayor cantidad de muertes por accidentes de tr\u00e1nsito, con 2.354 v\u00edctimas, seg\u00fan el informe que realiz\u00f3 la Asociaci\u00f3n Civil Luchemos por la Vida, y que establece las cifras provisorias hasta el 4 de enero.<!--more--><\/p>\n<p>En este sentido, Argentina registr\u00f3 en 2012 un total de 7.485 muertos por accidentes de tr\u00e1nsito, con un promedio diario de 21 muertes y mensual de 624.<\/p>\n<p>Santa Fe y C\u00f3rdoba se ubican en segundo y tercer lugar, con 652 y 521 muertes, mientras en Capital Federal fueron reportadas 98.<\/p>\n<p>&nbsp;<\/p>\n<p>&nbsp;<\/p>\n<p>&nbsp;<\/p>\n<p>&nbsp;<\/p>\n<p>&nbsp;<\/p>\n<p>&nbsp;<\/p>\n<p>&nbsp;<\/p>\n<p>&nbsp;<\/p>\n<p>&nbsp;<\/p>\n<p>&nbsp;<\/p>\n<p>&nbsp;<\/p>\n<p>&nbsp;<\/p>\n<p>&nbsp;<\/p>\n<p>&nbsp;<\/p>\n<p>&nbsp;<\/p>\n<p>&nbsp;<\/p>\n<p>&nbsp;<\/p>\n<p>&nbsp;<\/p>\n<p>&nbsp;<\/p>\n<p>&nbsp;<\/p>\n<p>&nbsp;<\/p>\n<p>&nbsp;<\/p>\n<p>&nbsp;<\/p>\n<p>&nbsp;<\/p>\n<p>&nbsp;<\/p>\n<p>&nbsp;<\/p>\n<p>&nbsp;<\/p>\n<p>&nbsp;<\/p>\n<p>&nbsp;<\/p>\n<p>&nbsp;<\/p>\n<p>&nbsp;<\/p>\n<p>&nbsp;<\/p>\n<p>&nbsp;<\/p>\n<p>&nbsp;<\/p>\n<p>&nbsp;<\/p>\n<p>&nbsp;<\/p>\n<p>&nbsp;<\/p>\n<p>&nbsp;<\/p>\n<p>&nbsp;<\/p>\n<p>&nbsp;<\/p>\n<p>&nbsp;<\/p>\n<p>&nbsp;<\/p>\n<p>&nbsp;<\/p>\n<p>&nbsp;<\/p>\n<p>&nbsp;<\/p>\n<p>&nbsp;<\/p>\n","protected":false},"excerpt":{"rendered":"<p>La provincia de Buenos Aires encabeza la lista de distritos con mayor cantidad de muertes por accidentes de tr\u00e1nsito, con 2.354 v\u00edctimas, seg\u00fan el informe que realiz\u00f3 la Asociaci\u00f3n Civil Luchemos por la Vida, y que establece las cifras provisorias hasta el 4 de enero.<\/p>\n","protected":false},"author":4,"featured_media":0,"comment_status":"open","ping_status":"open","sticky":false,"template":"","format":"standard","meta":{"_jetpack_newsletter_access":"","_jetpack_dont_email_post_to_subs":false,"_jetpack_newsletter_tier_id":0,"_jetpack_memberships_contains_paywalled_content":false,"_jetpack_memberships_contains_paid_content":false,"footnotes":""},"categories":[1],"tags":[],"class_list":["post-11495","post","type-post","status-publish","format-standard","hentry","category-sociedad"],"jetpack_featured_media_url":"","jetpack_shortlink":"https:\/\/wp.me\/p2JWE0-2Zp","jetpack-related-posts":[{"id":23986,"url":"https:\/\/www.24baires.com\/?p=23986","url_meta":{"origin":11495,"position":0},"title":"21 personas por d\u00eda murieron en 2012 en accidentes de tr\u00e1nsito en el pa\u00eds","author":"Grupo Sierra","date":"20\/05\/2013","format":false,"excerpt":"\u201cCreemos que la mayor\u00eda no cree que est\u00e1 cumpliendo una funci\u00f3n de riesgo, cuando conduce, camina o anda en bicicleta. Pero hablamos de peatones o conductores cuando hay que entender que hablamos de personas\u201d, se\u00f1al\u00f3 un integrante de Luchemos por la Vida. Durante el a\u00f1o pasado murieron 7.500 personas en\u2026","rel":"","context":"En \u00abSociedad\u00bb","block_context":{"text":"Sociedad","link":"https:\/\/www.24baires.com\/?cat=1"},"img":{"alt_text":"accidentes viales","src":"https:\/\/i0.wp.com\/www.24baires.com\/wp-content\/uploads\/2013\/05\/accidentes-viales1.jpg?resize=350%2C200","width":350,"height":200,"srcset":"https:\/\/i0.wp.com\/www.24baires.com\/wp-content\/uploads\/2013\/05\/accidentes-viales1.jpg?resize=350%2C200 1x, https:\/\/i0.wp.com\/www.24baires.com\/wp-content\/uploads\/2013\/05\/accidentes-viales1.jpg?resize=525%2C300 1.5x"},"classes":[]},{"id":87620,"url":"https:\/\/www.24baires.com\/?p=87620","url_meta":{"origin":11495,"position":1},"title":"Proponen retener licencia de conducir de causantes de accidentes graves","author":"AF","date":"16\/09\/2016","format":false,"excerpt":"Un diputado de Cambiemos solicit\u00f3 a trav\u00e9s de un proyecto de ley para retener la licencia de conducir a quienes provoquen accidentes de tr\u00e1nsito graves. La iniciativa, presentada por el diputado Marcelo Daletto, propone retener la licencia de conducir a quienes provoquen accidentes de tr\u00e1nsito que dejen como consecuencia muertes\u2026","rel":"","context":"En \u00abLocales\u00bb","block_context":{"text":"Locales","link":"https:\/\/www.24baires.com\/?cat=38"},"img":{"alt_text":"accidentes viales","src":"https:\/\/i0.wp.com\/www.24baires.com\/wp-content\/uploads\/2013\/05\/accidentes-viales1-300x180.jpg?resize=350%2C200","width":350,"height":200},"classes":[]},{"id":103221,"url":"https:\/\/www.24baires.com\/?p=103221","url_meta":{"origin":11495,"position":2},"title":"Mar del Plata propone \u201ctolerancia 0\u201d de alcohol para los conductores","author":"GB","date":"07\/07\/2018","format":false,"excerpt":"El proyecto de ordenanza del ejecutivo municipal baja de 0,5 a 0 la tolerancia, adem\u00e1s se establecen multas, inhabilitaci\u00f3n para conducir y el secuestro del veh\u00edculo por 80 d\u00edas. Seg\u00fan una encuesta, la mayor\u00eda de los marplatenses apoya la medida. Carlos Arroyo, intendente de Mar del Plata, elev\u00f3 el proyecto\u2026","rel":"","context":"En \u00abPol\u00edtica\u00bb","block_context":{"text":"Pol\u00edtica","link":"https:\/\/www.24baires.com\/?cat=51"},"img":{"alt_text":"","src":"https:\/\/i0.wp.com\/www.24baires.com\/wp-content\/uploads\/2013\/09\/control-alcoholemia.jpg?resize=350%2C200","width":350,"height":200,"srcset":"https:\/\/i0.wp.com\/www.24baires.com\/wp-content\/uploads\/2013\/09\/control-alcoholemia.jpg?resize=350%2C200 1x, https:\/\/i0.wp.com\/www.24baires.com\/wp-content\/uploads\/2013\/09\/control-alcoholemia.jpg?resize=525%2C300 1.5x"},"classes":[]},{"id":112130,"url":"https:\/\/www.24baires.com\/?p=112130","url_meta":{"origin":11495,"position":3},"title":"Docentes har\u00e1n un paro nacional por la muerte de dos maestras en Chubut","author":"GB","date":"18\/09\/2019","format":false,"excerpt":"La medida se tom\u00f3 tras el fallecimiento de dos docentes en un choque cuando volv\u00edan de manifestarse por el conflicto provincial. El secretario general adjunto de la Ctera, Roberto Baradel, anticip\u00f3 este mi\u00e9rcoles que los docentes realizar\u00e1n una \"jornada de luto y una medida de fuerza nacional\" por el fallecimiento\u2026","rel":"","context":"En \u00abPol\u00edtica\u00bb","block_context":{"text":"Pol\u00edtica","link":"https:\/\/www.24baires.com\/?cat=51"},"img":{"alt_text":"","src":"https:\/\/i0.wp.com\/www.24baires.com\/wp-content\/uploads\/2018\/10\/baradel.jpg?resize=350%2C200","width":350,"height":200,"srcset":"https:\/\/i0.wp.com\/www.24baires.com\/wp-content\/uploads\/2018\/10\/baradel.jpg?resize=350%2C200 1x, https:\/\/i0.wp.com\/www.24baires.com\/wp-content\/uploads\/2018\/10\/baradel.jpg?resize=525%2C300 1.5x"},"classes":[]},{"id":56992,"url":"https:\/\/www.24baires.com\/?p=56992","url_meta":{"origin":11495,"position":4},"title":"Aument\u00f3 un 44,8% el n\u00famero de v\u00edctimas mortales en accidentes de  tr\u00e1nsito","author":"AF","date":"12\/11\/2014","format":false,"excerpt":"El n\u00famero de v\u00edctimas mortales en accidentes de tr\u00e1nsito en el pa\u00eds durante octubre aument\u00f3 un 44,8 por ciento en comparaci\u00f3n con el mismo mes del a\u00f1o pasado, de acuerdo a datos del Instituto de Seguridad y Educaci\u00f3n Vial. Contrastando respecto a ese mes pero del a\u00f1o pasado, seg\u00fan el\u2026","rel":"","context":"En \u00abSociedad\u00bb","block_context":{"text":"Sociedad","link":"https:\/\/www.24baires.com\/?cat=1"},"img":{"alt_text":"","src":"","width":0,"height":0},"classes":[]},{"id":41446,"url":"https:\/\/www.24baires.com\/?p=41446","url_meta":{"origin":11495,"position":5},"title":"Dos muertos en un choque en la ruta 9, a la altura de San Pedro","author":"Grupo Sierra","date":"03\/03\/2014","format":false,"excerpt":"SAN PEDRO- El siniestro tuvo lugar a la altura del kil\u00f3metro 164, mano a Rosario. En circunstancias que a\u00fan est\u00e1n siendo determinadas, un Renault Logan color gris perdi\u00f3 el control y termin\u00f3 volcando. A ra\u00edz del impacto, hay un hombre y una mujer fallecidos. Bomberos de la zona trabajan en\u2026","rel":"","context":"En \u00abLocales\u00bb","block_context":{"text":"Locales","link":"https:\/\/www.24baires.com\/?cat=38"},"img":{"alt_text":"choque san pedro","src":"https:\/\/i0.wp.com\/www.24baires.com\/wp-content\/uploads\/2014\/03\/choque-san-pedro.jpg?resize=350%2C200","width":350,"height":200,"srcset":"https:\/\/i0.wp.com\/www.24baires.com\/wp-content\/uploads\/2014\/03\/choque-san-pedro.jpg?resize=350%2C200 1x, https:\/\/i0.wp.com\/www.24baires.com\/wp-content\/uploads\/2014\/03\/choque-san-pedro.jpg?resize=525%2C300 1.5x"},"classes":[]}],"jetpack_sharing_enabled":true,"jetpack_likes_enabled":true,"_links":{"self":[{"href":"https:\/\/www.24baires.com\/index.php?rest_route=\/wp\/v2\/posts\/11495","targetHints":{"allow":["GET"]}}],"collection":[{"href":"https:\/\/www.24baires.com\/index.php?rest_route=\/wp\/v2\/posts"}],"about":[{"href":"https:\/\/www.24baires.com\/index.php?rest_route=\/wp\/v2\/types\/post"}],"author":[{"embeddable":true,"href":"https:\/\/www.24baires.com\/index.php?rest_route=\/wp\/v2\/users\/4"}],"replies":[{"embeddable":true,"href":"https:\/\/www.24baires.com\/index.php?rest_route=%2Fwp%2Fv2%2Fcomments&post=11495"}],"version-history":[{"count":3,"href":"https:\/\/www.24baires.com\/index.php?rest_route=\/wp\/v2\/posts\/11495\/revisions"}],"predecessor-version":[{"id":11499,"href":"https:\/\/www.24baires.com\/index.php?rest_route=\/wp\/v2\/posts\/11495\/revisions\/11499"}],"wp:attachment":[{"href":"https:\/\/www.24baires.com\/index.php?rest_route=%2Fwp%2Fv2%2Fmedia&parent=11495"}],"wp:term":[{"taxonomy":"category","embeddable":true,"href":"https:\/\/www.24baires.com\/index.php?rest_route=%2Fwp%2Fv2%2Fcategories&post=11495"},{"taxonomy":"post_tag","embeddable":true,"href":"https:\/\/www.24baires.com\/index.php?rest_route=%2Fwp%2Fv2%2Ftags&post=11495"}],"curies":[{"name":"wp","href":"https:\/\/api.w.org\/{rel}","templated":true}]}}