{"id":114895,"date":"2020-05-04T10:28:49","date_gmt":"2020-05-04T13:28:49","guid":{"rendered":"http:\/\/www.24baires.com\/?p=114895"},"modified":"2020-05-04T10:28:49","modified_gmt":"2020-05-04T13:28:49","slug":"ya-se-pueden-tramitar-los-creditos-a-tasa-cero","status":"publish","type":"post","link":"https:\/\/www.24baires.com\/?p=114895","title":{"rendered":"Ya se pueden tramitar los cr\u00e9ditos a Tasa Cero"},"content":{"rendered":"<p><img data-recalc-dims=\"1\" loading=\"lazy\" decoding=\"async\" src=\"https:\/\/i0.wp.com\/www.24baires.com\/wp-content\/uploads\/2020\/04\/afip.jpg?resize=560%2C349\" alt=\"\" width=\"560\" height=\"349\" class=\"aligncenter size-full wp-image-114875\" srcset=\"https:\/\/i0.wp.com\/www.24baires.com\/wp-content\/uploads\/2020\/04\/afip.jpg?w=560&amp;ssl=1 560w, https:\/\/i0.wp.com\/www.24baires.com\/wp-content\/uploads\/2020\/04\/afip.jpg?resize=300%2C187&amp;ssl=1 300w\" sizes=\"auto, (max-width: 560px) 100vw, 560px\" \/>La inscripci\u00f3n se realiza a trav\u00e9s de la p\u00e1gina de la AFIP y los interesados tendr\u00e1n tiempo hasta el 29 de mayo inclusive para realizar el tr\u00e1mite<!--more--><\/p>\n<p>A partir de este lunes y hasta el 29 de mayo los monotributistas y aut\u00f3nomos que cumplan con los requisitos establecidos por el gobierno naconal podr\u00e1n solicitar un cr\u00e9dito a tasa de inter\u00e9s cero por hasta $ 150.000, en el marco del Programa de Asistencia de Emergencia a la Producci\u00f3n y el Trabajo (ATP) que busca mitigar la crisis econ\u00f3mica que provoc\u00f3 el coronavirus.<\/p>\n<p>Podr\u00e1n acceder los monostributista sy aut\u00f3nomos que no trabajen en relaci\u00f3n de dependencia, que no le factures mas del 70% de sus ingresos al Estado, o que en el per\u00edodo que va desde el 12 de marzo ap 12 de abril hubieran facturado una sifra mayor al promedio de su categor\u00eda, seg\u00fan los registros de la AFIP.<\/p>\n<p>Paso a paso<br \/>\n1- Ingreso a la pesta\u00f1a \u00abCr\u00e9dtios a Tasa Cero\u00bb en la web de la AFIP, donde se informar\u00e1 si el contribuyente est\u00e1 encondicones de solicitarlo.<br \/>\n2- En caso de poder realizar la incripci\u00f3n, se deber\u00e1n cargar los datos, que van desde el monto solicitado, el CBU, tarjeta asociada a esa cuenta en la que se acreditar\u00e1 el monto solicitado.<br \/>\n3- Para quienes no posean tarjeta se crear\u00e1n mecanismos para que puedan utilizar el cr\u00e9dito.<br \/>\n4- Solicitar el \u00abStop Debit\u00bb de ls per\u00edodos fiscales que se c\u00e1ncelen con el cr\u00e9dito solicitado.<br \/>\n5- Finalizado el tr\u00e1mite, en 48 horas el cr\u00e9ditos estar\u00e1 disponible como \u00abfinanciaci\u00f3n\u00bb en la tarjeta de cr\u00e9dito.<\/p>\n","protected":false},"excerpt":{"rendered":"<p>La inscripci\u00f3n se realiza a trav\u00e9s de la p\u00e1gina de la AFIP y los interesados tendr\u00e1n tiempo hasta el 29 de mayo inclusive para realizar el tr\u00e1mite<\/p>\n","protected":false},"author":8,"featured_media":0,"comment_status":"open","ping_status":"open","sticky":false,"template":"","format":"standard","meta":{"_jetpack_newsletter_access":"","_jetpack_dont_email_post_to_subs":false,"_jetpack_newsletter_tier_id":0,"_jetpack_memberships_contains_paywalled_content":false,"_jetpack_memberships_contains_paid_content":false,"footnotes":""},"categories":[45],"tags":[],"class_list":["post-114895","post","type-post","status-publish","format-standard","hentry","category-economia"],"jetpack_featured_media_url":"","jetpack_shortlink":"https:\/\/wp.me\/p2JWE0-tT9","jetpack-related-posts":[{"id":114874,"url":"https:\/\/www.24baires.com\/?p=114874","url_meta":{"origin":114895,"position":0},"title":"AFIP oficializ\u00f3 la modalidad de tr\u00e1mite para cr\u00e9ditos a tasa cero","author":"GB","date":"30\/04\/2020","format":false,"excerpt":"La l\u00ednea destinada a monotributistas y aut\u00f3nomos que vieron afectada su facturaci\u00f3n por la cuarentena, estar\u00e1 disponibles a partir del lunes 4 hasta el viernes 29 de mayo. La Administraci\u00f3n Federal de Ingresos P\u00fablicos (AFIP) oficializ\u00f3 este jueves mediante la Resoluci\u00f3n General 4707\/2020 publicada en el Bolet\u00edn Oficial, que detalla\u2026","rel":"","context":"En \u00abPol\u00edtica\u00bb","block_context":{"text":"Pol\u00edtica","link":"https:\/\/www.24baires.com\/?cat=51"},"img":{"alt_text":"","src":"https:\/\/i0.wp.com\/www.24baires.com\/wp-content\/uploads\/2020\/04\/afip.jpg?resize=350%2C200","width":350,"height":200,"srcset":"https:\/\/i0.wp.com\/www.24baires.com\/wp-content\/uploads\/2020\/04\/afip.jpg?resize=350%2C200 1x, https:\/\/i0.wp.com\/www.24baires.com\/wp-content\/uploads\/2020\/04\/afip.jpg?resize=525%2C300 1.5x"},"classes":[]},{"id":115561,"url":"https:\/\/www.24baires.com\/?p=115561","url_meta":{"origin":114895,"position":1},"title":"Ampl\u00edan el universo de beneficiarios de cr\u00e9ditos a tasa 0","author":"AF","date":"06\/07\/2020","format":false,"excerpt":"La l\u00ednea est\u00e1 orientada a monotributistas cuya facturaci\u00f3n haya ca\u00eddo como consencuencia de la pandemia de coronavirus Covid-19. El gobierno de Alberto Fern\u00e1ndez modific\u00f3 los per\u00edodos de facturaci\u00f3n considerados para otorgar los cr\u00e9ditos a tasa cero a monotributistas y trabajadores aut\u00f3nomos, de manera de ampliar el universo de beneficiarios. As\u00ed\u2026","rel":"","context":"En \u00abSociedad\u00bb","block_context":{"text":"Sociedad","link":"https:\/\/www.24baires.com\/?cat=1"},"img":{"alt_text":"","src":"https:\/\/i0.wp.com\/www.24baires.com\/wp-content\/uploads\/2020\/04\/afip.jpg?resize=350%2C200","width":350,"height":200,"srcset":"https:\/\/i0.wp.com\/www.24baires.com\/wp-content\/uploads\/2020\/04\/afip.jpg?resize=350%2C200 1x, https:\/\/i0.wp.com\/www.24baires.com\/wp-content\/uploads\/2020\/04\/afip.jpg?resize=525%2C300 1.5x"},"classes":[]},{"id":114758,"url":"https:\/\/www.24baires.com\/?p=114758","url_meta":{"origin":114895,"position":2},"title":"El gobierno amplia la asistencia econ\u00f3mica para llegar a Pymes y sectores medios","author":"GB","date":"20\/04\/2020","format":false,"excerpt":"Se habilitar\u00e1n cr\u00e9ditos a \"Tasa Cero\" para aut\u00f3nomos y monotributistas y se crear\u00e1 un \"complementario\" para el sector privado El presidente Alberto Fen\u00e1ndez firm\u00f3 un decreto que amplia la asistencia econ\u00f3mica dele Estado Nacional, para abarcar Pymes, aut\u00f3nomos y monotributistas, que hab\u00edan quedado afuera de los programas de ayuda impelmentados\u2026","rel":"","context":"En \u00abEconom\u00eda\u00bb","block_context":{"text":"Econom\u00eda","link":"https:\/\/www.24baires.com\/?cat=45"},"img":{"alt_text":"","src":"","width":0,"height":0},"classes":[]},{"id":34304,"url":"https:\/\/www.24baires.com\/?p=34304","url_meta":{"origin":114895,"position":3},"title":"AFIP adecu\u00f3 aportes de monotributo y de trabajadores aut\u00f3nomos","author":"AF","date":"29\/10\/2013","format":false,"excerpt":"La Administraci\u00f3n Federal de Ingresos P\u00fablicos (AFIP) adecu\u00f3 hoy el monto de las contribuciones fijas del R\u00e9gimen Simplificado para Peque\u00f1os Contribuyentes (monotributo). El organismo recaudador elev\u00f3, por otra parte, en 14,41% el aporte de los trabajadores aut\u00f3nomos y de empleados con altos salarios, en aplicaci\u00f3n de la movilidad semestral de\u2026","rel":"","context":"En \u00abEconom\u00eda\u00bb","block_context":{"text":"Econom\u00eda","link":"https:\/\/www.24baires.com\/?cat=45"},"img":{"alt_text":"","src":"","width":0,"height":0},"classes":[]},{"id":93445,"url":"https:\/\/www.24baires.com\/?p=93445","url_meta":{"origin":114895,"position":4},"title":"Macri asegur\u00f3 que el pa\u00eds est\u00e1 creciendo, pero reconoci\u00f3 que \u00ablentamente\u00bb","author":"AF","date":"30\/03\/2017","format":false,"excerpt":"El presidente Mauricio Macri afirm\u00f3 que \u201clentamente, pero estamos creciendo, necesitamos crecer m\u00e1s porque hay mucha gente que todav\u00eda no lo siente, no la est\u00e1 pasando bien, pero tenemos que transmitirle que estamos convencido que este es el camino\u201d. El presidente Mauricio Macri visit\u00f3 este jueves una pyme de helados\u2026","rel":"","context":"En \u00abPol\u00edtica\u00bb","block_context":{"text":"Pol\u00edtica","link":"https:\/\/www.24baires.com\/?cat=51"},"img":{"alt_text":"","src":"https:\/\/i0.wp.com\/www.24baires.com\/wp-content\/uploads\/2017\/02\/macri-conferencia.jpg?resize=350%2C200","width":350,"height":200,"srcset":"https:\/\/i0.wp.com\/www.24baires.com\/wp-content\/uploads\/2017\/02\/macri-conferencia.jpg?resize=350%2C200 1x, https:\/\/i0.wp.com\/www.24baires.com\/wp-content\/uploads\/2017\/02\/macri-conferencia.jpg?resize=525%2C300 1.5x"},"classes":[]},{"id":117166,"url":"https:\/\/www.24baires.com\/?p=117166","url_meta":{"origin":114895,"position":5},"title":"Detectan irregularidades en beneficiarios del ATP y se recuperar\u00e1n los fondos","author":"AF","date":"10\/02\/2021","format":false,"excerpt":"Para acceder al ATP las empresas no deb\u00edan operar en el mercado de capitales, repartir dividendos ni realizar erogaciones a para\u00edsos fiscales. El Gobierno detect\u00f3 irregularidades en beneficiarios del Programa de Asistencia de Emergencia al Trabajo y a la Producci\u00f3n (ATP) que no cumplieron con las condiciones establecidas para su\u2026","rel":"","context":"En \u00abSociedad\u00bb","block_context":{"text":"Sociedad","link":"https:\/\/www.24baires.com\/?cat=1"},"img":{"alt_text":"","src":"https:\/\/i0.wp.com\/www.24baires.com\/wp-content\/uploads\/2018\/11\/industria.jpg?resize=350%2C200","width":350,"height":200,"srcset":"https:\/\/i0.wp.com\/www.24baires.com\/wp-content\/uploads\/2018\/11\/industria.jpg?resize=350%2C200 1x, https:\/\/i0.wp.com\/www.24baires.com\/wp-content\/uploads\/2018\/11\/industria.jpg?resize=525%2C300 1.5x"},"classes":[]}],"jetpack_sharing_enabled":true,"jetpack_likes_enabled":true,"_links":{"self":[{"href":"https:\/\/www.24baires.com\/index.php?rest_route=\/wp\/v2\/posts\/114895","targetHints":{"allow":["GET"]}}],"collection":[{"href":"https:\/\/www.24baires.com\/index.php?rest_route=\/wp\/v2\/posts"}],"about":[{"href":"https:\/\/www.24baires.com\/index.php?rest_route=\/wp\/v2\/types\/post"}],"author":[{"embeddable":true,"href":"https:\/\/www.24baires.com\/index.php?rest_route=\/wp\/v2\/users\/8"}],"replies":[{"embeddable":true,"href":"https:\/\/www.24baires.com\/index.php?rest_route=%2Fwp%2Fv2%2Fcomments&post=114895"}],"version-history":[{"count":1,"href":"https:\/\/www.24baires.com\/index.php?rest_route=\/wp\/v2\/posts\/114895\/revisions"}],"predecessor-version":[{"id":114896,"href":"https:\/\/www.24baires.com\/index.php?rest_route=\/wp\/v2\/posts\/114895\/revisions\/114896"}],"wp:attachment":[{"href":"https:\/\/www.24baires.com\/index.php?rest_route=%2Fwp%2Fv2%2Fmedia&parent=114895"}],"wp:term":[{"taxonomy":"category","embeddable":true,"href":"https:\/\/www.24baires.com\/index.php?rest_route=%2Fwp%2Fv2%2Fcategories&post=114895"},{"taxonomy":"post_tag","embeddable":true,"href":"https:\/\/www.24baires.com\/index.php?rest_route=%2Fwp%2Fv2%2Ftags&post=114895"}],"curies":[{"name":"wp","href":"https:\/\/api.w.org\/{rel}","templated":true}]}}