{"id":114843,"date":"2020-04-27T16:30:04","date_gmt":"2020-04-27T19:30:04","guid":{"rendered":"http:\/\/www.24baires.com\/?p=114843"},"modified":"2020-04-27T17:00:36","modified_gmt":"2020-04-27T20:00:36","slug":"un-grupo-de-acreedores-rechazo-la-oferta-de-canje-de-kicillof","status":"publish","type":"post","link":"https:\/\/www.24baires.com\/?p=114843","title":{"rendered":"Un grupo de acreedores rechaz\u00f3 la oferta de canje de Kicillof"},"content":{"rendered":"<p><img data-recalc-dims=\"1\" loading=\"lazy\" decoding=\"async\" src=\"https:\/\/i0.wp.com\/www.24baires.com\/wp-content\/uploads\/2018\/07\/d%C3%B3lar.jpg?resize=560%2C314\" alt=\"\" width=\"560\" height=\"314\" class=\"aligncenter size-full wp-image-103255\" srcset=\"https:\/\/i0.wp.com\/www.24baires.com\/wp-content\/uploads\/2018\/07\/d%C3%B3lar.jpg?w=560&amp;ssl=1 560w, https:\/\/i0.wp.com\/www.24baires.com\/wp-content\/uploads\/2018\/07\/d%C3%B3lar.jpg?resize=300%2C168&amp;ssl=1 300w\" sizes=\"auto, (max-width: 560px) 100vw, 560px\" \/>El 40% de los tenedores de deuda rechaz\u00f3 la propuesta del gobierno bonaerense.\u00bbNo representa la verdadera capacidad de pago\u201d de la Provincia, aseguraron.<!--more--><\/p>\n<p>Un grupo de acreedores de la provincia de Buenos Aires rechaz\u00f3 la propuesta de renegociaci\u00f3n de la deuda que present\u00f3 la semana pasada el gobierno de Axel Kicillof, pidi\u00f3 que negocie con el comit\u00e9 y advirti\u00f3 que sobre sus consecuencias.<\/p>\n<p>\u201cLamentablemente, en lugar de entablar negociaciones con el comit\u00e9, la Provincia opt\u00f3 por lanzar una oferta de intercambio que no se basa en pol\u00edticas cre\u00edbles que los acreedores puedan apoyar\u201d, manifestaron desde el comit\u00e9 de acreedores.<\/p>\n<p>En ese sentido, el comit\u00e9 que tiene el 40% de los bonos, advirti\u00f3 sobre las consecuencias. \u00abEsta postura probablemente haga fracasar la reestructuraci\u00f3n, llevando a una potencial cesaci\u00f3n de pagos y un prolongado per\u00edodo de incertidumbre que inhibir\u00e1 la inversi\u00f3n y la recuperaci\u00f3n econ\u00f3mica de la Provincia\u00bb, informaron.<\/p>\n<p>En l\u00ednea con la oferta realizada a nivel nacional por el ministro Mart\u00edn Guzm\u00e1n, en Provincia, Kicillof propuso que los nuevos t\u00edtulos tendr\u00e1n 3 a\u00f1os de gracia total (2020, 2021 y 2022), y comenzar\u00e1n a pagar un cup\u00f3n de inter\u00e9s promedio inicial en 2023 de 1,97%, que se incrementar\u00e1 escalonadamente en el tiempo hasta un cup\u00f3n m\u00e1ximo de 5,375% a partir de 2026, para las opciones en d\u00f3lares, y 3,875% para los euros.<\/p>\n<p>Para los acreedores  \u201clos t\u00e9rminos de la oferta no reflejan la verdadera capacidad de pago de la Provincia, no dando lugar a una soluci\u00f3n consensuada\u201d. En este marco, la Provincia podr\u00eda entrar en default el 1 de mayo.<\/p>\n<p>Los acreedores reconocieron \u00ablas dificultades que atraviesa la Provincia y por ello ha presentado propuestas que abordan los desaf\u00edos de corto plazo, proporcionando m\u00e1s de 3.300 millones de d\u00f3lares de alivio del servicio de la deuda externa en los pr\u00f3ximos cuatro a\u00f1os\u00bb.<\/p>\n","protected":false},"excerpt":{"rendered":"<p>El 40% de los tenedores de deuda rechaz\u00f3 la propuesta del gobierno bonaerense.\u00bbNo representa la verdadera capacidad de pago\u201d de la Provincia, aseguraron.<\/p>\n","protected":false},"author":4,"featured_media":0,"comment_status":"open","ping_status":"open","sticky":false,"template":"","format":"standard","meta":{"_jetpack_newsletter_access":"","_jetpack_dont_email_post_to_subs":false,"_jetpack_newsletter_tier_id":0,"_jetpack_memberships_contains_paywalled_content":false,"_jetpack_memberships_contains_paid_content":false,"footnotes":""},"categories":[45,40],"tags":[],"class_list":["post-114843","post","type-post","status-publish","format-standard","hentry","category-economia","category-provincia"],"jetpack_featured_media_url":"","jetpack_shortlink":"https:\/\/wp.me\/p2JWE0-tSj","jetpack-related-posts":[{"id":115250,"url":"https:\/\/www.24baires.com\/?p=115250","url_meta":{"origin":114843,"position":0},"title":"Kicillof extiende la negociaci\u00f3n hasta el 19 de junio","author":"GB","date":"05\/06\/2020","format":false,"excerpt":"El gobernador bonaerense posterg\u00f3 por tercera vez el plazo para negociar con los bonistas. La administraci\u00f3n bonaerense, volvi\u00f3 a extender el plazo del vencimiento de la oferta de canje de la deuda p\u00fablica bajo la legislaci\u00f3n extranjera para suscribir al canje de USD7.148 millones hasta el 19 de junio. Si\u2026","rel":"","context":"En \u00abProvincia\u00bb","block_context":{"text":"Provincia","link":"https:\/\/www.24baires.com\/?cat=40"},"img":{"alt_text":"","src":"https:\/\/i0.wp.com\/www.24baires.com\/wp-content\/uploads\/2020\/04\/kicillof.jpeg?resize=350%2C200","width":350,"height":200,"srcset":"https:\/\/i0.wp.com\/www.24baires.com\/wp-content\/uploads\/2020\/04\/kicillof.jpeg?resize=350%2C200 1x, https:\/\/i0.wp.com\/www.24baires.com\/wp-content\/uploads\/2020\/04\/kicillof.jpeg?resize=525%2C300 1.5x"},"classes":[]},{"id":113899,"url":"https:\/\/www.24baires.com\/?p=113899","url_meta":{"origin":114843,"position":1},"title":"La Provincia extiende el plazo para seguir con la negociaci\u00f3n de la deuda","author":"AF","date":"22\/01\/2020","format":false,"excerpt":"El Gobierno bonaerense no consigui\u00f3 un acuerdo con los acreedores y se tomar\u00e1 nueve d\u00edas m\u00e1s para seguir con las negociaciones. Sin acuerdo con los acreedores, el gobierno de Axel Kicillof logr\u00f3 entendi\u00f3 hasta el 31 de enero las negociaciones, en busca de ganar tiempo para que los tenedores de\u2026","rel":"","context":"En \u00abProvincia\u00bb","block_context":{"text":"Provincia","link":"https:\/\/www.24baires.com\/?cat=40"},"img":{"alt_text":"","src":"https:\/\/i0.wp.com\/www.24baires.com\/wp-content\/uploads\/2019\/08\/kicillof-1.jpg?resize=350%2C200","width":350,"height":200,"srcset":"https:\/\/i0.wp.com\/www.24baires.com\/wp-content\/uploads\/2019\/08\/kicillof-1.jpg?resize=350%2C200 1x, https:\/\/i0.wp.com\/www.24baires.com\/wp-content\/uploads\/2019\/08\/kicillof-1.jpg?resize=525%2C300 1.5x"},"classes":[]},{"id":113944,"url":"https:\/\/www.24baires.com\/?p=113944","url_meta":{"origin":114843,"position":2},"title":"Acreedores proponen que Provincia haga un pago parcial del bono","author":"GB","date":"29\/01\/2020","format":false,"excerpt":"Bonistas le presentaron al ministerio de Econom\u00eda bonaerense una alternativa para resguardar las finanzas propias y las de la \u00f3rbita provincial. Un grupo de acreedores le propuso al Gobierno bonaerense que pague al menos una parte del capital del bono 2021 para evitar un default en ocho d\u00edas. Allegados a\u2026","rel":"","context":"En \u00abEconom\u00eda\u00bb","block_context":{"text":"Econom\u00eda","link":"https:\/\/www.24baires.com\/?cat=45"},"img":{"alt_text":"","src":"https:\/\/i0.wp.com\/www.24baires.com\/wp-content\/uploads\/2019\/11\/kicillof.jpg?resize=350%2C200","width":350,"height":200,"srcset":"https:\/\/i0.wp.com\/www.24baires.com\/wp-content\/uploads\/2019\/11\/kicillof.jpg?resize=350%2C200 1x, https:\/\/i0.wp.com\/www.24baires.com\/wp-content\/uploads\/2019\/11\/kicillof.jpg?resize=525%2C300 1.5x"},"classes":[]},{"id":114772,"url":"https:\/\/www.24baires.com\/?p=114772","url_meta":{"origin":114843,"position":3},"title":"Kicillof presenta la oferta para reestructurar la deuda","author":"GB","date":"21\/04\/2020","format":false,"excerpt":"La propuesta va en la misma l\u00ednea que la realizada por el Gobierno nacional. El gobernador bonaerense, Axel Kicillof, ultima con su ministro de Hacienda los detalles para la presentarle a los bonistas, en la jornada de hoy, la propuesta de reestructuraci\u00f3n de la deuda provincial por m\u00e1s de 7.100\u2026","rel":"","context":"En \u00abProvincia\u00bb","block_context":{"text":"Provincia","link":"https:\/\/www.24baires.com\/?cat=40"},"img":{"alt_text":"","src":"https:\/\/i0.wp.com\/www.24baires.com\/wp-content\/uploads\/2020\/04\/kicillof.jpg?resize=350%2C200","width":350,"height":200,"srcset":"https:\/\/i0.wp.com\/www.24baires.com\/wp-content\/uploads\/2020\/04\/kicillof.jpg?resize=350%2C200 1x, https:\/\/i0.wp.com\/www.24baires.com\/wp-content\/uploads\/2020\/04\/kicillof.jpg?resize=525%2C300 1.5x"},"classes":[]},{"id":113795,"url":"https:\/\/www.24baires.com\/?p=113795","url_meta":{"origin":114843,"position":4},"title":"\u00abLo que Vidal dej\u00f3 es insuficiente para afrontar los vencimientos de deuda\u00bb","author":"AF","date":"14\/01\/2020","format":false,"excerpt":"El gobernador bonaerense ratific\u00f3 la voluntad de pago de la Provincia y adhiri\u00f3 a la estrategia de Naci\u00f3n de reperfilar los vencimientos de capital sin quita de intereses. El gobernador de la provincia de Buenos Aires, Axel Kicillof, explic\u00f3 el alcance de la propuesta que presentaron a los tenedores del\u2026","rel":"","context":"En \u00abProvincia\u00bb","block_context":{"text":"Provincia","link":"https:\/\/www.24baires.com\/?cat=40"},"img":{"alt_text":"","src":"https:\/\/i0.wp.com\/www.24baires.com\/wp-content\/uploads\/2019\/11\/kicillof.jpg?resize=350%2C200","width":350,"height":200,"srcset":"https:\/\/i0.wp.com\/www.24baires.com\/wp-content\/uploads\/2019\/11\/kicillof.jpg?resize=350%2C200 1x, https:\/\/i0.wp.com\/www.24baires.com\/wp-content\/uploads\/2019\/11\/kicillof.jpg?resize=525%2C300 1.5x"},"classes":[]},{"id":114042,"url":"https:\/\/www.24baires.com\/?p=114042","url_meta":{"origin":114843,"position":5},"title":"Fern\u00e1ndez respald\u00f3 la decisi\u00f3n de Kicillof de pagarle a los acreedores","author":"AF","date":"06\/02\/2020","format":false,"excerpt":"\"Es una decisi\u00f3n que yo comparto\", expres\u00f3 el Presidente. El presidente de la Naci\u00f3n, Alberto Fern\u00e1ndez, respald\u00f3 la decisi\u00f3n del gobernador bonaerense, Axel Kicillof de pagar el vencimiento de los bonos. \"Es una decisi\u00f3n que yo comparto\", resalt\u00f3. \"Lo que pas\u00f3 en la provincia de Buenos Aires es una decisi\u00f3n\u2026","rel":"","context":"En \u00abPol\u00edtica\u00bb","block_context":{"text":"Pol\u00edtica","link":"https:\/\/www.24baires.com\/?cat=51"},"img":{"alt_text":"","src":"https:\/\/i0.wp.com\/www.24baires.com\/wp-content\/uploads\/2020\/02\/dcdb96128a4b649856226733e974cd7e.jpg?resize=350%2C200","width":350,"height":200,"srcset":"https:\/\/i0.wp.com\/www.24baires.com\/wp-content\/uploads\/2020\/02\/dcdb96128a4b649856226733e974cd7e.jpg?resize=350%2C200 1x, https:\/\/i0.wp.com\/www.24baires.com\/wp-content\/uploads\/2020\/02\/dcdb96128a4b649856226733e974cd7e.jpg?resize=525%2C300 1.5x"},"classes":[]}],"jetpack_sharing_enabled":true,"jetpack_likes_enabled":true,"_links":{"self":[{"href":"https:\/\/www.24baires.com\/index.php?rest_route=\/wp\/v2\/posts\/114843","targetHints":{"allow":["GET"]}}],"collection":[{"href":"https:\/\/www.24baires.com\/index.php?rest_route=\/wp\/v2\/posts"}],"about":[{"href":"https:\/\/www.24baires.com\/index.php?rest_route=\/wp\/v2\/types\/post"}],"author":[{"embeddable":true,"href":"https:\/\/www.24baires.com\/index.php?rest_route=\/wp\/v2\/users\/4"}],"replies":[{"embeddable":true,"href":"https:\/\/www.24baires.com\/index.php?rest_route=%2Fwp%2Fv2%2Fcomments&post=114843"}],"version-history":[{"count":1,"href":"https:\/\/www.24baires.com\/index.php?rest_route=\/wp\/v2\/posts\/114843\/revisions"}],"predecessor-version":[{"id":114844,"href":"https:\/\/www.24baires.com\/index.php?rest_route=\/wp\/v2\/posts\/114843\/revisions\/114844"}],"wp:attachment":[{"href":"https:\/\/www.24baires.com\/index.php?rest_route=%2Fwp%2Fv2%2Fmedia&parent=114843"}],"wp:term":[{"taxonomy":"category","embeddable":true,"href":"https:\/\/www.24baires.com\/index.php?rest_route=%2Fwp%2Fv2%2Fcategories&post=114843"},{"taxonomy":"post_tag","embeddable":true,"href":"https:\/\/www.24baires.com\/index.php?rest_route=%2Fwp%2Fv2%2Ftags&post=114843"}],"curies":[{"name":"wp","href":"https:\/\/api.w.org\/{rel}","templated":true}]}}