{"id":114816,"date":"2020-04-24T12:00:20","date_gmt":"2020-04-24T15:00:20","guid":{"rendered":"http:\/\/www.24baires.com\/?p=114816"},"modified":"2020-04-24T11:36:33","modified_gmt":"2020-04-24T14:36:33","slug":"el-fmi-recomienda-aplicar-un-impuesto-a-las-grandes-fortunas","status":"publish","type":"post","link":"https:\/\/www.24baires.com\/?p=114816","title":{"rendered":"El FMI recomienda aplicar un impuesto a las grandes fortunas"},"content":{"rendered":"<p><img data-recalc-dims=\"1\" loading=\"lazy\" decoding=\"async\" src=\"https:\/\/i0.wp.com\/www.24baires.com\/wp-content\/uploads\/2016\/04\/fmi.jpg?resize=560%2C362\" alt=\"\" width=\"560\" height=\"362\" class=\"aligncenter size-full wp-image-81554\" srcset=\"https:\/\/i0.wp.com\/www.24baires.com\/wp-content\/uploads\/2016\/04\/fmi.jpg?w=560&amp;ssl=1 560w, https:\/\/i0.wp.com\/www.24baires.com\/wp-content\/uploads\/2016\/04\/fmi.jpg?resize=300%2C194&amp;ssl=1 300w\" sizes=\"auto, (max-width: 560px) 100vw, 560px\" \/>El organismo multilateral de cr\u00e9dito realiz\u00f3 una serie de recomendaciones para enfrentar la pandemia global generada por el nuevo coronavirus y en uno de sus puntos sugiere aplicar un impuesto a las principales fortunas. Juntos por el Cambio sigue insistiendo con su postura interna de rechazar el proyecto en defensa de los tenedores de las grandes sumas en Argentina.<!--more--><\/p>\n<p>El Fondo Monetario Internacional que comanda Kristalina Georgieva realiz\u00f3 una sugerencia clara respecto a las formas de combatir los efectos econ\u00f3micos generados por el coronavirus y entre ellas se destaca la anuencia a aplicar un impuesto a las grandes fortunas tal como propone la bancada del Frente de Todos en Diputados.<\/p>\n<p>El periodista Horacio Verbitsky coment\u00f3 en el programa radial Habr\u00e1 Consencuencias que le enviaron \u00abuna nota de una revista norteamericana que se llama Business Insider donde informa que el FMI recomienda aumentar impuestos a la riqueza\u00bb y agreg\u00f3 que \u00aben el punto 4 del documento del FMI dice que hay que asegurar los ingresos. Y que hay que aumentar los impuestos a la riqueza y con eso promover la solidaridad\u00bb.<\/p>\n<p>As\u00ed se ve en dicha publicaci\u00f3n que el FMI le sugiere a los gobiernos que aumenten los impuestos a la riqueza para solventar la lucha contra el COVID-19. Esto no hace m\u00e1s que exponer que las decisiones que toman desde Juntos por el Cambio, y el nucleo duro del macrismo en especial, est\u00e1 hasta fuera de las recomendaciones del organismo multilateral de cr\u00e9dito.<\/p>\n<p>\u00abConsidere aumentar las tasas m\u00e1s altas de impuesto a la renta \/ impuestos a la propiedad \/ riqueza de mayor nivel, tal vez a trav\u00e9s de un recargo solidario. Los bajos precios del petr\u00f3leo actualmente permiten mayores impuestos al combustible sin aumentar los precios al consumidor\u00bb, se\u00f1ala el punto 4 del mencionado documento.<\/p>\n","protected":false},"excerpt":{"rendered":"<p>El organismo multilateral de cr\u00e9dito realiz\u00f3 una serie de recomendaciones para enfrentar la pandemia global generada por el nuevo coronavirus y en uno de sus puntos sugiere aplicar un impuesto a las principales fortunas. Juntos por el Cambio sigue insistiendo con su postura interna de rechazar el proyecto en defensa de los tenedores de las grandes sumas en Argentina.<\/p>\n","protected":false},"author":8,"featured_media":0,"comment_status":"open","ping_status":"open","sticky":false,"template":"","format":"standard","meta":{"_jetpack_newsletter_access":"","_jetpack_dont_email_post_to_subs":false,"_jetpack_newsletter_tier_id":0,"_jetpack_memberships_contains_paywalled_content":false,"_jetpack_memberships_contains_paid_content":false,"footnotes":""},"categories":[45],"tags":[],"class_list":["post-114816","post","type-post","status-publish","format-standard","hentry","category-economia"],"jetpack_featured_media_url":"","jetpack_shortlink":"https:\/\/wp.me\/p2JWE0-tRS","jetpack-related-posts":[{"id":115501,"url":"https:\/\/www.24baires.com\/?p=115501","url_meta":{"origin":114816,"position":0},"title":"Trenque Lauquen aprob\u00f3 su propio impuesto a la riqueza","author":"GB","date":"30\/06\/2020","format":false,"excerpt":"El Concejo Deliberante apro\u00f3 una contribuci\u00f3n extraordinaria para las grandes fortunas. Los fondos recaudados ser\u00e1n utilizados para enfrentar la pandemia por coronavirus. \"Montar un centro extrahospitalario y que la gente est\u00e9 en buenas condiciones, sale plata\", argument\u00f3 el jefe comunal de Juntos por el Cambio, Miguel Fern\u00e1ndez. El distrito de\u2026","rel":"","context":"En \u00abMunicipios\u00bb","block_context":{"text":"Municipios","link":"https:\/\/www.24baires.com\/?cat=44"},"img":{"alt_text":"","src":"https:\/\/i0.wp.com\/www.24baires.com\/wp-content\/uploads\/2020\/06\/trenque-lauquen-300x188.jpg?resize=350%2C200","width":350,"height":200},"classes":[]},{"id":116756,"url":"https:\/\/www.24baires.com\/?p=116756","url_meta":{"origin":114816,"position":1},"title":"El proyecto de Aporte Solidario obtuvo dictamen y est\u00e1 listo para el debate en sesi\u00f3n","author":"AF","date":"24\/11\/2020","format":false,"excerpt":"La iniciativa que prev\u00e9 recaudar $300 mil millones fue dictaminada luego de una breve intervenci\u00f3n de la titular de AFIP, Mercedes Marco del Pont. Tras ser aprobado la semana pasada en la C\u00e1mara de Diputados, el proyecto de ley de Aporte Solidario y Extraordinario de grandes fortunas obtuvo dictamen de\u2026","rel":"","context":"En \u00abSociedad\u00bb","block_context":{"text":"Sociedad","link":"https:\/\/www.24baires.com\/?cat=1"},"img":{"alt_text":"","src":"https:\/\/i0.wp.com\/www.24baires.com\/wp-content\/uploads\/2020\/11\/el-senado-comenzara-tratar-la-ley-del-aporte-extraordinario-el-martes-300x225.jpg?resize=350%2C200","width":350,"height":200},"classes":[]},{"id":116096,"url":"https:\/\/www.24baires.com\/?p=116096","url_meta":{"origin":114816,"position":2},"title":"El oficialismo presenta el impuesto a las grandes fortunas","author":"AF","date":"28\/08\/2020","format":false,"excerpt":"Esta tarde el Frente De Todos ingresar\u00e1 el proyecto en la C\u00e1mara de Diputados que prev\u00e9 un gravamen por \u00fanica vez. El proyecto que presentar\u00e1 esta tarde el bloque del Frente de Todos en Diputados propone crear, por \u00fanica vez, un impuesto a los patrimonios que superen los 200 millones\u2026","rel":"","context":"En \u00abPol\u00edtica\u00bb","block_context":{"text":"Pol\u00edtica","link":"https:\/\/www.24baires.com\/?cat=51"},"img":{"alt_text":"","src":"https:\/\/i0.wp.com\/www.24baires.com\/wp-content\/uploads\/2020\/08\/congreso.jpg?resize=350%2C200","width":350,"height":200,"srcset":"https:\/\/i0.wp.com\/www.24baires.com\/wp-content\/uploads\/2020\/08\/congreso.jpg?resize=350%2C200 1x, https:\/\/i0.wp.com\/www.24baires.com\/wp-content\/uploads\/2020\/08\/congreso.jpg?resize=525%2C300 1.5x"},"classes":[]},{"id":116778,"url":"https:\/\/www.24baires.com\/?p=116778","url_meta":{"origin":114816,"position":3},"title":"La UIA sigue buscando evitar el impuesto a las grandes fortunas","author":"AF","date":"27\/11\/2020","format":false,"excerpt":"","rel":"","context":"En \u00abSociedad\u00bb","block_context":{"text":"Sociedad","link":"https:\/\/www.24baires.com\/?cat=1"},"img":{"alt_text":"","src":"https:\/\/i0.wp.com\/www.24baires.com\/wp-content\/uploads\/2020\/08\/uia-cgt.jpg?resize=350%2C200","width":350,"height":200,"srcset":"https:\/\/i0.wp.com\/www.24baires.com\/wp-content\/uploads\/2020\/08\/uia-cgt.jpg?resize=350%2C200 1x, https:\/\/i0.wp.com\/www.24baires.com\/wp-content\/uploads\/2020\/08\/uia-cgt.jpg?resize=525%2C300 1.5x"},"classes":[]},{"id":64804,"url":"https:\/\/www.24baires.com\/?p=64804","url_meta":{"origin":114816,"position":4},"title":"Califican como \u00abejemplificadora\u00bb a la sanci\u00f3n impuesta a Movistar","author":"AF","date":"24\/04\/2015","format":false,"excerpt":"Afirmaron que las sanciones impuestas por la Comisi\u00f3n nacional de Comunicaciones (CNC) a la empresa son \u201cejemplificadoras\u201d y cumple con el objetivo de hacer valor los derechos de usuarios del servicio de telefon\u00eda m\u00f3vil. La CNC dio a conocer la sanci\u00f3n a la empresa Movistar por irregularidades en la comunicaci\u00f3n\u2026","rel":"","context":"En \u00abSociedad\u00bb","block_context":{"text":"Sociedad","link":"https:\/\/www.24baires.com\/?cat=1"},"img":{"alt_text":"celulares cooperativos","src":"https:\/\/i0.wp.com\/www.24baires.com\/wp-content\/uploads\/2012\/09\/celulares-cooperativos.jpg?resize=350%2C200","width":350,"height":200,"srcset":"https:\/\/i0.wp.com\/www.24baires.com\/wp-content\/uploads\/2012\/09\/celulares-cooperativos.jpg?resize=350%2C200 1x, https:\/\/i0.wp.com\/www.24baires.com\/wp-content\/uploads\/2012\/09\/celulares-cooperativos.jpg?resize=525%2C300 1.5x"},"classes":[]},{"id":116724,"url":"https:\/\/www.24baires.com\/?p=116724","url_meta":{"origin":114816,"position":5},"title":"Alberto Fern\u00e1ndez impulsa medidas para reactivar a las pymes","author":"GB","date":"18\/11\/2020","format":false,"excerpt":"El presidente, Alberto Fern\u00e1ndez, encabezar\u00e1 un acto para presentar el Plan de Reactivaci\u00f3n e Inclusi\u00f3n Financiera para Pymes. El presidente Alberto Fern\u00e1ndez encabezar\u00e1 este mi\u00e9rcoles 18 de noviembre el acto de lanzamiento del Plan de Reactivaci\u00f3n e Inclusi\u00f3n Financiera para Pymes. La actividad ser\u00e1 luego de que el Frente de\u2026","rel":"","context":"En \u00abPol\u00edtica\u00bb","block_context":{"text":"Pol\u00edtica","link":"https:\/\/www.24baires.com\/?cat=51"},"img":{"alt_text":"","src":"https:\/\/i0.wp.com\/www.24baires.com\/wp-content\/uploads\/2020\/08\/alberto-fern%C3%A1ndez.jpg?resize=350%2C200","width":350,"height":200,"srcset":"https:\/\/i0.wp.com\/www.24baires.com\/wp-content\/uploads\/2020\/08\/alberto-fern%C3%A1ndez.jpg?resize=350%2C200 1x, https:\/\/i0.wp.com\/www.24baires.com\/wp-content\/uploads\/2020\/08\/alberto-fern%C3%A1ndez.jpg?resize=525%2C300 1.5x"},"classes":[]}],"jetpack_sharing_enabled":true,"jetpack_likes_enabled":true,"_links":{"self":[{"href":"https:\/\/www.24baires.com\/index.php?rest_route=\/wp\/v2\/posts\/114816","targetHints":{"allow":["GET"]}}],"collection":[{"href":"https:\/\/www.24baires.com\/index.php?rest_route=\/wp\/v2\/posts"}],"about":[{"href":"https:\/\/www.24baires.com\/index.php?rest_route=\/wp\/v2\/types\/post"}],"author":[{"embeddable":true,"href":"https:\/\/www.24baires.com\/index.php?rest_route=\/wp\/v2\/users\/8"}],"replies":[{"embeddable":true,"href":"https:\/\/www.24baires.com\/index.php?rest_route=%2Fwp%2Fv2%2Fcomments&post=114816"}],"version-history":[{"count":1,"href":"https:\/\/www.24baires.com\/index.php?rest_route=\/wp\/v2\/posts\/114816\/revisions"}],"predecessor-version":[{"id":114817,"href":"https:\/\/www.24baires.com\/index.php?rest_route=\/wp\/v2\/posts\/114816\/revisions\/114817"}],"wp:attachment":[{"href":"https:\/\/www.24baires.com\/index.php?rest_route=%2Fwp%2Fv2%2Fmedia&parent=114816"}],"wp:term":[{"taxonomy":"category","embeddable":true,"href":"https:\/\/www.24baires.com\/index.php?rest_route=%2Fwp%2Fv2%2Fcategories&post=114816"},{"taxonomy":"post_tag","embeddable":true,"href":"https:\/\/www.24baires.com\/index.php?rest_route=%2Fwp%2Fv2%2Ftags&post=114816"}],"curies":[{"name":"wp","href":"https:\/\/api.w.org\/{rel}","templated":true}]}}